{"id":127019,"date":"2025-10-18T00:12:26","date_gmt":"2025-10-18T00:12:26","guid":{"rendered":"https:\/\/kamucalisani.net\/?p=127019"},"modified":"2025-10-18T00:12:26","modified_gmt":"2025-10-18T00:12:26","slug":"honda-ve-renesas-yeni-nesil-araclar-icin-cip-ortakligina-imza-atti","status":"publish","type":"post","link":"https:\/\/kamucalisani.net\/index.php\/2025\/10\/18\/honda-ve-renesas-yeni-nesil-araclar-icin-cip-ortakligina-imza-atti\/","title":{"rendered":"Honda ve Renesas, yeni nesil ara\u00e7lar i\u00e7in \u00e7ip ortakl\u0131\u011f\u0131na imza att\u0131"},"content":{"rendered":"<p><figure> <span> <img decoding=\"async\" src=\"https:\/\/kamucalisani.net\/wp-content\/uploads\/2025\/10\/honda-ve-renesas-yeni-nesil-araclar-icin-cip-ortakligina-imza-atti-0-A439DsKG.jpg\"\/> <\/span> <strong>Honda Motor <\/strong>ve<strong> Renesas Electronics Corporation<\/strong>, yaz\u0131l\u0131m tan\u0131ml\u0131 ara\u00e7lar (SDV) i\u00e7in y\u00fcksek performansl\u0131 bir <strong>\u00e7ip <\/strong>(SoC) geli\u015ftirmek amac\u0131yla i\u015f birli\u011fi anla\u015fmas\u0131 imzalad\u0131klar\u0131n\u0131 CES 2025 kapsam\u0131nda duyurdu. S\u00f6z konusu \u00e7ip, Honda&#8217;n\u0131n yeni elektrikli ara\u00e7 (EV) serisi olan Honda 0 (Zero) Serisi&#8217;nde, \u00f6zellikle de 2020&#8217;lerin sonlar\u0131nda piyasaya s\u00fcr\u00fclecek modellerde kullan\u0131lacak. <\/figure>\n<p><b>Her \u015feye h\u00fckmedecek tek bir ECU<\/b><\/p>\n<p>Honda, Zero serisi alt\u0131nda Honda 0 SUV ve Honda 0 Saloon prototiplerini k\u0131sa bir s\u00fcre \u00f6nce tan\u0131tt\u0131. Yaz\u0131l\u0131m tan\u0131ml\u0131 olan bu ara\u00e7lar, Seviye 3 gibi geli\u015fmi\u015f otonom s\u00fcr\u00fc\u015f teknolojilerine sahip olacak. Honda ve Renesas ortakl\u0131\u011f\u0131 ise bu seride geleneksel sistemlerde bulunan birden fazla elektronik kontrol \u00fcnitesi (ECU) yerine, t\u00fcm ara\u00e7 i\u015flevlerini <strong>tek bir merkezi ECU<\/strong>&#8216;da birle\u015ftiren bir mimari geli\u015ftirmeyi hedefliyor.<\/p>\n<figure> <span> <img decoding=\"async\" src=\"https:\/\/kamucalisani.net\/wp-content\/uploads\/2025\/10\/honda-ve-renesas-yeni-nesil-araclar-icin-cip-ortakligina-imza-atti-1-4vaX14h9.jpg\"\/> <\/span> Honda, bu yeni merkezi ECU&#8217;sunun, Geli\u015fmi\u015f S\u00fcr\u00fcc\u00fc Destek Sistemlerinden (ADAS), g\u00fc\u00e7 aktarma organlar\u0131na ve konfor \u00f6zelliklerinin yan\u0131 s\u0131ra yapay zekaya kadar her \u015feyi idare edece\u011fini ve bunun da t\u00fcm bu i\u015flem talebini ayn\u0131 anda kar\u015f\u0131layabilecek bir \u00e7ip gerektirece\u011fini s\u00f6yl\u00fcyor. Renesas ortakl\u0131\u011f\u0131 da burada devreye giriyor. <\/figure>\n<p>Renesas\u2019\u0131n R-Car \u00e7\u00f6z\u00fcmleri, \u00e7oklu chiplet teknolojisinden faydalanarak \u00f6zelle\u015ftirilebiliyor ve yapay zeka h\u0131zland\u0131r\u0131c\u0131lar\u0131n\u0131 SoC&#8217;ye entegre ederek daha y\u00fcksek AI performans\u0131 sa\u011fl\u0131yor.<\/p>\n<p>Honda ve Renesas, Honda\u2019n\u0131n SDV vizyonunu ger\u00e7ekle\u015ftirmek i\u00e7in <strong>TSMC\u2019nin 3 nm<\/strong> s\u00fcre\u00e7 teknolojisini kullanarak, y\u00fcksek performansl\u0131 ve enerji tasarruflu bir SoC geli\u015ftirme karar\u0131 ald\u0131. Bu yeni SoC, Renesas\u2019\u0131n be\u015finci nesil (Gen 5) R-Car X5 SoC serisini, Honda taraf\u0131ndan ba\u011f\u0131ms\u0131z olarak geli\u015ftirilen AI yaz\u0131l\u0131m\u0131na optimize edilmi\u015f bir yapay zeka h\u0131zland\u0131r\u0131c\u0131 ile birle\u015ftirecek. B\u00f6ylece, geli\u015fmi\u015f s\u00fcr\u00fc\u015f i\u015flevleri ve otonom sistemler i\u00e7in gerekli olan AI performans\u0131 sa\u011flan\u0131rken, g\u00fc\u00e7 t\u00fcketimi d\u00fc\u015f\u00fck tutulacak.<\/p>\n\n<p>Kaynak\u00a0 :\u00a0<span style=\"background-color: rgb(255, 249, 236); color: rgb(55, 58, 60); font-size: 14px;\">https:\/\/www.donanimhaber.com\/honda-ve-renesas-yeni-nesil-araclar-icin-cip-ortakligi-kurdu&#8211;186280<\/span><\/p>\n","protected":false},"excerpt":{"rendered":"<p>Honda Motor ve Renesas Electronics Corporation, yaz\u0131l\u0131m tan\u0131ml\u0131 ara\u00e7lar (SDV) i\u00e7in y\u00fcksek performansl\u0131 bir \u00e7ip (SoC) geli\u015ftirmek amac\u0131yla i\u015f birli\u011fi anla\u015fmas\u0131 imzalad\u0131klar\u0131n\u0131 CES 2025 kapsam\u0131nda duyurdu. S\u00f6z konusu \u00e7ip, Honda&#8217;n\u0131n yeni elektrikli &#8230;<\/p>\n","protected":false},"author":1,"featured_media":127020,"comment_status":"open","ping_status":"open","sticky":false,"template":"","format":"standard","meta":{"footnotes":""},"categories":[8],"tags":[8449,8451,8450,506],"class_list":["post-127019","post","type-post","status-publish","format-standard","has-post-thumbnail","hentry","category-teknoloji","tag-honda","tag-renesas","tag-soc","tag-tek"],"_links":{"self":[{"href":"https:\/\/kamucalisani.net\/index.php\/wp-json\/wp\/v2\/posts\/127019","targetHints":{"allow":["GET"]}}],"collection":[{"href":"https:\/\/kamucalisani.net\/index.php\/wp-json\/wp\/v2\/posts"}],"about":[{"href":"https:\/\/kamucalisani.net\/index.php\/wp-json\/wp\/v2\/types\/post"}],"author":[{"embeddable":true,"href":"https:\/\/kamucalisani.net\/index.php\/wp-json\/wp\/v2\/users\/1"}],"replies":[{"embeddable":true,"href":"https:\/\/kamucalisani.net\/index.php\/wp-json\/wp\/v2\/comments?post=127019"}],"version-history":[{"count":1,"href":"https:\/\/kamucalisani.net\/index.php\/wp-json\/wp\/v2\/posts\/127019\/revisions"}],"predecessor-version":[{"id":127023,"href":"https:\/\/kamucalisani.net\/index.php\/wp-json\/wp\/v2\/posts\/127019\/revisions\/127023"}],"wp:featuredmedia":[{"embeddable":true,"href":"https:\/\/kamucalisani.net\/index.php\/wp-json\/wp\/v2\/media\/127020"}],"wp:attachment":[{"href":"https:\/\/kamucalisani.net\/index.php\/wp-json\/wp\/v2\/media?parent=127019"}],"wp:term":[{"taxonomy":"category","embeddable":true,"href":"https:\/\/kamucalisani.net\/index.php\/wp-json\/wp\/v2\/categories?post=127019"},{"taxonomy":"post_tag","embeddable":true,"href":"https:\/\/kamucalisani.net\/index.php\/wp-json\/wp\/v2\/tags?post=127019"}],"curies":[{"name":"wp","href":"https:\/\/api.w.org\/{rel}","templated":true}]}}