{"id":127084,"date":"2025-10-18T03:25:14","date_gmt":"2025-10-18T03:25:14","guid":{"rendered":"https:\/\/kamucalisani.net\/?p=127084"},"modified":"2025-10-18T03:25:14","modified_gmt":"2025-10-18T03:25:14","slug":"2025te-siber-saldirilarin-kuresel-faturasi-10-trilyon-dolari-asacak","status":"publish","type":"post","link":"https:\/\/kamucalisani.net\/index.php\/2025\/10\/18\/2025te-siber-saldirilarin-kuresel-faturasi-10-trilyon-dolari-asacak\/","title":{"rendered":"2025\u2019te siber sald\u0131r\u0131lar\u0131n k\u00fcresel faturas\u0131 10 trilyon dolar\u0131 a\u015facak"},"content":{"rendered":"<p><figure> <span> <img decoding=\"async\" src=\"https:\/\/kamucalisani.net\/wp-content\/uploads\/2025\/10\/2025te-siber-saldirilarin-kuresel-faturasi-10-trilyon-dolari-asacak-0-Vte2yODz.jpg\"\/> <\/span> Dijitalle\u015fmenin birlikte verilerimiz hi\u00e7 olmad\u0131\u011f\u0131 kadar b\u00fcy\u00fck \u00f6nem ta\u015f\u0131maya ba\u015flad\u0131. Verinin \u00f6nemli hale gelmesiyle birlikte <strong>siber sald\u0131r\u0131<\/strong> say\u0131s\u0131 da \u00f6nemli miktarda art\u0131\u015f g\u00f6steriyor. KOBIL CEO\u2019su \u0130smet Koyun, 2025\u2019te ger\u00e7ekle\u015fmesi muhtemel siber sald\u0131r\u0131 miktar\u0131n\u0131 ve Cumhurba\u015fkanl\u0131\u011f\u0131 b\u00fcnyesinde <strong>Siber G\u00fcvenlik Ba\u015fkanl\u0131\u011f\u0131<\/strong> kurulmas\u0131 hakk\u0131ndaki g\u00f6r\u00fc\u015flerini a\u00e7\u0131klad\u0131. <\/figure>\n<p>KOBIL CEO\u2019su \u0130smet Koyun, T\u00fcrkiye\u2019de <strong>Siber G\u00fcvenlik Ba\u015fkanl\u0131\u011f\u0131<\/strong> kurulmas\u0131 ile ilgili olarak, \u201cHer \u00fclkenin hava, kara ve deniz kuvvetleri gibi, siber koruma kuvvetleri olmal\u0131. Datas\u0131n\u0131 koruyamayan \u00fclkesini koruyamaz. Siber g\u00fcvenlik, yaln\u0131zca veri merkezlerini korumakla s\u0131n\u0131rl\u0131 olmamal\u0131; bu i\u015f 360 derece bir yakla\u015f\u0131m gerektirir. Bu vesileyle kurulan Siber G\u00fcvenlik Ba\u015fkanl\u0131\u011f\u0131\u2019n\u0131n \u00fclkemize hay\u0131rl\u0131 olmas\u0131n\u0131 diliyorum\u201d ifadelerini kulland\u0131.<\/p>\n<p>Koyun\u2019un a\u00e7\u0131klamalar\u0131na g\u00f6re d\u00fcnya \u00e7ap\u0131nda siber sald\u0131r\u0131lar\u0131n neden oldu\u011fu zarar\u0131n faturas\u0131 2024 y\u0131l\u0131nda 9 trilyon olarak kay\u0131tlara ge\u00e7ti. 2025 y\u0131l\u0131nda ise siber sald\u0131r\u0131lar\u0131n artmas\u0131 ve k\u00fcresel \u00e7apta\u00a0<strong>10,5 trilyon dolar <\/strong>zarara yol a\u00e7mas\u0131 bekleniyor.<\/p>\n<p>KOBIL yurt d\u0131\u015f\u0131nda Raiffeisen, DATEV, Alman Federal Meclisi, Soci\u00e9t\u00e9 G\u00e9n\u00e9rale, Airbus gibi bir\u00e7ok dev \u015firkete hizmet sa\u011fl\u0131yor. T\u00fcrkiye\u2019de ise Mercan, \u0130stanbul Senin ve Worms gibi SuperApp\u2019lere yaz\u0131l\u0131msal altyap\u0131 sa\u011fl\u0131yor. Bu sistemlerde siber g\u00fcvenli\u011fe \u00f6nem verildi\u011fi belirtiliyor.<\/p>\n<p><b>\u00dcretim ekosistemi en \u00e7ok siber sald\u0131r\u0131 alan sekt\u00f6r oldu<\/b><\/p>\n<p><strong>D\u00fcnya Ekonomi Forumu<\/strong> raporuna g\u00f6re, \u00fcretim ekosisteminde ba\u011flant\u0131 ve veri \u015feffafl\u0131\u011f\u0131ndaki art\u0131\u015f ile risklerin de artt\u0131\u011f\u0131 belirtiliyor. \u00dcretim sekt\u00f6r\u00fcn\u00fcn \u00fc\u00e7 y\u0131l \u00fcst \u00fcste siber sald\u0131r\u0131lar\u0131n hedefinin merkezinde yer ald\u0131\u011f\u0131 ifade ediliyor. Siber sald\u0131r\u0131lar\u0131n artmas\u0131yla sekt\u00f6rde yetenekli ve uzman ki\u015filere ihtiya\u00e7 a\u00e7\u0131\u011f\u0131 da daha fazla ortaya \u00e7\u0131km\u0131\u015f durumda. Rapora g\u00f6re k\u00fcresel \u00e7apta 4 milyon siber g\u00fcvenlik uzman\u0131 a\u00e7\u0131\u011f\u0131 bulunuyor.<\/p>\n<p><b>Siber G\u00fcvenlik Ba\u015fkanl\u0131\u011f\u0131 ne yapacak?<\/b><\/p>\n<p>Bug\u00fcn Resmi Gazete\u2019de yay\u0131mlanan d\u00fczenleme ile T.C. Cumhurba\u015fkanl\u0131\u011f\u0131 \u00e7at\u0131s\u0131 alt\u0131nda <strong>Siber G\u00fcvenlik Ba\u015fkanl\u0131\u011f\u0131<\/strong> kuruldu. Siber G\u00fcvenlik Ba\u015fkanl\u0131\u011f\u0131; T\u00fcrkiye\u2019de siber g\u00fcvenli\u011fin sa\u011flanmas\u0131 amac\u0131yla politika, strateji ve hedefleri belirleyecek. Eylem planlar\u0131 haz\u0131rlayacak. Siber g\u00fcvenli\u011fe y\u00f6nelik mevzuatlar\u0131n haz\u0131rlanmas\u0131 i\u00e7in \u00e7al\u0131\u015fmalar y\u00fcr\u00fctecek. Bilgi g\u00fcvenli\u011finin desteklenmesine y\u00f6nelik projeler haz\u0131rlayacak. Ayr\u0131ca acil durum ve kriz y\u00f6netim planlar\u0131 olu\u015fturacak.<\/p>\n\n<p>Kaynak\u00a0 :\u00a0<span style=\"background-color: rgb(255, 249, 236); color: rgb(55, 58, 60); font-size: 14px;\">https:\/\/www.donanimhaber.com\/2025-te-siber-saldirilarin-faturasi-10-trilyon-dolari-asacak&#8211;186297<\/span><\/p>\n","protected":false},"excerpt":{"rendered":"<p>Dijitalle\u015fmenin birlikte verilerimiz hi\u00e7 olmad\u0131\u011f\u0131 kadar b\u00fcy\u00fck \u00f6nem ta\u015f\u0131maya ba\u015flad\u0131. Verinin \u00f6nemli hale gelmesiyle birlikte siber sald\u0131r\u0131 say\u0131s\u0131 da \u00f6nemli miktarda art\u0131\u015f g\u00f6steriyor. KOBIL CEO\u2019su \u0130smet Koyun, 2025\u2019te ger\u00e7ekle\u015fmesi muhtemel siber &#8230;<\/p>\n","protected":false},"author":1,"featured_media":127085,"comment_status":"open","ping_status":"open","sticky":false,"template":"","format":"standard","meta":{"footnotes":""},"categories":[8],"tags":[1975,8456,7139,728],"class_list":["post-127084","post","type-post","status-publish","format-standard","has-post-thumbnail","hentry","category-teknoloji","tag-siber","tag-siber-guvenlik-baskanligi","tag-siber-saldiri","tag-veri"],"_links":{"self":[{"href":"https:\/\/kamucalisani.net\/index.php\/wp-json\/wp\/v2\/posts\/127084","targetHints":{"allow":["GET"]}}],"collection":[{"href":"https:\/\/kamucalisani.net\/index.php\/wp-json\/wp\/v2\/posts"}],"about":[{"href":"https:\/\/kamucalisani.net\/index.php\/wp-json\/wp\/v2\/types\/post"}],"author":[{"embeddable":true,"href":"https:\/\/kamucalisani.net\/index.php\/wp-json\/wp\/v2\/users\/1"}],"replies":[{"embeddable":true,"href":"https:\/\/kamucalisani.net\/index.php\/wp-json\/wp\/v2\/comments?post=127084"}],"version-history":[{"count":1,"href":"https:\/\/kamucalisani.net\/index.php\/wp-json\/wp\/v2\/posts\/127084\/revisions"}],"predecessor-version":[{"id":127087,"href":"https:\/\/kamucalisani.net\/index.php\/wp-json\/wp\/v2\/posts\/127084\/revisions\/127087"}],"wp:featuredmedia":[{"embeddable":true,"href":"https:\/\/kamucalisani.net\/index.php\/wp-json\/wp\/v2\/media\/127085"}],"wp:attachment":[{"href":"https:\/\/kamucalisani.net\/index.php\/wp-json\/wp\/v2\/media?parent=127084"}],"wp:term":[{"taxonomy":"category","embeddable":true,"href":"https:\/\/kamucalisani.net\/index.php\/wp-json\/wp\/v2\/categories?post=127084"},{"taxonomy":"post_tag","embeddable":true,"href":"https:\/\/kamucalisani.net\/index.php\/wp-json\/wp\/v2\/tags?post=127084"}],"curies":[{"name":"wp","href":"https:\/\/api.w.org\/{rel}","templated":true}]}}