{"id":127343,"date":"2025-10-18T15:36:50","date_gmt":"2025-10-18T15:36:50","guid":{"rendered":"https:\/\/kamucalisani.net\/?p=127343"},"modified":"2025-10-18T15:36:50","modified_gmt":"2025-10-18T15:36:50","slug":"fenerbahcede-orta-saha-operasyonu-jose-mourinhonun-talebi-hem-guclu-hem-teknik","status":"publish","type":"post","link":"https:\/\/kamucalisani.net\/index.php\/2025\/10\/18\/fenerbahcede-orta-saha-operasyonu-jose-mourinhonun-talebi-hem-guclu-hem-teknik\/","title":{"rendered":"Fenerbah\u00e7e&#8217;de orta saha operasyonu! Jose Mourinho&#8217;nun talebi hem g\u00fc\u00e7l\u00fc hem teknik"},"content":{"rendered":"<p><p>Transfer d\u00f6neminde \u00e7ok ba\u015far\u0131l\u0131 hamleler yapan Fenerbah\u00e7e\u2019de s\u0131ra orta sahaya geldi. Maximin ve En Nesyri gibi Teknik Direkt\u00f6r Jose Mourinho\u2019nun istedi\u011fi iki y\u0131ld\u0131z\u0131 kadrosuna katan sar\u0131-lacivertli y\u00f6netim, \u015fimdi ise orta saha i\u00e7in d\u00fc\u011fmeye bast\u0131.<\/p>\n<p>Portekizli \u00e7al\u0131\u015ft\u0131r\u0131c\u0131n\u0131n s\u00f6zle\u015fmeyi imzalamas\u0131n\u0131n ard\u0131ndan sadece onun istedi\u011fi oyuncular ve profilde transfer yapan idareciler, orta saha i\u00e7in de bu kural\u0131 \u00e7i\u011fmeyecek.<\/p>\n<p>Mourinho\u2019nun, \u0130smail Y\u00fcksek kadar fizik g\u00fcc\u00fc ve m\u00fccadelesi y\u00fcksek, Rade Krunic kadar da teknik bir isim istedi\u011fi \u00f6\u011frenildi. Sar\u0131-lacivertli tak\u0131m\u0131n teknik patronunun bu raporu do\u011frultusunda harekete ge\u00e7en Sportif Direkt\u00f6r Mario Branco ve y\u00f6netim, hocan\u0131n son talebini de yerine getirmek i\u00e7in mesai harc\u0131yor.<\/p>\n<p>Bu b\u00f6lge i\u00e7in \u00f6ncelikle g\u00fcndeme gelen son isim Sander Berge oldu. Burnley formas\u0131 giyen Norve\u00e7li futbolcu i\u00e7in kul\u00fcb\u00fcne teklif yap\u0131l\u0131rken, y\u00f6netimin di\u011fer isimler i\u00e7in de nab\u0131z yoklad\u0131\u011f\u0131 ve Fred\u2019in yan\u0131na daha kaliteli bir isim getirmek istedi\u011fi \u00f6\u011frenildi. \u00d6n\u00fcm\u00fczdeki g\u00fcnlerde bu transferin de bitece\u011fi bildirildi.<\/p>\n<p><strong>YILDIRIM BEKLEN\u0130YOR<\/strong><\/p>\n<p>Fenerbah\u00e7e\u2019de temmuz ay\u0131 ola\u011fan y\u00fcksek divan divan kurulu toplant\u0131s\u0131 bug\u00fcn yap\u0131lacak. Y\u00fcksek Divan Kurulu Ba\u015fkan\u0131 \u015eekip Mosturo\u011flu ba\u015fkanl\u0131\u011f\u0131nda d\u00fczenlenecek toplant\u0131 10.30-13.30 saatleri aras\u0131nda ger\u00e7ekle\u015ftirilecek.<\/p>\n<p>Toplant\u0131ya kul\u00fcp ba\u015fkan\u0131 Ali Ko\u00e7 ve y\u00f6netim kurulu \u00fcyelerinin yan\u0131 s\u0131ra eski ba\u015fkan Aziz Y\u0131ld\u0131r\u0131m\u2019\u0131n da kat\u0131lmas\u0131 bekleniyor.<\/p>\n<p><strong>FERD\u0130&#8217;YE \u00d6ZEL FORMA<\/strong><\/p>\n<p>Fenerbah\u00e7e, FC Lugano ile sal\u0131 g\u00fcn\u00fc oynayaca\u011f\u0131 r\u00f6van\u015f ma\u00e7\u0131n\u0131n haz\u0131rl\u0131klar\u0131na d\u00fcn sabah yapt\u0131\u011f\u0131 idmanla ba\u015flad\u0131. Yeni transfer Youssef En-Nesyri de antrenmana \u00e7\u0131karken, \u0130dman; \u0131s\u0131nma, koordinasyon ve \u00e7abukluk \u00e7al\u0131\u015fmalar\u0131yla ba\u015flad\u0131.<\/p>\n<p>Ard\u0131ndan core ve kuvvet \u00e7al\u0131\u015fmas\u0131 yapan futbolcu, 2 gruba ayr\u0131larak pas \u00e7al\u0131\u015fmas\u0131 ve taktiksel \u00e7al\u0131\u015fmalar yapt\u0131. Son b\u00f6l\u00fcmde ise bireysel \u00e7al\u0131\u015fmalar ger\u00e7ekle\u015ftirildi.<\/p>\n<p>\u00d6te yandan antrenman \u00f6ncesi tak\u0131m arkada\u015flar\u0131, Ferdi Kad\u0131o\u011flu\u2019nun 200. ma\u00e7\u0131n\u0131 tebrik ederek \u00f6zel olarak haz\u0131rlanan formay\u0131 ona hediye etti.<\/p>\n\n<p><\/p>\n<p>Kaynak :\u00a0<span style=\"background-color: rgb(255, 249, 236); color: rgb(55, 58, 60); font-size: 14px;\">http:\/\/www.milliyet.com.tr\/skorer\/fenerbahcede-orta-saha-operasyonu-jose-mourinhonun-talebi-hem-guclu-hem-teknik-7162071<\/span><\/p>\n","protected":false},"excerpt":{"rendered":"<p>Fenerbah\u00e7e\u2019de s\u0131ra geldi orta saha transferine&#8230; Teknik Direkt\u00f6r Jose Mourinho\u2019nun, \u0130smail Y\u00fcksek kadar fizik g\u00fcc\u00fc ve m\u00fccadelesi y\u00fcksek, Rade Krunic kadar da teknik bir isim istedi\u011fi \u00f6\u011frenildi. Y\u00f6netim bu oyuncuyu bulmak i\u00e7in d\u00fc\u011fmeye bast\u0131.<\/p>\n","protected":false},"author":1,"featured_media":127344,"comment_status":"open","ping_status":"open","sticky":false,"template":"","format":"standard","meta":{"footnotes":""},"categories":[7],"tags":[],"class_list":["post-127343","post","type-post","status-publish","format-standard","has-post-thumbnail","hentry","category-spor"],"_links":{"self":[{"href":"https:\/\/kamucalisani.net\/index.php\/wp-json\/wp\/v2\/posts\/127343","targetHints":{"allow":["GET"]}}],"collection":[{"href":"https:\/\/kamucalisani.net\/index.php\/wp-json\/wp\/v2\/posts"}],"about":[{"href":"https:\/\/kamucalisani.net\/index.php\/wp-json\/wp\/v2\/types\/post"}],"author":[{"embeddable":true,"href":"https:\/\/kamucalisani.net\/index.php\/wp-json\/wp\/v2\/users\/1"}],"replies":[{"embeddable":true,"href":"https:\/\/kamucalisani.net\/index.php\/wp-json\/wp\/v2\/comments?post=127343"}],"version-history":[{"count":1,"href":"https:\/\/kamucalisani.net\/index.php\/wp-json\/wp\/v2\/posts\/127343\/revisions"}],"predecessor-version":[{"id":127345,"href":"https:\/\/kamucalisani.net\/index.php\/wp-json\/wp\/v2\/posts\/127343\/revisions\/127345"}],"wp:featuredmedia":[{"embeddable":true,"href":"https:\/\/kamucalisani.net\/index.php\/wp-json\/wp\/v2\/media\/127344"}],"wp:attachment":[{"href":"https:\/\/kamucalisani.net\/index.php\/wp-json\/wp\/v2\/media?parent=127343"}],"wp:term":[{"taxonomy":"category","embeddable":true,"href":"https:\/\/kamucalisani.net\/index.php\/wp-json\/wp\/v2\/categories?post=127343"},{"taxonomy":"post_tag","embeddable":true,"href":"https:\/\/kamucalisani.net\/index.php\/wp-json\/wp\/v2\/tags?post=127343"}],"curies":[{"name":"wp","href":"https:\/\/api.w.org\/{rel}","templated":true}]}}