{"id":127360,"date":"2025-10-18T16:30:09","date_gmt":"2025-10-18T16:30:09","guid":{"rendered":"https:\/\/kamucalisani.net\/?p=127360"},"modified":"2025-10-18T16:30:09","modified_gmt":"2025-10-18T16:30:09","slug":"canli-super-ligde-basaksehir-galatasaray-maci","status":"publish","type":"post","link":"https:\/\/kamucalisani.net\/index.php\/2025\/10\/18\/canli-super-ligde-basaksehir-galatasaray-maci\/","title":{"rendered":"CANLI | S\u00fcper Lig&#8217;de Ba\u015fak\u015fehir-Galatasaray ma\u00e7\u0131!"},"content":{"rendered":"<p><p>S\u00fcper Lig&#8217;in 9. haftas\u0131nda Galatasaray, Ba\u015fak\u015fehir ile kozlar\u0131n\u0131 payla\u015facak. Zorlu m\u00fcsabaka Ba\u015fak\u015fehir Fatih Terim Stadyumu&#8217;nda oynanacak.<\/p>\n<p>Heyecan dolu kar\u015f\u0131la\u015fmada Atilla Karao\u011flan d\u00fcd\u00fck \u00e7alacak. Ba\u015fak\u015fehir-Galatasaray ma\u00e7\u0131 saat 20.00&#8217;da ba\u015flayacak.<\/p>\n<p><strong>Kritik m\u00fccadelenin canl\u0131 anlat\u0131m\u0131n\u0131 SKORER&#8217;den takip\u00a0edebilirsiniz.<\/strong><\/p>\n<section>\n<div>\n<div><span>18:51<\/span><span>18 Ekim 2025<\/span><\/p>\n<div>GALATASARAY&#8217;IN 11&#8217;\u0130 BELL\u0130 OLDU<\/div>\n<div>\n<p><strong>Galatasaray:<\/strong> U\u011furcan | Sallai, Kaan, Abd\u00fclkerim, Eren, Torreira, Sara, \u0130lkay, Bar\u0131\u015f, Sane, Icardi.<\/p>\n<\/div>\n<\/div>\n<div><span>01:37<\/span><span>18 Ekim 2025<\/span><\/p>\n<div>AT\u0130LLA KARAO\u011eLAN Y\u00d6NETECEK<\/div>\n<div>\n<p>Ba\u015fak\u015fehir-Galatasaray ma\u00e7\u0131 18 Ekim Cumartesi saat 20:00&#8217;da ba\u015flayacak. Ba\u015fak\u015fehir Fatih Terim Stadyumu&#8217;nda oynanacak olan m\u00fccadele beIN SPORTS 1 ekran\u0131ndan yay\u0131nlanacak.<\/p>\n<p>Ba\u015fak\u015fehir Fatih Terim Stadyumu&#8217;nda oynanacak kar\u015f\u0131la\u015fmay\u0131 hakem Atilla Karao\u011flan y\u00f6netecek.\u00a0<\/p>\n<\/div>\n<\/div>\n<\/div>\n<\/section>\n<p><\/p>\n<p>Kaynak :\u00a0<span style=\"background-color: rgb(255, 249, 236); color: rgb(55, 58, 60); font-size: 14px;\">http:\/\/www.milliyet.com.tr\/skorer\/live-super-ligde-basaksehir-galatasaray-maci-7466325<\/span><\/p>\n","protected":false},"excerpt":{"rendered":"<p>Galatasaray, S\u00fcper Lig&#8217;in 9. haftas\u0131nda Ba\u015fak\u015fehir&#8217;e konuk olacak. Kar\u015f\u0131la\u015fman\u0131n heyecan\u0131 SKORER&#8217;de\u00a0ya\u015fanacak.<\/p>\n","protected":false},"author":1,"featured_media":127361,"comment_status":"open","ping_status":"open","sticky":false,"template":"","format":"standard","meta":{"footnotes":""},"categories":[7],"tags":[8221],"class_list":["post-127360","post","type-post","status-publish","format-standard","has-post-thumbnail","hentry","category-spor","tag-basaksehir"],"_links":{"self":[{"href":"https:\/\/kamucalisani.net\/index.php\/wp-json\/wp\/v2\/posts\/127360","targetHints":{"allow":["GET"]}}],"collection":[{"href":"https:\/\/kamucalisani.net\/index.php\/wp-json\/wp\/v2\/posts"}],"about":[{"href":"https:\/\/kamucalisani.net\/index.php\/wp-json\/wp\/v2\/types\/post"}],"author":[{"embeddable":true,"href":"https:\/\/kamucalisani.net\/index.php\/wp-json\/wp\/v2\/users\/1"}],"replies":[{"embeddable":true,"href":"https:\/\/kamucalisani.net\/index.php\/wp-json\/wp\/v2\/comments?post=127360"}],"version-history":[{"count":1,"href":"https:\/\/kamucalisani.net\/index.php\/wp-json\/wp\/v2\/posts\/127360\/revisions"}],"predecessor-version":[{"id":127362,"href":"https:\/\/kamucalisani.net\/index.php\/wp-json\/wp\/v2\/posts\/127360\/revisions\/127362"}],"wp:featuredmedia":[{"embeddable":true,"href":"https:\/\/kamucalisani.net\/index.php\/wp-json\/wp\/v2\/media\/127361"}],"wp:attachment":[{"href":"https:\/\/kamucalisani.net\/index.php\/wp-json\/wp\/v2\/media?parent=127360"}],"wp:term":[{"taxonomy":"category","embeddable":true,"href":"https:\/\/kamucalisani.net\/index.php\/wp-json\/wp\/v2\/categories?post=127360"},{"taxonomy":"post_tag","embeddable":true,"href":"https:\/\/kamucalisani.net\/index.php\/wp-json\/wp\/v2\/tags?post=127360"}],"curies":[{"name":"wp","href":"https:\/\/api.w.org\/{rel}","templated":true}]}}