{"id":127499,"date":"2025-10-19T01:06:10","date_gmt":"2025-10-19T01:06:10","guid":{"rendered":"https:\/\/kamucalisani.net\/?p=127499"},"modified":"2025-10-19T01:06:10","modified_gmt":"2025-10-19T01:06:10","slug":"disisleri-bakani-fidandan-kktc-secimlerine-iliskin-paylasim","status":"publish","type":"post","link":"https:\/\/kamucalisani.net\/index.php\/2025\/10\/19\/disisleri-bakani-fidandan-kktc-secimlerine-iliskin-paylasim\/","title":{"rendered":"D\u0131\u015fi\u015fleri Bakan\u0131 Fidan&#8217;dan KKTC se\u00e7imlerine ili\u015fkin payla\u015f\u0131m"},"content":{"rendered":"<p><p>Bakan Fidan, NSosyal hesab\u0131ndan yapt\u0131\u011f\u0131 payla\u015f\u0131mda, KKTC&#8217;de bug\u00fcn ger\u00e7ekle\u015ftirilecek cumhurba\u015fkanl\u0131\u011f\u0131 se\u00e7iminin K\u0131br\u0131s T\u00fcrk halk\u0131 ve t\u00fcm Ada i\u00e7in hay\u0131rl\u0131 olmas\u0131n\u0131 diledi.<\/p>\n<p>Fidan, payla\u015f\u0131m\u0131nda, &#8220;Se\u00e7imlerin KKTC&#8217;deki devlet gelene\u011fini ve demokrasi k\u00fclt\u00fcr\u00fcn\u00fc bir kez daha ortaya koyaca\u011f\u0131ndan eminiz. Ana vatan ve garant\u00f6r T\u00fcrkiye, K\u0131br\u0131s T\u00fcrk halk\u0131n\u0131n hakl\u0131 davas\u0131n\u0131n savunucusu olmaya ve K\u0131br\u0131s meselesinde tek ger\u00e7ek\u00e7i \u00e7\u00f6z\u00fcm\u00fcn Ada&#8217;da iki ayr\u0131 devletin varl\u0131\u011f\u0131n\u0131n kabul\u00fcnden ge\u00e7ti\u011fini her platformda en g\u00fc\u00e7l\u00fc \u015fekilde vurgulamaya devam edecektir.&#8221; ifadelerine yer verdi.<\/p>\n<p>KKTC&#8217;de vatanda\u015flar, cumhurba\u015fkanl\u0131\u011f\u0131 se\u00e7imi i\u00e7in 9&#8217;uncu kez sand\u0131\u011fa gidecek.<\/p>\n<p>\u00a0<\/p>\n\n<p><\/p>\n<p>Kaynak :\u00a0<span style=\"background-color: rgb(255, 249, 236); color: rgb(55, 58, 60); font-size: 14px;\">http:\/\/www.milliyet.com.tr\/gundem\/disisleri-bakani-fidandan-kktc-secimlerine-iliskin-paylasim-7466772<\/span><\/p>\n","protected":false},"excerpt":{"rendered":"<p>D\u0131\u015fi\u015fleri Bakan\u0131 Hakan Fidan, Kuzey K\u0131br\u0131s T\u00fcrk Cumhuriyeti&#8217;nde (KKTC) bug\u00fcn yap\u0131lacak cumhurba\u015fkanl\u0131\u011f\u0131 se\u00e7iminin K\u0131br\u0131s T\u00fcrk halk\u0131 ve t\u00fcm Ada i\u00e7in hay\u0131rl\u0131 olmas\u0131 temennisinde bulundu.<\/p>\n","protected":false},"author":1,"featured_media":127500,"comment_status":"open","ping_status":"open","sticky":false,"template":"","format":"standard","meta":{"footnotes":""},"categories":[3],"tags":[],"class_list":["post-127499","post","type-post","status-publish","format-standard","has-post-thumbnail","hentry","category-guncel"],"_links":{"self":[{"href":"https:\/\/kamucalisani.net\/index.php\/wp-json\/wp\/v2\/posts\/127499","targetHints":{"allow":["GET"]}}],"collection":[{"href":"https:\/\/kamucalisani.net\/index.php\/wp-json\/wp\/v2\/posts"}],"about":[{"href":"https:\/\/kamucalisani.net\/index.php\/wp-json\/wp\/v2\/types\/post"}],"author":[{"embeddable":true,"href":"https:\/\/kamucalisani.net\/index.php\/wp-json\/wp\/v2\/users\/1"}],"replies":[{"embeddable":true,"href":"https:\/\/kamucalisani.net\/index.php\/wp-json\/wp\/v2\/comments?post=127499"}],"version-history":[{"count":1,"href":"https:\/\/kamucalisani.net\/index.php\/wp-json\/wp\/v2\/posts\/127499\/revisions"}],"predecessor-version":[{"id":127501,"href":"https:\/\/kamucalisani.net\/index.php\/wp-json\/wp\/v2\/posts\/127499\/revisions\/127501"}],"wp:featuredmedia":[{"embeddable":true,"href":"https:\/\/kamucalisani.net\/index.php\/wp-json\/wp\/v2\/media\/127500"}],"wp:attachment":[{"href":"https:\/\/kamucalisani.net\/index.php\/wp-json\/wp\/v2\/media?parent=127499"}],"wp:term":[{"taxonomy":"category","embeddable":true,"href":"https:\/\/kamucalisani.net\/index.php\/wp-json\/wp\/v2\/categories?post=127499"},{"taxonomy":"post_tag","embeddable":true,"href":"https:\/\/kamucalisani.net\/index.php\/wp-json\/wp\/v2\/tags?post=127499"}],"curies":[{"name":"wp","href":"https:\/\/api.w.org\/{rel}","templated":true}]}}