{"id":127510,"date":"2025-10-19T04:36:08","date_gmt":"2025-10-19T04:36:08","guid":{"rendered":"https:\/\/kamucalisani.net\/?p=127510"},"modified":"2025-10-19T04:36:08","modified_gmt":"2025-10-19T04:36:08","slug":"ilk-yirmi-dakika-yetti-trabzonspora","status":"publish","type":"post","link":"https:\/\/kamucalisani.net\/index.php\/2025\/10\/19\/ilk-yirmi-dakika-yetti-trabzonspora\/","title":{"rendered":"\u0130lk yirmi dakika yetti Trabzonspor\u2019a\u2026"},"content":{"rendered":"<p><p>Rakibe top g\u00f6stermezken, pozisyon vermezken ve de iki farkl\u0131 \u00f6nde iken, rakip ma\u00e7a nas\u0131l ortak ediliri g\u00f6rd\u00fck Rize\u2019de.<\/p>\n<p>\u0130lk otuz dakikay\u0131 izleyenler, Trabzonspor\u2019un Rize\u2019den \u00fc\u00e7 puan\u0131 elini kollunu sallaya sallaya alaca\u011f\u0131n\u0131 hatta farka ko\u015fabilece\u011fini bir kenara not d\u00fc\u015fm\u00fc\u015ft\u00fcr ancak, Savic\u2019in inan\u0131lmaz geri pas\u0131 ev sahibi tak\u0131ma kalan dakikalar ad\u0131na adeta can suyu oldu! Ye\u015fil-mavili oyuncular, Savic\u2019in ikram gol\u00fc sonras\u0131 hem moral buldular hem de oynama i\u015ftahlar\u0131 artm\u0131\u015f oldu.<\/p>\n<p>Halbuki Trabzonspor ma\u00e7a o kadar etkili ba\u015flam\u0131\u015ft\u0131 ki, 19 dakikada iki gol bulmu\u015f, bir topu da direkte patlam\u0131\u015ft\u0131. Bu zaman dilimi i\u00e7erisinde Tekke\u2019nin \u00f6\u011frencileri g\u00fcn\u00fcm\u00fcz \u00e7a\u011fda\u015f futbolundan kesitler sunuyor, Pulat\u2019\u0131n talebeleri izlemekle yetiniyordu.<\/p>\n<p>Dedik ya ne olduysa Trabzonspor\u2019un rakibe ikram\u0131ndan sonra oldu. Futbolda bu i\u015fler b\u00f6yledir, tam \u2018Karadeniz\u2019de gemilerim batt\u0131\u2019 diye kara kara d\u00fc\u015f\u00fcn\u00fcrken, bir gol ile bir yerlerden umutlar do\u011fabiliyor; bu defa rakibinizi yakalamak, dengeyi sa\u011flamak i\u00e7in can\u0131n\u0131z\u0131 di\u015finize takabiliyorsunuz.<\/p>\n<p>\u00c7aykur Rizesporlu oyuncular da o misal; ha gayret diyerek t\u00fcm enerjilerini kullanarak Trabzonspor\u2019un \u00fcst\u00fcne gittiler ama att\u0131klar\u0131 golde b\u00fcy\u00fck hatas\u0131 olan Trabzonspor defans\u0131 benzer hatay\u0131 bir daha yapmad\u0131.<\/p>\n<p>Bu arada, e\u011fer bordo-mavili tak\u0131m\u0131n defans\u0131 o hatay\u0131 yapmam\u0131\u015f olsayd\u0131, emin olun kalan dakikalar\u0131 \u00e7ayda \u00e7\u0131ra oynar gibi ge\u00e7irebilirlerdi!<\/p>\n<p>Devam\u0131nda ne mi oldu?<\/p>\n<p>\u00c7aykur Rizesporlu oyuncular sahan\u0131n her b\u00f6lgesinde bordo-mavili oyunculara pres yaparak topla oynamalar\u0131na m\u00fcsaade etmedi. Hal b\u00f6lge olunca; do\u011fal olarak hatlar, bloklar aras\u0131nda ba\u011flant\u0131 kesilmi\u015f oldu. D\u00fc\u015f\u00fcn\u00fcn ilk yar\u0131da Trabzonspor kalesine Savic\u2019in ikram\u0131yla sadece bir kez giden ev sahibi ekip, ikinci yar\u0131 Trabzonspor\u2019u kendi sahas\u0131nda oynamaya mahk\u00fbm edebildi.<\/p>\n<p>Trabzonspor gen\u00e7 bir tak\u0131m, oyuncular\u0131n ma\u00e7lar\u0131n baz\u0131 b\u00f6l\u00fcmlerinde k\u0131r\u0131lganl\u0131k ya\u015famalar\u0131 do\u011fal, zaman zaman ini\u015fli \u00e7\u0131k\u0131\u015fl\u0131 grafik sergilemeleri de bu y\u00fczdendir. Fatih Karag\u00fcmr\u00fck ma\u00e7\u0131 da onlardan biriydi.<\/p>\n<p>Bir ger\u00e7ek var ise, o da her ge\u00e7en hafta Trabzonspor\u2019un \u00fcst\u00fcne koyarak devam etmesi. Bu da gelecek y\u0131llar ad\u0131na \u00f6nemli geli\u015fme. Trabzonsporlular\u0131n gen\u00e7 tak\u0131mlar\u0131na sahip \u00e7\u0131kmalar\u0131, desteklemeleri hem Trabzonspor\u2019un geli\u015fimini h\u0131zland\u0131racakt\u0131r hem de Fatih Tekke\u2019nin i\u015fini kolayla\u015ft\u0131racakt\u0131r.<\/p>\n<p>Uzun laf\u0131n k\u0131sas\u0131, Trabzonspor Rize\u2019den eli bo\u015f d\u00f6nmedi. \u0130lk yirmi dakikada att\u0131klar\u0131 iki golle, ilk otuz dakika oynad\u0131klar\u0131 futbolla \u00fc\u00e7 puan\u0131 cebe indirmeyi bildiler.<\/p>\n\n<p><\/p>\n<p>Kaynak :\u00a0<span style=\"background-color: rgb(255, 249, 236); color: rgb(55, 58, 60); font-size: 14px;\">http:\/\/www.milliyet.com.tr\/skorer\/aksal-yavuz\/ilk-yirmi-dakika-yetti-trabzonspora-7466682<\/span><\/p>\n","protected":false},"excerpt":{"rendered":"<p>Rakibe top g\u00f6stermezken, pozisyon vermezken ve de iki farkl\u0131 \u00f6nde iken, rakip ma\u00e7a nas\u0131l ortak ediliri g\u00f6rd\u00fck Rize\u2019de. \u0130lk otuz dakikay\u0131 izleyenler, Trabzonspor\u2019un Rize\u2019den \u00fc\u00e7 puan\u0131 elini kollunu sallaya sallaya alaca\u011f\u0131n\u0131 hatta farka ko\u015fabilece\u011fini &#8230;<\/p>\n","protected":false},"author":1,"featured_media":127511,"comment_status":"open","ping_status":"open","sticky":false,"template":"","format":"standard","meta":{"footnotes":""},"categories":[7],"tags":[1557,289,1620,1576],"class_list":["post-127510","post","type-post","status-publish","format-standard","has-post-thumbnail","hentry","category-spor","tag-dakika","tag-gol","tag-oyuncular","tag-trabzonspor"],"_links":{"self":[{"href":"https:\/\/kamucalisani.net\/index.php\/wp-json\/wp\/v2\/posts\/127510","targetHints":{"allow":["GET"]}}],"collection":[{"href":"https:\/\/kamucalisani.net\/index.php\/wp-json\/wp\/v2\/posts"}],"about":[{"href":"https:\/\/kamucalisani.net\/index.php\/wp-json\/wp\/v2\/types\/post"}],"author":[{"embeddable":true,"href":"https:\/\/kamucalisani.net\/index.php\/wp-json\/wp\/v2\/users\/1"}],"replies":[{"embeddable":true,"href":"https:\/\/kamucalisani.net\/index.php\/wp-json\/wp\/v2\/comments?post=127510"}],"version-history":[{"count":1,"href":"https:\/\/kamucalisani.net\/index.php\/wp-json\/wp\/v2\/posts\/127510\/revisions"}],"predecessor-version":[{"id":127512,"href":"https:\/\/kamucalisani.net\/index.php\/wp-json\/wp\/v2\/posts\/127510\/revisions\/127512"}],"wp:featuredmedia":[{"embeddable":true,"href":"https:\/\/kamucalisani.net\/index.php\/wp-json\/wp\/v2\/media\/127511"}],"wp:attachment":[{"href":"https:\/\/kamucalisani.net\/index.php\/wp-json\/wp\/v2\/media?parent=127510"}],"wp:term":[{"taxonomy":"category","embeddable":true,"href":"https:\/\/kamucalisani.net\/index.php\/wp-json\/wp\/v2\/categories?post=127510"},{"taxonomy":"post_tag","embeddable":true,"href":"https:\/\/kamucalisani.net\/index.php\/wp-json\/wp\/v2\/tags?post=127510"}],"curies":[{"name":"wp","href":"https:\/\/api.w.org\/{rel}","templated":true}]}}