{"id":127594,"date":"2025-10-19T08:18:10","date_gmt":"2025-10-19T08:18:10","guid":{"rendered":"https:\/\/kamucalisani.net\/?p=127594"},"modified":"2025-10-19T08:18:10","modified_gmt":"2025-10-19T08:18:10","slug":"trafikte-sinyal-kavgasi-cocugunun-yaninda-babaya-saldirdi","status":"publish","type":"post","link":"https:\/\/kamucalisani.net\/index.php\/2025\/10\/19\/trafikte-sinyal-kavgasi-cocugunun-yaninda-babaya-saldirdi\/","title":{"rendered":"Trafikte &#8216;sinyal&#8217; kavgas\u0131! \u00c7ocu\u011funun yan\u0131nda babaya sald\u0131rd\u0131"},"content":{"rendered":"<p><p>Olay, 14 Ekim Sal\u0131 g\u00fcn\u00fc saat 08.30 s\u0131ralar\u0131nda Bah\u00e7e\u015fehir 2. K\u0131s\u0131m Mahallesi 50. Y\u0131l Caddesi&#8217;nde meydana geldi. \u0130ddiaya g\u00f6re \u00e7ocu\u011funu okula g\u00f6t\u00fcren motosiklet s\u00fcr\u00fcc\u00fcs\u00fc, caddede seyir halindeyken \u00f6n\u00fcnde ani fren yapan hafif ticari arac\u0131n s\u00fcr\u00fcc\u00fcs\u00fcne &#8216;neden sinyal vermiyorsun&#8217; diye tepki g\u00f6sterdi.<\/p>\n<div>\n<div><img decoding=\"async\" src=\"https:\/\/kamucalisani.net\/wp-content\/uploads\/2025\/10\/trafikte-sinyal-kavgasi-cocugunun-yaninda-babaya-saldirdi-0-RGc8QBmN.jpg\"\/><\/img><\/div>\n<\/div>\n<p>\u0130kili aras\u0131ndaki tart\u0131\u015fma b\u00fcy\u00fcyerek kavgaya d\u00f6n\u00fc\u015ft\u00fc. Kavgada hafif ticari arac\u0131n s\u00fcr\u00fcc\u00fcs\u00fc, \u00e7ocu\u011funun g\u00f6z\u00fc \u00f6n\u00fcnde babaya sald\u0131rd\u0131. Birbirine tekme, yumruk ve kaskla sald\u0131ran taraflar \u00e7evredeki ki\u015filerin m\u00fcdahalesiyle sakinle\u015ftirildi.\u00a0<\/p>\n<div>\n<div><img decoding=\"async\" src=\"https:\/\/kamucalisani.net\/wp-content\/uploads\/2025\/10\/trafikte-sinyal-kavgasi-cocugunun-yaninda-babaya-saldirdi-1-Ib4RW5uU.jpg\"\/><\/img><\/div>\n<\/div>\n<p><strong>KAVGA KAMERADA<\/strong><\/p>\n<p>Motosiklet s\u00fcr\u00fcc\u00fcs\u00fc ve hafif ticari ara\u00e7 s\u00fcr\u00fcc\u00fcs\u00fcn\u00fcn kavgas\u0131 \u00e7evredeki ki\u015filer taraf\u0131ndan cep telefonuyla kaydedildi.<\/p>\n<p>G\u00f6r\u00fcnt\u00fclerde, \u00e7\u0131kan tart\u0131\u015fman\u0131n k\u0131sa s\u00fcrede b\u00fcy\u00fcyerek kavga d\u00f6n\u00fc\u015ft\u00fc\u011f\u00fc, taraflar\u0131n birbirine sald\u0131rd\u0131\u011f\u0131 anlar g\u00f6r\u00fcnt\u00fclendi.\u00a0<\/p>\n<div>\n<div><img decoding=\"async\" src=\"https:\/\/kamucalisani.net\/wp-content\/uploads\/2025\/10\/trafikte-sinyal-kavgasi-cocugunun-yaninda-babaya-saldirdi-2-mLPBbcJ5.jpg\"\/><\/img><\/div>\n<\/div>\n<p>\u00a0<\/p>\n<p>\u00a0<\/p>\n<p>\u00a0<\/p>\n<p>\u00a0<\/p>\n<p>\u00a0<\/p>\n<p>\u00a0<\/p>\n<p>\u00a0<\/p>\n<p>\u00a0<\/p>\n<p>\u00a0<\/p>\n<p>\u00a0<\/p>\n<p>\u00a0<\/p>\n<p>\u00a0<\/p>\n<p>\u00a0<\/p>\n<p>\u00a0<\/p>\n\n<p><\/p>\n<p>Kaynak :\u00a0<span style=\"background-color: rgb(255, 249, 236); color: rgb(55, 58, 60); font-size: 14px;\">http:\/\/www.milliyet.com.tr\/gundem\/trafikte-sinyal-kavgasi-cocugunun-yaninda-babaya-saldirdi-7466830<\/span><\/p>\n","protected":false},"excerpt":{"rendered":"<p>Ba\u015fak\u015fehir&#8217;de motosiklet s\u00fcr\u00fcc\u00fcs\u00fc \u00e7ocu\u011funu okula b\u0131rakt\u0131\u011f\u0131 s\u0131rada sinyal vermedi\u011fi i\u00e7in tepki g\u00f6sterdi\u011fi hafif ticari ara\u00e7 s\u00fcr\u00fcc\u00fcs\u00fc ile tart\u0131\u015ft\u0131. K\u0131sa s\u00fcrede kavgaya d\u00f6n\u00fc\u015fen olayda hafif ticari arac\u0131n s\u00fcr\u00fcc\u00fcs\u00fc, \u00e7ocu\u011funun yan\u0131nda babaya sald\u0131rd\u0131.<\/p>\n","protected":false},"author":1,"featured_media":127595,"comment_status":"open","ping_status":"open","sticky":false,"template":"","format":"standard","meta":{"footnotes":""},"categories":[3],"tags":[1724,8479],"class_list":["post-127594","post","type-post","status-publish","format-standard","has-post-thumbnail","hentry","category-guncel","tag-kavga","tag-surucusu"],"_links":{"self":[{"href":"https:\/\/kamucalisani.net\/index.php\/wp-json\/wp\/v2\/posts\/127594","targetHints":{"allow":["GET"]}}],"collection":[{"href":"https:\/\/kamucalisani.net\/index.php\/wp-json\/wp\/v2\/posts"}],"about":[{"href":"https:\/\/kamucalisani.net\/index.php\/wp-json\/wp\/v2\/types\/post"}],"author":[{"embeddable":true,"href":"https:\/\/kamucalisani.net\/index.php\/wp-json\/wp\/v2\/users\/1"}],"replies":[{"embeddable":true,"href":"https:\/\/kamucalisani.net\/index.php\/wp-json\/wp\/v2\/comments?post=127594"}],"version-history":[{"count":1,"href":"https:\/\/kamucalisani.net\/index.php\/wp-json\/wp\/v2\/posts\/127594\/revisions"}],"predecessor-version":[{"id":127599,"href":"https:\/\/kamucalisani.net\/index.php\/wp-json\/wp\/v2\/posts\/127594\/revisions\/127599"}],"wp:featuredmedia":[{"embeddable":true,"href":"https:\/\/kamucalisani.net\/index.php\/wp-json\/wp\/v2\/media\/127595"}],"wp:attachment":[{"href":"https:\/\/kamucalisani.net\/index.php\/wp-json\/wp\/v2\/media?parent=127594"}],"wp:term":[{"taxonomy":"category","embeddable":true,"href":"https:\/\/kamucalisani.net\/index.php\/wp-json\/wp\/v2\/categories?post=127594"},{"taxonomy":"post_tag","embeddable":true,"href":"https:\/\/kamucalisani.net\/index.php\/wp-json\/wp\/v2\/tags?post=127594"}],"curies":[{"name":"wp","href":"https:\/\/api.w.org\/{rel}","templated":true}]}}