{"id":127798,"date":"2025-10-19T13:24:13","date_gmt":"2025-10-19T13:24:13","guid":{"rendered":"https:\/\/kamucalisani.net\/?p=127798"},"modified":"2025-10-19T13:24:13","modified_gmt":"2025-10-19T13:24:13","slug":"depremden-sonra-magarada-yasamaya-basladi-gelen-tebligatla-planlari-degisti","status":"publish","type":"post","link":"https:\/\/kamucalisani.net\/index.php\/2025\/10\/19\/depremden-sonra-magarada-yasamaya-basladi-gelen-tebligatla-planlari-degisti\/","title":{"rendered":"Depremden sonra ma\u011farada ya\u015famaya ba\u015flad\u0131! Gelen tebligatla planlar\u0131 de\u011fi\u015fti"},"content":{"rendered":"<p><p>Kahramanmara\u015f merkezli depremde en \u00e7ok hasara u\u011frayan Hatay&#8217;da, binlerce bina yerle bir olurken yakla\u015f\u0131k 25 bin insan hayat\u0131n\u0131 kaybetti. Asr\u0131n felaketi olarak nitelendirilen depremde kentte ya\u015fayan \u00e7o\u011fu insan\u0131n hayat\u0131 bir gecede de\u011fi\u015fmi\u015fti. Deprem \u00f6ncesinde Defne il\u00e7esi \u00c7ekmece Mahallesi&#8217;nde ya\u015fayan 55 ya\u015f\u0131ndaki Ali Bozo\u011flan da asr\u0131n felaketine evinde yakalanm\u0131\u015ft\u0131. Evli ve 3 \u00e7ocuk babas\u0131 olan Bozo\u011flan&#8217;\u0131n depremde ya\u015fad\u0131\u011f\u0131 ev hasar alarak yerle bir oldu. Depremden sonra insanlardan uzakta ya\u015famak isteyen Bozo\u011flan, \u015fehir d\u0131\u015f\u0131nda ya\u015fayan ailesinden uzakta 2,5 y\u0131l \u00f6nce Samanda\u011f il\u00e7esi Yayl\u0131ca Mahallesi s\u0131n\u0131rlar\u0131nda ke\u015ffetti\u011fi ma\u011faraya yerle\u015fti.<\/p>\n<p>Bozdo\u011fan, evde ya\u015fad\u0131\u011f\u0131 gibi ma\u011farada d\u00fczenini kurdu. Depremden bu yana ma\u011farada ya\u015fam\u0131n\u0131 s\u00fcrd\u00fcren Bozo\u011flan&#8217;a Hatay Valili\u011fi yard\u0131m eli uzatarak konteyner tahsis etmi\u015fti. Konteynerinde so\u011fuk k\u0131\u015f g\u00fcnlerini atlatan Bozo\u011flan, yaz aylar\u0131ndaysa s\u0131cakl\u0131\u011f\u0131n etkisini hissettirdi\u011fi g\u00fcnlerde serinlemek i\u00e7in ma\u011faras\u0131nda g\u00fcnlerini ge\u00e7irdi. Depremden sonra ya\u015famaya ba\u015flad\u0131\u011f\u0131 ma\u011faras\u0131n\u0131 bo\u015faltmas\u0131 i\u00e7in Samanda\u011f Belediyesi zab\u0131ta ekipleri taraf\u0131ndan kendisine evrak tebli\u011f edilen Bozo\u011flan, huzuru buldu\u011fu ma\u011faray\u0131 bir daha gelmemek \u00fczere bo\u015faltarak Hatay Valili\u011fi taraf\u0131ndan verilen konteynerde ya\u015fam\u0131n\u0131 s\u00fcrd\u00fcrecek.<\/p>\n<div>\n<div><img decoding=\"async\" src=\"https:\/\/kamucalisani.net\/wp-content\/uploads\/2025\/10\/depremden-sonra-magarada-yasamaya-basladi-gelen-tebligatla-planlari-degisti-0-kHvewvkf.jpg\"\/><\/img><\/div>\n<\/div>\n<p>Zab\u0131ta ekipleri taraf\u0131ndan kendisine evrak tebli\u011f edildi\u011fini ve ma\u011faray\u0131 bo\u015faltma karar\u0131 ald\u0131\u011f\u0131n\u0131 ifade eden Ali Bozo\u011flan, &#8220;Depremden sonra birka\u00e7 yerde kald\u0131m. Birka\u00e7 de\u011fi\u015fik y\u00fczler g\u00f6rd\u00fc\u011f\u00fcmden \u00e7ad\u0131rda kalmak istedim. Birka\u00e7 yere \u00e7ad\u0131r\u0131 koymak istedim ama izin vermediler. \u0130zin vermeyince ben de ma\u011faraya yerle\u015ftim, 2,5 y\u0131ld\u0131r ma\u011farada ya\u015f\u0131yorum. Buraya geldi\u011fimde e\u015fyalar\u0131 dizdim, yemekler yapt\u0131m. \u00c7ama\u015f\u0131rlar\u0131m\u0131 y\u0131k\u0131yorum. Suyumu d\u0131\u015far\u0131dan ta\u015f\u0131yarak ma\u011faraya getiriyorum. Banyoyu burada d\u0131\u015far\u0131da yap\u0131yorum. Hatay Valimiz sa\u011f olsunlar benimle ilgilendiler. Bana g\u00fczel bir konteyner tahsis ettiler. Konteynerimdeki e\u015fyalar\u0131 da d\u00f6\u015fediler. Devletimizi ve Say\u0131n Valimiz Mustafa Masatl\u0131&#8217;y\u0131 da Allah muvaffak etsin. Zab\u0131ta m\u00fcd\u00fcrl\u00fc\u011f\u00fcnden b\u00f6yle bir ka\u011f\u0131t geldi, zab\u0131ta ekipleri gelip burada ke\u015fif yapt\u0131lar. Bu e\u015fyalar\u0131 ta\u015f\u0131mak i\u00e7in bana yard\u0131mc\u0131 olacaklar\u0131n\u0131 s\u00f6ylediler. Benim buradaki e\u015fyalar\u0131 ta\u015f\u0131nmaya imkan\u0131m yok, Allah&#8217;\u0131n izniyle ma\u011faray\u0131 bo\u015faltaca\u011f\u0131z&#8221; dedi.<\/p>\n<div>\n<div><img decoding=\"async\" src=\"https:\/\/kamucalisani.net\/wp-content\/uploads\/2025\/10\/depremden-sonra-magarada-yasamaya-basladi-gelen-tebligatla-planlari-degisti-1-kj43zSwI.jpg\"\/><\/img><\/div>\n<\/div>\n<p><strong>&#8220;GE\u00c7ENLERDE ANKARA&#8217;DAN MA\u011eARAYA GELD\u0130\u011e\u0130MDE YATA\u011eIMDA YILAN VARDI, YILANI YATA\u011eIMDAN \u00c7IKARTTIM VE G\u0130T M\u00dcBAREK DED\u0130M&#8221;<br \/><\/strong><br \/>Ma\u011farada ya\u015fad\u0131\u011f\u0131 zamanlarda huzurlu oldu\u011funu ve ayr\u0131ld\u0131\u011f\u0131 i\u00e7in \u00fczg\u00fcn hisseden Ali Bozo\u011flan, &#8220;Ma\u011faray\u0131 bo\u015faltaca\u011f\u0131m i\u00e7in \u00e7ok \u00fczg\u00fcn\u00fcm. Onlara da zorluk olmas\u0131n diye bo\u015faltmaya karar verdim. Ma\u011farada daha huzurluydum. Konteynerde biraz ses \u00e7\u0131kard\u0131\u011f\u0131n zaman herkes \u015fikayet ediyor. Bu y\u00fczden ma\u011farada ya\u015famak daha huzurlu hissettiriyor. Ma\u011farada hava ve oksijen var. Sadece bir elektrik eksi\u011fim vard\u0131. Onu da yapacakt\u0131m ama maalesef \u015fimdi yapamayaca\u011f\u0131m. Hatay Valili\u011fi taraf\u0131ndan verilen konteynerda kalaca\u011f\u0131m. Hatay Valili\u011fi&#8217;ne te\u015fekk\u00fcr ediyorum. Allah&#8217;a inanc\u0131 olanlar hi\u00e7bir \u015feyden korkmazlar ve onlara bir \u015fey olmazlar. \u0130nan\u00e7s\u0131z ve \u00fcrkek olanlar\u0131 akrep de sokar, y\u0131lan da sokar. Ge\u00e7enlerde Ankara&#8217;dan ma\u011faraya geldi\u011fimde yata\u011f\u0131mda y\u0131lan vard\u0131, y\u0131lan\u0131 yata\u011f\u0131mdan \u00e7\u0131kartt\u0131m ve git m\u00fcbarek dedim. Beyaz bir y\u0131lan yata\u011f\u0131m\u0131 par\u00e7alam\u0131\u015ft\u0131. Y\u0131lan\u0131 \u00e7\u0131kartt\u0131m ve b\u0131rakt\u0131m y\u00fcr\u00fcd\u00fc gitti. Y\u0131lan bana hi\u00e7 dokunmad\u0131. Y\u0131lan\u0131n bir ba\u015f\u0131nda tuttum bir de kuyru\u011fundan tuttum o \u015fekilde d\u0131\u015far\u0131ya \u00e7\u0131kartt\u0131m&#8221; ifadelerini kulland\u0131.<\/p>\n<div>\n<div><img decoding=\"async\" src=\"https:\/\/kamucalisani.net\/wp-content\/uploads\/2025\/10\/depremden-sonra-magarada-yasamaya-basladi-gelen-tebligatla-planlari-degisti-2-JnTqyn2I.jpg\"\/><\/img><\/div>\n<\/div>\n<p><\/p>\n<div>\n<div><img decoding=\"async\" src=\"https:\/\/kamucalisani.net\/wp-content\/uploads\/2025\/10\/depremden-sonra-magarada-yasamaya-basladi-gelen-tebligatla-planlari-degisti-3-w4Rynypi.jpg\"\/><\/img><\/div>\n<\/div>\n<p><\/p>\n<div>\n<div><img decoding=\"async\" src=\"https:\/\/kamucalisani.net\/wp-content\/uploads\/2025\/10\/depremden-sonra-magarada-yasamaya-basladi-gelen-tebligatla-planlari-degisti-4-zjWTUtAs.jpg\"\/><\/img><\/div>\n<\/div>\n<p><\/p>\n<div>\n<div><img decoding=\"async\" src=\"https:\/\/kamucalisani.net\/wp-content\/uploads\/2025\/10\/depremden-sonra-magarada-yasamaya-basladi-gelen-tebligatla-planlari-degisti-5-d2OhC9h8.jpg\"\/><\/img><\/div>\n<\/div>\n<p><\/p>\n<div>\n<div><img decoding=\"async\" src=\"https:\/\/kamucalisani.net\/wp-content\/uploads\/2025\/10\/depremden-sonra-magarada-yasamaya-basladi-gelen-tebligatla-planlari-degisti-6-uIdNLCwp.jpg\"\/><\/img><\/div>\n<\/div>\n<p><\/p>\n<div>\n<div><img decoding=\"async\" src=\"https:\/\/kamucalisani.net\/wp-content\/uploads\/2025\/10\/depremden-sonra-magarada-yasamaya-basladi-gelen-tebligatla-planlari-degisti-7-s7J3mQOm.jpg\"\/><\/img><\/div>\n<\/div>\n<p><\/p>\n<div>\n<div><img decoding=\"async\" src=\"https:\/\/kamucalisani.net\/wp-content\/uploads\/2025\/10\/depremden-sonra-magarada-yasamaya-basladi-gelen-tebligatla-planlari-degisti-8-e9gwA37w.jpg\"\/><\/img><\/div>\n<\/div>\n<p><\/p>\n<p>Kaynak :\u00a0<span style=\"background-color: rgb(255, 249, 236); color: rgb(55, 58, 60); font-size: 14px;\">http:\/\/www.milliyet.com.tr\/gundem\/depremden-sonra-magarada-yasamaya-basladi-gelen-tebligatla-planlari-degisti-7467093<\/span><\/p>\n","protected":false},"excerpt":{"rendered":"<p>Hatay&#8217;da depremden sonra yerle\u015fti\u011fi ma\u011farada huzuru bulan Ali Bozo\u011flan, zab\u0131ta ekipleri taraf\u0131ndan ma\u011faray\u0131 bo\u015faltmas\u0131 gerekti\u011fi evrak\u0131n\u0131n tebli\u011f edilmesi \u00fczerine ma\u011faras\u0131n\u0131 bo\u015faltma karar\u0131 ald\u0131.<\/p>\n","protected":false},"author":1,"featured_media":127799,"comment_status":"open","ping_status":"open","sticky":false,"template":"","format":"standard","meta":{"footnotes":""},"categories":[3],"tags":[8506,3587,265,8505],"class_list":["post-127798","post","type-post","status-publish","format-standard","has-post-thumbnail","hentry","category-guncel","tag-depremde","tag-hatay","tag-konteyner","tag-magarada"],"_links":{"self":[{"href":"https:\/\/kamucalisani.net\/index.php\/wp-json\/wp\/v2\/posts\/127798","targetHints":{"allow":["GET"]}}],"collection":[{"href":"https:\/\/kamucalisani.net\/index.php\/wp-json\/wp\/v2\/posts"}],"about":[{"href":"https:\/\/kamucalisani.net\/index.php\/wp-json\/wp\/v2\/types\/post"}],"author":[{"embeddable":true,"href":"https:\/\/kamucalisani.net\/index.php\/wp-json\/wp\/v2\/users\/1"}],"replies":[{"embeddable":true,"href":"https:\/\/kamucalisani.net\/index.php\/wp-json\/wp\/v2\/comments?post=127798"}],"version-history":[{"count":1,"href":"https:\/\/kamucalisani.net\/index.php\/wp-json\/wp\/v2\/posts\/127798\/revisions"}],"predecessor-version":[{"id":127809,"href":"https:\/\/kamucalisani.net\/index.php\/wp-json\/wp\/v2\/posts\/127798\/revisions\/127809"}],"wp:featuredmedia":[{"embeddable":true,"href":"https:\/\/kamucalisani.net\/index.php\/wp-json\/wp\/v2\/media\/127799"}],"wp:attachment":[{"href":"https:\/\/kamucalisani.net\/index.php\/wp-json\/wp\/v2\/media?parent=127798"}],"wp:term":[{"taxonomy":"category","embeddable":true,"href":"https:\/\/kamucalisani.net\/index.php\/wp-json\/wp\/v2\/categories?post=127798"},{"taxonomy":"post_tag","embeddable":true,"href":"https:\/\/kamucalisani.net\/index.php\/wp-json\/wp\/v2\/tags?post=127798"}],"curies":[{"name":"wp","href":"https:\/\/api.w.org\/{rel}","templated":true}]}}