{"id":127937,"date":"2025-10-19T17:18:09","date_gmt":"2025-10-19T17:18:09","guid":{"rendered":"https:\/\/kamucalisani.net\/?p=127937"},"modified":"2025-10-19T17:18:09","modified_gmt":"2025-10-19T17:18:09","slug":"disisleri-bakani-hakan-fidan-kaja-kallas-ile-gorustu","status":"publish","type":"post","link":"https:\/\/kamucalisani.net\/index.php\/2025\/10\/19\/disisleri-bakani-hakan-fidan-kaja-kallas-ile-gorustu\/","title":{"rendered":"D\u0131\u015fi\u015fleri Bakan\u0131 Hakan Fidan, Kaja Kallas ile g\u00f6r\u00fc\u015ft\u00fc"},"content":{"rendered":"<p><p>Diplomatik kaynaklardan edinilen bilgiye g\u00f6re Fidan, AB Bakanlar Konseyi Toplant\u0131s\u0131&#8217;na kat\u0131lmak i\u00e7in bulundu\u011fu L\u00fcksemburg&#8217;da AB D\u0131\u015f \u0130li\u015fkiler ve G\u00fcvenlik Politikas\u0131 Y\u00fcksek Temsilcisi Kallas ile bir araya geldi.<\/p>\n\n<p><\/p>\n<p>Kaynak :\u00a0<span style=\"background-color: rgb(255, 249, 236); color: rgb(55, 58, 60); font-size: 14px;\">http:\/\/www.milliyet.com.tr\/gundem\/disisleri-bakani-hakan-fidan-kaja-kallas-ile-gorustu-7467165<\/span><\/p>\n","protected":false},"excerpt":{"rendered":"<p>D\u0131\u015fi\u015fleri Bakan\u0131 Hakan Fidan, L\u00fcksemburg&#8217;da Avrupa Birli\u011fi (AB) D\u0131\u015f \u0130li\u015fkiler ve G\u00fcvenlik Politikas\u0131 Y\u00fcksek Temsilcisi Kaja Kallas ile g\u00f6r\u00fc\u015ft\u00fc.<\/p>\n","protected":false},"author":1,"featured_media":127938,"comment_status":"open","ping_status":"open","sticky":false,"template":"","format":"standard","meta":{"footnotes":""},"categories":[3],"tags":[],"class_list":["post-127937","post","type-post","status-publish","format-standard","has-post-thumbnail","hentry","category-guncel"],"_links":{"self":[{"href":"https:\/\/kamucalisani.net\/index.php\/wp-json\/wp\/v2\/posts\/127937","targetHints":{"allow":["GET"]}}],"collection":[{"href":"https:\/\/kamucalisani.net\/index.php\/wp-json\/wp\/v2\/posts"}],"about":[{"href":"https:\/\/kamucalisani.net\/index.php\/wp-json\/wp\/v2\/types\/post"}],"author":[{"embeddable":true,"href":"https:\/\/kamucalisani.net\/index.php\/wp-json\/wp\/v2\/users\/1"}],"replies":[{"embeddable":true,"href":"https:\/\/kamucalisani.net\/index.php\/wp-json\/wp\/v2\/comments?post=127937"}],"version-history":[{"count":1,"href":"https:\/\/kamucalisani.net\/index.php\/wp-json\/wp\/v2\/posts\/127937\/revisions"}],"predecessor-version":[{"id":127939,"href":"https:\/\/kamucalisani.net\/index.php\/wp-json\/wp\/v2\/posts\/127937\/revisions\/127939"}],"wp:featuredmedia":[{"embeddable":true,"href":"https:\/\/kamucalisani.net\/index.php\/wp-json\/wp\/v2\/media\/127938"}],"wp:attachment":[{"href":"https:\/\/kamucalisani.net\/index.php\/wp-json\/wp\/v2\/media?parent=127937"}],"wp:term":[{"taxonomy":"category","embeddable":true,"href":"https:\/\/kamucalisani.net\/index.php\/wp-json\/wp\/v2\/categories?post=127937"},{"taxonomy":"post_tag","embeddable":true,"href":"https:\/\/kamucalisani.net\/index.php\/wp-json\/wp\/v2\/tags?post=127937"}],"curies":[{"name":"wp","href":"https:\/\/api.w.org\/{rel}","templated":true}]}}