{"id":128349,"date":"2025-10-20T12:00:10","date_gmt":"2025-10-20T12:00:10","guid":{"rendered":"https:\/\/kamucalisani.net\/?p=128349"},"modified":"2025-10-20T12:00:10","modified_gmt":"2025-10-20T12:00:10","slug":"son-dakika-sahte-diploma-davasinda-gerginlik-hakimden-jandarmaya-ekrem-imamoglu-talimati","status":"publish","type":"post","link":"https:\/\/kamucalisani.net\/index.php\/2025\/10\/20\/son-dakika-sahte-diploma-davasinda-gerginlik-hakimden-jandarmaya-ekrem-imamoglu-talimati\/","title":{"rendered":"Son dakika&#8230;&#8217;Sahte diploma davas\u0131\u2019nda gerginlik! Hakimden jandarmaya Ekrem \u0130mamo\u011flu talimat\u0131"},"content":{"rendered":"<p><p>\u0130stanbul 59. Asliye Ceza Mahkemesince Silivri&#8217;deki Marmara Kapal\u0131 Ceza \u0130nfaz Kurumu&#8217;nunda yap\u0131lan duru\u015fma gergin ba\u015flad\u0131. Durusman\u0131n k\u00fc\u00e7\u00fck salonda yap\u0131lmas\u0131na tepki g\u00f6steren avukatlar duru\u015fma salonunun de\u011fi\u015ftirilmesini istedi. Bunun \u00fczerine mahkeme hakimi duru\u015fman\u0131n daha b\u00fcy\u00fck olan 2&#8217;nci salonda yap\u0131lmas\u0131na karar verdi.<\/p>\n<p><strong>\u0130MAMO\u011eLU&#8217;NUN A\u0130LES\u0130 SALONU TERK ETT\u0130<\/strong><\/p>\n<p>Yakla\u015f\u0131k bir saat aran\u0131n ard\u0131ndan 2&#8217;inci salonda ba\u015flayan duru\u015fmaya avukatlar yeniden itirazda bulundu. Daha b\u00fcy\u00fck bir salon talep eden avukatlara hakim, &#8220;Birinci salonda teknik bir sorun var&#8221; dedi. Bunun \u00fczerine Ekrem \u0130mamo\u011flu&#8217;nun ailesi, partililer ve baz\u0131 avukatlar salonu terk etti.<\/p>\n<p>Duru\u015fmadan \u00e7\u0131kan partilelilerden biri hakime seslenerek, &#8220;Ekrem \u0130mamo\u011flu ve avukatlar\u0131 duru\u015fmaya kat\u0131lmama karar\u0131 alm\u0131\u015ft\u0131r&#8221; dedi.<\/p>\n<p><strong>&#8220;BU TEPK\u0130LER\u0130N SANI\u011eA NE FAYDASI VAR&#8221;<\/strong><\/p>\n<p>Avukatlar\u0131n da salonu terk etmesine tepki g\u00f6steren hakim, &#8220;Her \u015feyi \u015fart ko\u015farak m\u0131 yapacaks\u0131n\u0131z? 1 numaral\u0131 salon m\u00fcsait de\u011fil. Sizin burada g\u00f6sterdi\u011finiz tepkinin san\u0131\u011f\u0131n savunmas\u0131na ne katk\u0131s\u0131 var. San\u0131\u011f\u0131 ben i\u00e7eri alaca\u011f\u0131m avukata tabii bir su\u00e7 de\u011fil zaten&#8221; dedi.<\/p>\n<p><strong>&#8220;SANI\u011eI SALONA GET\u0130R\u0130N&#8221;<\/strong><\/p>\n<p>Bir s\u00fcre hakimle konu\u015fan avukatlar topluca duru\u015fma salonunu terk etti. Hakim ise jandarmaya talimat vererek, &#8220;San\u0131\u011f\u0131 salona getirin&#8221; dedi. Aradan uzun zaman ge\u00e7mesine ra\u011fmen \u0130mamo\u011flu salona gelmeyince Hakim, &#8220;San\u0131\u011f\u0131n duru\u015fmaya gelmeme gibi bir durumu yok&#8221; dedi.<\/p>\n<p><strong>\u0130MAMO\u011eLU SALONA GELD\u0130<\/strong><\/p>\n<p>Ge\u00e7en k\u0131sa zaman\u0131n ard\u0131ndan Ekrem \u0130mamo\u011flu jandarma e\u015fli\u011finde duru\u015fma salonuna al\u0131nd\u0131. B\u00fct\u00fcn avukatlar\u0131n \u00e7\u0131kt\u0131\u011f\u0131 durusma salonunda \u0130mamo\u011flu&#8217;nun tek bir avukat\u0131 temsil etti.<\/p>\n<div>\n<div><img decoding=\"async\" src=\"https:\/\/kamucalisani.net\/wp-content\/uploads\/2025\/10\/son-dakikasahte-diploma-davasinda-gerginlik-hakimden-jandarmaya-ekrem-imamoglu-talimati-0-69spYJtN.jpg\"\/><\/div>\n<\/div>\n<p><strong>DURU\u015eMA \u00d6NCES\u0130 GERG\u0130NL\u0130K<\/strong><\/p>\n<p>Silivri&#8217;de tutuklu bulunan Ekrem \u0130mamo\u011flu&#8217;nun &#8220;sahte diploma&#8221; duru\u015fmas\u0131 \u00f6ncesi de gerginlik ya\u015fand\u0131. Duru\u015fma salonuna girmek isteyen kalabal\u0131k, bariyerleri y\u0131kt\u0131. Jandarma ile kabalal\u0131k aras\u0131nda arbede ya\u015fand\u0131.<\/p>\n<div>\n<div><img decoding=\"async\" src=\"https:\/\/kamucalisani.net\/wp-content\/uploads\/2025\/10\/son-dakikasahte-diploma-davasinda-gerginlik-hakimden-jandarmaya-ekrem-imamoglu-talimati-1-Oj6BF5sa.jpg\"\/><\/div>\n<\/div>\n<p><\/p>\n<div>\n<div><img decoding=\"async\" src=\"https:\/\/kamucalisani.net\/wp-content\/uploads\/2025\/10\/son-dakikasahte-diploma-davasinda-gerginlik-hakimden-jandarmaya-ekrem-imamoglu-talimati-2-9b6nU4nF.jpg\"\/><\/div>\n<\/div>\n<p><\/p>\n<div>\n<div><img decoding=\"async\" src=\"https:\/\/kamucalisani.net\/wp-content\/uploads\/2025\/10\/son-dakikasahte-diploma-davasinda-gerginlik-hakimden-jandarmaya-ekrem-imamoglu-talimati-3-2W2W6JQq.jpg\"\/><\/div>\n<\/div>\n<p><\/p>\n<p>Kaynak :\u00a0<span style=\"background-color: rgb(255, 249, 236); color: rgb(55, 58, 60); font-size: 14px;\">http:\/\/www.milliyet.com.tr\/gundem\/son-dakika-silivride-imamoglu-gerginligi-hakimden-jandarmaya-sanigi-salona-getirin-talimati-7467633<\/span><\/p>\n","protected":false},"excerpt":{"rendered":"<p>Tutuklanmas\u0131n\u0131n ard\u0131ndan \u0130stanbul B\u00fcy\u00fck\u015fehir Belediye (\u0130BB) Ba\u015fkanl\u0131\u011f\u0131 g\u00f6revinden uzakla\u015ft\u0131r\u0131lan Ekrem \u0130mamo\u011flu&#8217;nun, \u00fcniversite diplomas\u0131n\u0131n sahte oldu\u011fu iddias\u0131yla &#8220;zincirleme \u015fekilde resmi belgede sahtecilik&#8221; su\u00e7undan yarg\u0131lanmas\u0131na devam ediliyor. \u0130\u015fte duru\u015fma salonunda ya\u015fananlar&#8230;<\/p>\n","protected":false},"author":1,"featured_media":128350,"comment_status":"open","ping_status":"open","sticky":false,"template":"","format":"standard","meta":{"footnotes":""},"categories":[3],"tags":[2856,1168,2650,5441,8543],"class_list":["post-128349","post","type-post","status-publish","format-standard","has-post-thumbnail","hentry","category-guncel","tag-avukatlar","tag-durusma","tag-imamoglu","tag-salon","tag-salonu"],"_links":{"self":[{"href":"https:\/\/kamucalisani.net\/index.php\/wp-json\/wp\/v2\/posts\/128349","targetHints":{"allow":["GET"]}}],"collection":[{"href":"https:\/\/kamucalisani.net\/index.php\/wp-json\/wp\/v2\/posts"}],"about":[{"href":"https:\/\/kamucalisani.net\/index.php\/wp-json\/wp\/v2\/types\/post"}],"author":[{"embeddable":true,"href":"https:\/\/kamucalisani.net\/index.php\/wp-json\/wp\/v2\/users\/1"}],"replies":[{"embeddable":true,"href":"https:\/\/kamucalisani.net\/index.php\/wp-json\/wp\/v2\/comments?post=128349"}],"version-history":[{"count":1,"href":"https:\/\/kamucalisani.net\/index.php\/wp-json\/wp\/v2\/posts\/128349\/revisions"}],"predecessor-version":[{"id":128355,"href":"https:\/\/kamucalisani.net\/index.php\/wp-json\/wp\/v2\/posts\/128349\/revisions\/128355"}],"wp:featuredmedia":[{"embeddable":true,"href":"https:\/\/kamucalisani.net\/index.php\/wp-json\/wp\/v2\/media\/128350"}],"wp:attachment":[{"href":"https:\/\/kamucalisani.net\/index.php\/wp-json\/wp\/v2\/media?parent=128349"}],"wp:term":[{"taxonomy":"category","embeddable":true,"href":"https:\/\/kamucalisani.net\/index.php\/wp-json\/wp\/v2\/categories?post=128349"},{"taxonomy":"post_tag","embeddable":true,"href":"https:\/\/kamucalisani.net\/index.php\/wp-json\/wp\/v2\/tags?post=128349"}],"curies":[{"name":"wp","href":"https:\/\/api.w.org\/{rel}","templated":true}]}}