{"id":128408,"date":"2025-10-20T13:24:08","date_gmt":"2025-10-20T13:24:08","guid":{"rendered":"https:\/\/kamucalisani.net\/?p=128408"},"modified":"2025-10-20T13:24:08","modified_gmt":"2025-10-20T13:24:08","slug":"galatasaraydan-ayrilan-alvaro-morata-kayiplarda-9-macta-siftahi-yok","status":"publish","type":"post","link":"https:\/\/kamucalisani.net\/index.php\/2025\/10\/20\/galatasaraydan-ayrilan-alvaro-morata-kayiplarda-9-macta-siftahi-yok\/","title":{"rendered":"Galatasaray&#8217;dan ayr\u0131lan Alvaro Morata kay\u0131plarda! 9 ma\u00e7ta siftah\u0131 yok"},"content":{"rendered":"<p><p>Galatasaray&#8217;dan olayl\u0131 bir \u015fekilde ayr\u0131lan ve Como&#8217;ya transfer olan Alvaro Morata, \u0130talyan ekibinde hen\u00fcz arad\u0131\u011f\u0131n\u0131 bulamad\u0131.<\/p>\n<p><strong>TEPK\u0130 G\u00d6STERM\u0130\u015eT\u0130<\/strong><\/p>\n<p>Morata Galatasaray&#8217;dan ayr\u0131lmas\u0131n\u0131n ard\u0131ndan kendisine verilen s\u00f6zlerin tutulmad\u0131\u011f\u0131n\u0131 iddia ederek \u015fu s\u00f6zlerle tepki g\u00f6stermi\u015fti:<\/p>\n<p>Verilen s\u00f6z\u00fcn ve temel de\u011ferlere sayg\u0131n\u0131n sa\u011flanmad\u0131\u011f\u0131 anlar oldu. Maa\u015f\u0131m\u0131n bir k\u0131sm\u0131ndan ve kazand\u0131\u011f\u0131m di\u011fer s\u00f6zle\u015fme haklar\u0131ndan vazge\u00e7mekten ba\u015fka \u00e7arem kalmad\u0131\u011f\u0131 noktaya kadar verilen taahh\u00fctler sonuna kadar yerine getirilmedi. Benim i\u00e7in hayatta ve i\u015fte asla k\u0131r\u0131lmamas\u0131 gereken ilkeler vard\u0131r, her insan\u0131n haklar\u0131na sayg\u0131 gibi. Kazan\u0131lanlar\u0131 tan\u0131yamamak ve telafi edememek, benim i\u00e7in kabul edilemez ve inand\u0131\u011f\u0131m adalet ve profesyonellik de\u011ferlerine ayk\u0131r\u0131d\u0131r.<\/p>\n<p><strong>GOL ATAMADI<\/strong><\/p>\n<p>Yeni tak\u0131m\u0131 Como&#8217;nun formas\u0131yla 9 ma\u00e7ta s\u00fcre alan Alvaro Morata, rakip fileleri havaland\u0131ramad\u0131. Sadece bir asist katk\u0131s\u0131 sa\u011flayabilen \u0130spanyol golc\u00fcn\u00fcn gol eksikli\u011fi dikkat \u00e7ekti.<\/p>\n<p>Como teknik direkt\u00f6r\u00fc Cesc Fabregas ise Morata\u2019n\u0131n gol atamamas\u0131na ra\u011fmen memnuniyetini dile getirdi.<\/p>\n<p>Juventus kar\u015f\u0131s\u0131nda al\u0131nan 2-0\u2019l\u0131k galibiyet sonras\u0131 Fabregas, \u201cAlvaro Morata, istedi\u011fim her \u015feyi m\u00fckemmel bir \u015fekilde yapt\u0131. Forvetler sadece att\u0131klar\u0131 gollerle de\u011ferlendirilmez, bug\u00fcn neden burada oldu\u011funu g\u00f6sterdi.\u201d dedi.<\/p>\n<p>Ge\u00e7ti\u011fimiz sezon Galatasaray&#8217;la 16 ma\u00e7a \u00e7\u0131kan Morata, 16 ma\u00e7ta 7 gol ve 3 asistlik performans g\u00f6stermi\u015fti.<\/p>\n\n<p><\/p>\n<p>Kaynak :\u00a0<span style=\"background-color: rgb(255, 249, 236); color: rgb(55, 58, 60); font-size: 14px;\">http:\/\/www.milliyet.com.tr\/skorer\/galatasaraydan-ayrilan-alvaro-morata-kayiplarda-9-macta-siftahi-yok-7467714<\/span><\/p>\n","protected":false},"excerpt":{"rendered":"<p>Galatasaray&#8217;dan ayr\u0131l\u0131p \u0130talyan ekibi Como&#8217;ya transfer olan \u0130spanyol golc\u00fc Alvaro Morata, yeni tak\u0131m\u0131nda istedi\u011fi ba\u015flang\u0131c\u0131 yapamad\u0131.<\/p>\n","protected":false},"author":1,"featured_media":128409,"comment_status":"open","ping_status":"open","sticky":false,"template":"","format":"standard","meta":{"footnotes":""},"categories":[7],"tags":[289,4933],"class_list":["post-128408","post","type-post","status-publish","format-standard","has-post-thumbnail","hentry","category-spor","tag-gol","tag-morata"],"_links":{"self":[{"href":"https:\/\/kamucalisani.net\/index.php\/wp-json\/wp\/v2\/posts\/128408","targetHints":{"allow":["GET"]}}],"collection":[{"href":"https:\/\/kamucalisani.net\/index.php\/wp-json\/wp\/v2\/posts"}],"about":[{"href":"https:\/\/kamucalisani.net\/index.php\/wp-json\/wp\/v2\/types\/post"}],"author":[{"embeddable":true,"href":"https:\/\/kamucalisani.net\/index.php\/wp-json\/wp\/v2\/users\/1"}],"replies":[{"embeddable":true,"href":"https:\/\/kamucalisani.net\/index.php\/wp-json\/wp\/v2\/comments?post=128408"}],"version-history":[{"count":1,"href":"https:\/\/kamucalisani.net\/index.php\/wp-json\/wp\/v2\/posts\/128408\/revisions"}],"predecessor-version":[{"id":128410,"href":"https:\/\/kamucalisani.net\/index.php\/wp-json\/wp\/v2\/posts\/128408\/revisions\/128410"}],"wp:featuredmedia":[{"embeddable":true,"href":"https:\/\/kamucalisani.net\/index.php\/wp-json\/wp\/v2\/media\/128409"}],"wp:attachment":[{"href":"https:\/\/kamucalisani.net\/index.php\/wp-json\/wp\/v2\/media?parent=128408"}],"wp:term":[{"taxonomy":"category","embeddable":true,"href":"https:\/\/kamucalisani.net\/index.php\/wp-json\/wp\/v2\/categories?post=128408"},{"taxonomy":"post_tag","embeddable":true,"href":"https:\/\/kamucalisani.net\/index.php\/wp-json\/wp\/v2\/tags?post=128408"}],"curies":[{"name":"wp","href":"https:\/\/api.w.org\/{rel}","templated":true}]}}