{"id":128454,"date":"2025-10-20T14:24:11","date_gmt":"2025-10-20T14:24:11","guid":{"rendered":"https:\/\/kamucalisani.net\/?p=128454"},"modified":"2025-10-20T14:24:11","modified_gmt":"2025-10-20T14:24:11","slug":"cezaevi-firarisinin-kurbani-olmustu-goktug-calika-gozyaslariyla-veda","status":"publish","type":"post","link":"https:\/\/kamucalisani.net\/index.php\/2025\/10\/20\/cezaevi-firarisinin-kurbani-olmustu-goktug-calika-gozyaslariyla-veda\/","title":{"rendered":"Cezaevi firarisinin kurban\u0131 olmu\u015ftu! G\u00f6ktu\u011f \u00c7al\u0131k\u2019a g\u00f6zya\u015flar\u0131yla veda"},"content":{"rendered":"<p><p>Bal\u0131kesir&#8217;in Edremit il\u00e7esinde cezaevi firarisi Mustafa Emlik taraf\u0131ndan tabancayla vurularak \u00f6ld\u00fcr\u00fclenlerden jeoloji m\u00fchendisi G\u00f6ktu\u011f \u00c7al\u0131k&#8217;\u0131n cenazesi topra\u011fa verildi.<\/p>\n<p>Bursa Adli T\u0131p Kurumu morgundan yak\u0131nlar\u0131 taraf\u0131ndan al\u0131narak G\u00fcre Mahallesi&#8217;ndeki evlerinin \u00f6n\u00fcne getirilen \u00c7al\u0131k i\u00e7in helallik istendi.<\/p>\n<p>Daha sonra G\u00fcre Kapl\u0131calar\u0131 Camisi&#8217;nde \u00c7al\u0131k&#8217;\u0131n ailesi ve yak\u0131nlar\u0131 taziyeleri kabul etti. \u00c7al\u0131k&#8217;\u0131n cenazesi, burada k\u0131l\u0131nan namaz\u0131n ard\u0131ndan G\u00fcre Mahalle Mezarl\u0131\u011f\u0131&#8217;nda topra\u011fa verildi.<\/p>\n<p>Cenazeye \u00c7al\u0131k&#8217;\u0131n ailesi ve yak\u0131nlar\u0131, Edremit Kaymakam\u0131 Ahmet Odaba\u015f ve \u00e7ok say\u0131da vatanda\u015f kat\u0131ld\u0131.<\/p>\n<div>\n<div><img decoding=\"async\" src=\"https:\/\/kamucalisani.net\/wp-content\/uploads\/2025\/10\/cezaevi-firarisinin-kurbani-olmustu-goktug-calika-gozyaslariyla-veda-0-AdCULAlF.jpg\"\/><\/img><\/div>\n<\/div>\n<p>Baba Ali Murat \u00c7al\u0131k, o\u011flunun etraf\u0131nda sevilen biri oldu\u011funu belirterek, &#8220;Haftada 1- 2 gece arkada\u015flar\u0131yla 3 saat kadar d\u0131\u015far\u0131 \u00e7\u0131kar daha sonra da eve d\u00f6nerdi. O gece de yine arkada\u015flar\u0131yla bulu\u015ftuktan sonra eve d\u00f6nd\u00fc\u011f\u00fc esnada bu sald\u0131r\u0131 oldu. Evde otururken silah seslerini duyduk. Soka\u011fa \u00e7\u0131kt\u0131\u011f\u0131m\u0131zda o\u011flum kanlar i\u00e7erisinde yat\u0131yordu.&#8221; dedi.<\/p>\n<p>\u00c7al\u0131k, o\u011flunun katili tan\u0131mad\u0131\u011f\u0131n\u0131, canice ger\u00e7ekle\u015fen bir sald\u0131r\u0131n\u0131n kurban\u0131 oldu\u011funu s\u00f6yledi.<\/p>\n<p>Jeoloji m\u00fchendisi G\u00f6ktu\u011f \u00c7al\u0131k ve uzman \u00e7avu\u015f Kemal Ekri&#8217;nin \u00f6ld\u00fcr\u00fcld\u00fc\u011f\u00fc, 2&#8217;si polis 7 ki\u015finin yaraland\u0131\u011f\u0131 olayla ilgili soru\u015fturmay\u0131 s\u00fcrd\u00fcren polis ekipleri, d\u00fcn gece evinde tabancayla vurularak \u00f6ld\u00fcr\u00fclm\u00fc\u015f halde bulunan Olcay \u00d6&#8217;n\u00fcn de polis ekiplerince etkisiz hale getirilen Mustafa Emlik&#8217;in sald\u0131r\u0131s\u0131na u\u011fray\u0131p u\u011framad\u0131\u011f\u0131n\u0131 ara\u015ft\u0131r\u0131yor.<\/p>\n<div>\n<div><img decoding=\"async\" src=\"https:\/\/kamucalisani.net\/wp-content\/uploads\/2025\/10\/cezaevi-firarisinin-kurbani-olmustu-goktug-calika-gozyaslariyla-veda-1-veqGI8ZC.jpg\"\/><\/img><\/div>\n<\/div>\n<p><strong>NELER OLMU\u015eTU?<\/strong><\/p>\n<p>Bal\u0131kesir&#8217;in Edremit il\u00e7esinde d\u00fcn gece saatlerinde cezaevi firarisi Mustafa Emlik, uzman \u00e7avu\u015f Kemal Ekri&#8217;yi \u00f6ld\u00fcrd\u00fckten sonra arac\u0131n\u0131 gasbederek ka\u00e7maya \u00e7al\u0131\u015ft\u0131\u011f\u0131 s\u0131rada G\u00f6ktu\u011f \u00c7al\u0131k&#8217;\u0131 \u00f6ld\u00fcr\u00fcp, 2&#8217;si polis 7 ki\u015fiyi yaralam\u0131\u015ft\u0131. \u00c7\u0131kan \u00e7at\u0131\u015fmada Mustafa Emlik, etkisiz hale getirilmi\u015fti.<\/p>\n<p>Uzman \u00e7avu\u015f Kemal Ekri&#8217;nin cenazesi, Ankara&#8217;da d\u00fczenlenen cenaze t\u00f6reninin ard\u0131ndan son yolculu\u011funa u\u011furlanm\u0131\u015ft\u0131.<\/p>\n\n<p><\/p>\n<p>Kaynak :\u00a0<span style=\"background-color: rgb(255, 249, 236); color: rgb(55, 58, 60); font-size: 14px;\">http:\/\/www.milliyet.com.tr\/gundem\/cezaevi-firarisinin-kurbani-olmustu-goktug-calika-gozyaslariyla-veda-7467745<\/span><\/p>\n","protected":false},"excerpt":{"rendered":"<p>Bal\u0131kesir\u2019in Edremit il\u00e7esinde cezaevi firarisinin a\u00e7t\u0131\u011f\u0131 ate\u015f sonucu hayat\u0131n\u0131 kaybeden jeoloji m\u00fchendisi G\u00f6ktu\u011f \u00c7al\u0131k, g\u00f6zya\u015flar\u0131 i\u00e7inde topra\u011fa verildi. O\u011flunun cans\u0131z bedenini sokakta bulan baba Ali Murat \u00c7al\u0131k, \u201cSilah seslerini duyduk, d\u0131\u015far\u0131 \u00e7\u0131kt\u0131\u011f\u0131m\u0131zda o\u011flum kanlar i\u00e7indeydi\u201d diyerek y\u00fcrekleri da\u011flad\u0131. Edremit\u2019i sarsan olayla ilgili soru\u015fturma s\u00fcr\u00fcyor.<\/p>\n","protected":false},"author":1,"featured_media":128455,"comment_status":"open","ping_status":"open","sticky":false,"template":"","format":"standard","meta":{"footnotes":""},"categories":[3],"tags":[8554,1157],"class_list":["post-128454","post","type-post","status-publish","format-standard","has-post-thumbnail","hentry","category-guncel","tag-calik","tag-cenaze"],"_links":{"self":[{"href":"https:\/\/kamucalisani.net\/index.php\/wp-json\/wp\/v2\/posts\/128454","targetHints":{"allow":["GET"]}}],"collection":[{"href":"https:\/\/kamucalisani.net\/index.php\/wp-json\/wp\/v2\/posts"}],"about":[{"href":"https:\/\/kamucalisani.net\/index.php\/wp-json\/wp\/v2\/types\/post"}],"author":[{"embeddable":true,"href":"https:\/\/kamucalisani.net\/index.php\/wp-json\/wp\/v2\/users\/1"}],"replies":[{"embeddable":true,"href":"https:\/\/kamucalisani.net\/index.php\/wp-json\/wp\/v2\/comments?post=128454"}],"version-history":[{"count":1,"href":"https:\/\/kamucalisani.net\/index.php\/wp-json\/wp\/v2\/posts\/128454\/revisions"}],"predecessor-version":[{"id":128458,"href":"https:\/\/kamucalisani.net\/index.php\/wp-json\/wp\/v2\/posts\/128454\/revisions\/128458"}],"wp:featuredmedia":[{"embeddable":true,"href":"https:\/\/kamucalisani.net\/index.php\/wp-json\/wp\/v2\/media\/128455"}],"wp:attachment":[{"href":"https:\/\/kamucalisani.net\/index.php\/wp-json\/wp\/v2\/media?parent=128454"}],"wp:term":[{"taxonomy":"category","embeddable":true,"href":"https:\/\/kamucalisani.net\/index.php\/wp-json\/wp\/v2\/categories?post=128454"},{"taxonomy":"post_tag","embeddable":true,"href":"https:\/\/kamucalisani.net\/index.php\/wp-json\/wp\/v2\/tags?post=128454"}],"curies":[{"name":"wp","href":"https:\/\/api.w.org\/{rel}","templated":true}]}}