{"id":128976,"date":"2025-10-21T11:30:12","date_gmt":"2025-10-21T11:30:12","guid":{"rendered":"https:\/\/kamucalisani.net\/?p=128976"},"modified":"2025-10-21T11:30:12","modified_gmt":"2025-10-21T11:30:12","slug":"5-kardesin-can-verdigi-faciada-anne-icin-karar-cocuklarimi-dusununce-aklima-toprak-kokusu-geliyor","status":"publish","type":"post","link":"https:\/\/kamucalisani.net\/index.php\/2025\/10\/21\/5-kardesin-can-verdigi-faciada-anne-icin-karar-cocuklarimi-dusununce-aklima-toprak-kokusu-geliyor\/","title":{"rendered":"5 karde\u015fin can verdi\u011fi faciada anne i\u00e7in karar: \u00c7ocuklar\u0131m\u0131 d\u00fc\u015f\u00fcn\u00fcnce akl\u0131ma toprak kokusu geliyor"},"content":{"rendered":"<p><p>Cumhuriyet Mahallesi Tav\u015fantepe mevkisinde tek katl\u0131 evde oturan, e\u015fi Hakan Akcan bir su\u00e7tan dolay\u0131 cezaevinde bulunan ve ailesinin ge\u00e7imini hurdac\u0131l\u0131k yaparak sa\u011flayan Melisa Akcan, ge\u00e7en y\u0131l 11 Kas\u0131m&#8217;da saat 19.00 s\u0131ralar\u0131nda 5 \u00e7ocu\u011funu evde b\u0131rak\u0131p, hurda toplamaya gitti. Bir s\u00fcre sonra evde bulunan soban\u0131n devrilmesi sonucu yang\u0131n \u00e7\u0131kt\u0131. Alevler k\u0131sa s\u00fcrede evi sararken, i\u00e7eride bulunan Aras Bulut Akcan (1), Masal I\u015f\u0131k Akcan (2), Aslan Mira\u00e7 Akcan (3), Funda Peri Akcan (4) ve Fadime Nefes Akcan (5) karde\u015fler mahsur kald\u0131. Kom\u015fular\u0131n 112 Acil \u00c7a\u011fr\u0131 Merkezi&#8217;ne ihbar\u0131yla adrese itfaiye, polis ve sa\u011fl\u0131k ekipleri sevk edildi. Yang\u0131n ekiplerin m\u00fcdahalesiyle s\u00f6nd\u00fcr\u00fcld\u00fc.<\/p>\n<div>\n<div><img decoding=\"async\" src=\"https:\/\/kamucalisani.net\/wp-content\/uploads\/2025\/10\/5-kardesin-can-verdigi-faciada-anne-icin-karar-cocuklarimi-dusununce-aklima-toprak-kokusu-geliyor-arOZZPBR.jpg\"\/><\/img><\/div>\n<\/div>\n<p><strong>YAN YANA TOPRA\u011eA VER\u0130LD\u0130LER<\/strong><\/p>\n<p>Evden \u00e7\u0131kar\u0131lan 5 \u00e7ocuktan 3&#8217;\u00fcn\u00fcn zehirlenerek hayat\u0131n\u0131 kaybetti\u011fi belirlendi. Yaralanan 2 \u00e7ocuk da kald\u0131r\u0131ld\u0131klar\u0131 hastanede kurtar\u0131lamad\u0131. Yang\u0131nla ilgili yap\u0131lan ilk incelemede, kap\u0131n\u0131n kilitli oldu\u011fu tespit edildi. \u00c7ocuklar\u0131n\u0131 kaybetmenin ac\u0131s\u0131 ile sinir krizi ge\u00e7iren ve kald\u0131r\u0131ld\u0131\u011f\u0131 hastanede tedaviye al\u0131nan Melisa Akcan, taburcu olduktan sonra ifadesi i\u00e7in polis merkezine g\u00f6t\u00fcr\u00fcld\u00fc.<\/p>\n<div>\n<div><img decoding=\"async\" src=\"https:\/\/kamucalisani.net\/wp-content\/uploads\/2025\/10\/5-kardesin-can-verdigi-faciada-anne-icin-karar-cocuklarimi-dusununce-aklima-toprak-kokusu-geliyor-LWPmXfyH.jpg\"\/><\/img><\/div>\n<\/div>\n<p>Adliyeye sevk edilen Melisa Akcan, adli kontrol \u015fart\u0131yla serbest b\u0131rak\u0131ld\u0131. 5 karde\u015fin cenazeleri, bir g\u00fcn sonra Acarlar Mezarl\u0131\u011f\u0131&#8217;nda yan yana topra\u011fa verildi.<\/p>\n<p><strong>\u0130DD\u0130ANAME KABUL ED\u0130LD\u0130<\/strong><\/p>\n<p>Olay\u0131n ard\u0131ndan ba\u015flat\u0131lan soru\u015fturma tamamland\u0131. \u0130ddianamede; Sinem Melisa Akcan&#8217;\u0131n \u00e7ocuklar\u0131n\u0131 uyutup elektrikli \u0131s\u0131t\u0131c\u0131y\u0131 a\u00e7\u0131p hurda toplamak i\u00e7in evden ayr\u0131ld\u0131\u011f\u0131 belirtildi. \u00c7ocuklar\u0131n ya\u015flar\u0131 itibar\u0131yla \u0131s\u0131t\u0131c\u0131y\u0131 devirebilecekleri ya da herhangi bir \u015fekilde \u0131s\u0131t\u0131c\u0131n\u0131n devrilerek yang\u0131na yol a\u00e7abilece\u011fi hayat\u0131n ola\u011fan ak\u0131\u015f\u0131na g\u00f6re \u00f6ng\u00f6r\u00fclebilir olarak de\u011ferlendirilirken, Akcan&#8217;\u0131n meydana gelen sonucu istemedi\u011fi halde \u00f6ng\u00f6rd\u00fc\u011f\u00fcn\u00fcn kabul\u00fc gerekti\u011fine vurgu yap\u0131ld\u0131. \u0130ddianamede; \u015f\u00fcphelinin, \u00f6z \u00e7ocuklar\u0131n\u0131n \u00f6l\u00fcm\u00fcnden sorumlu oldu\u011funa yer verildi.<\/p>\n<p>Akcan hakk\u0131nda &#8216;Bilin\u00e7li taksirle birden fazla ki\u015finin \u00f6l\u00fcm\u00fcne sebep olma&#8217; su\u00e7undan 20 y\u0131la kadar hapis cezas\u0131 istemiyle iddianame haz\u0131rland\u0131. Akcan&#8217;\u0131n ailevi durumun bak\u0131m\u0131ndan ma\u011fduriyet ya\u015fad\u0131\u011f\u0131, bu nedenle de indirim h\u00fck\u00fcmlerinin uygulanmas\u0131 talep edilerek iddianame mahkemeye sunuldu. \u0130ddianame Torbal\u0131 A\u011f\u0131r Ceza Mahkemesi taraf\u0131ndan kabul edildi.<\/p>\n<p><strong>\u0130LK KEZ HAK\u0130M \u00d6N\u00dcNDE<\/strong><\/p>\n<p>Tutuksuz san\u0131k Sinem Melisa Akcan, bug\u00fcn ilk kez hakim kar\u015f\u0131s\u0131na \u00e7\u0131kt\u0131. Torbal\u0131 A\u011f\u0131r Ceza Mahkemesi\u2019nde g\u00f6r\u00fclen duru\u015fmaya Akcan ile taraf avukatlar\u0131 kat\u0131ld\u0131.<\/p>\n<p>Duru\u015fmada savunma yapan Akcan, olay\u0131n ard\u0131ndan psikolojik olarak zor g\u00fcnler ge\u00e7irdi\u011fini s\u00f6yledi. Akcan, \u201cOlay g\u00fcn\u00fc evden \u00e7\u0131karken \u00e7ocuklar \u00fc\u015f\u00fcmesin diye elektrikli soban\u0131n tek telini a\u00e7t\u0131m. 20 dakika kadar d\u0131\u015far\u0131da kald\u0131m. 1 g\u00fcn \u00f6ncesinde hurdalar\u0131 toplay\u0131p evin arkas\u0131na b\u0131rakm\u0131\u015ft\u0131m. Olay tarihinde hurdalar\u0131 al\u0131c\u0131ya g\u00f6t\u00fcrd\u00fcm. 400 lira elden, 400 liray\u0131 hesaptan ald\u0131m. H\u0131zl\u0131 olsun diye paran\u0131n bir k\u0131sm\u0131n\u0131 dahi elden almad\u0131m. \u00c7ocuklar\u0131m\u0131n \u00f6l\u00fcm\u00fcnden sonra psikiyatrik ve psikolojik tedavi ald\u0131m. Ya\u015fam\u0131m\u0131 ila\u00e7larla s\u00fcrd\u00fcr\u00fcyorum&#8221; dedi.<\/p>\n<div>\n<div><img decoding=\"async\" src=\"https:\/\/kamucalisani.net\/wp-content\/uploads\/2025\/10\/5-kardesin-can-verdigi-faciada-anne-icin-karar-cocuklarimi-dusununce-aklima-toprak-kokusu-geliyor-61LNfm8N.jpg\"\/><\/img><\/div>\n<\/div>\n<p><strong>\u2018EVDEN \u00c7IKMASAM Y\u0130YECEK GET\u0130REMEZD\u0130M\u2019<\/strong><\/p>\n<p>Sobay\u0131 en k\u00fc\u00e7\u00fck \u00e7ocu\u011funun devirmi\u015f olabilece\u011fini belirten Akcan, \u201cSoba daha \u00f6nce devrilmemi\u015fti. Evden \u00e7\u0131kmadan b\u00fct\u00fcn \u00e7ocuklar\u0131m\u0131 uyutmu\u015ftum. Evden \u00e7\u0131kmasayd\u0131m eve yiyecek bir \u015feyler getiremeyecektim. En k\u00fc\u00e7\u00fck olan\u0131n tam uyumad\u0131\u011f\u0131n\u0131 d\u00fc\u015f\u00fcn\u00fcyorum. Hepsini uyuttum ancak o yar\u0131 uyur vaziyetteydi. Sobay\u0131 o devirmi\u015f olabilir. \u00c7ocuklar\u0131m \u00e7ok yaramazlard\u0131. Birbirleriyle oynarken bir \u015feyleri devirirlerdi. Onlar\u0131 \u00e7ok seviyordum. Ba\u015flar\u0131na b\u00f6yle bir \u015fey gelmesini istemezdim. Kesinlikle k\u00f6t\u00fc bir niyetim veya dikkatsizli\u011fim kaynaklanan bir durum yoktur. Sadece \u00fc\u015f\u00fcmesinler diye elektrik sobas\u0131n\u0131 a\u00e7t\u0131m. Zaten \u00e7ocuklar hastalard\u0131 ve daha fazla \u00fc\u015f\u00fctmelerini istemedim&#8221; ifadelerini kulland\u0131.<\/p>\n<section>\n<div>\n<div>\n<div>\n<div>\n<div><img decoding=\"async\" src=\"https:\/\/kamucalisani.net\/wp-content\/uploads\/2025\/10\/5-kardesin-can-verdigi-faciada-anne-icin-karar-cocuklarimi-dusununce-aklima-toprak-kokusu-geliyor-itTvIxdT.jpg\"\/><\/img><\/div>\n<div><span><span><b>1\/<\/b><em>5<\/em><\/span><\/span><\/div>\n<\/div>\n<div>\n<div><img decoding=\"async\" src=\"https:\/\/kamucalisani.net\/wp-content\/uploads\/2025\/10\/5-kardesin-can-verdigi-faciada-anne-icin-karar-cocuklarimi-dusununce-aklima-toprak-kokusu-geliyor-WkN8br9Q.jpg\"\/><\/img><\/div>\n<div><span><span><b>2\/<\/b><em>5<\/em><\/span><\/span><\/div>\n<\/div>\n<div>\n<div><img decoding=\"async\" src=\"https:\/\/kamucalisani.net\/wp-content\/uploads\/2025\/10\/5-kardesin-can-verdigi-faciada-anne-icin-karar-cocuklarimi-dusununce-aklima-toprak-kokusu-geliyor-2cl8eeja.jpg\"\/><\/img><\/div>\n<div><span><span><b>3\/<\/b><em>5<\/em><\/span><\/span><\/div>\n<\/div>\n<div>\n<div><img decoding=\"async\" src=\"https:\/\/kamucalisani.net\/wp-content\/uploads\/2025\/10\/5-kardesin-can-verdigi-faciada-anne-icin-karar-cocuklarimi-dusununce-aklima-toprak-kokusu-geliyor-9gQu3hF7.jpg\"\/><\/img><\/div>\n<div><span><span><b>4\/<\/b><em>5<\/em><\/span><\/span><\/div>\n<\/div>\n<div>\n<div><img decoding=\"async\" src=\"https:\/\/kamucalisani.net\/wp-content\/uploads\/2025\/10\/5-kardesin-can-verdigi-faciada-anne-icin-karar-cocuklarimi-dusununce-aklima-toprak-kokusu-geliyor-8idFzZwJ.jpg\"\/><\/img><\/div>\n<div><span><span><b>5\/<\/b><em>5<\/em><\/span><\/span><\/div>\n<\/div>\n<\/div>\n<\/div>\n<\/div>\n<\/section>\n<p><strong>BABA \u015e\u0130KAYET\u00c7\u0130 OLMADI<\/strong><\/p>\n<p>Sinem Melisa Akcan&#8217;\u0131n ard\u0131ndan ba\u015fka bir su\u00e7tan cezaevinde bulunan baba Hasan Akcan davaya SEGB\u0130S ile kat\u0131ld\u0131. E\u015finden \u015fikayet\u00e7i olmayan Akcan, \u201cE\u015fim k\u00f6t\u00fc niyetle davranmam\u0131\u015ft\u0131r. \u00c7ocuklara bakmaya, b\u00fcy\u00fctmeye \u00e7al\u0131\u015f\u0131yordu. \u015eikayetim yoktur&#8221; dedi. Akcan\u2019\u0131n avukat\u0131 Cengiz Sertta\u015f da m\u00fcvekkilinin beraatini talep etti.<\/p>\n<p>Savunmalar\u0131n ard\u0131ndan t\u00fcm delillerin topland\u0131\u011f\u0131n\u0131 belirten iddia makam\u0131 esas hakk\u0131nda m\u00fctalaas\u0131n\u0131 sundu. M\u00fctalaada san\u0131k hakk\u0131nda \u2018Bilin\u00e7li taksirle birden fazla ki\u015finin \u00f6l\u00fcm\u00fcne sebep olma&#8217; su\u00e7undan 20 y\u0131la kadar hapis cezas\u0131 istenirken, indirim h\u00fck\u00fcmlerinin uygulanmas\u0131 y\u00f6n\u00fcnde de g\u00f6r\u00fc\u015f bildirildi.<\/p>\n<p><strong>\u2018B\u0130TT\u0130M, YOK OLDUM\u2019<\/strong><\/p>\n<p>Esas hakk\u0131nda m\u00fctalaaya ili\u015fkin s\u00f6z verilen san\u0131k Akcan, \u201c\u00c7ocuklar\u0131m\u0131n kokusunu d\u00fc\u015f\u00fcn\u00fcnce akl\u0131ma toprak kokusu geliyor. Bittim, yok oldum&#8221; dedi.<\/p>\n<p>Savunmalar\u0131n ard\u0131ndan karar a\u00e7\u0131kland\u0131. Akcan&#8217;\u0131n olayda bilin\u00e7li taksiri olmad\u0131\u011f\u0131na karar veren heyet, Akcan\u2019\u0131n \u00e7ocuklar\u0131n vefat\u0131yla \u00fcz\u00fcnt\u00fc duydu\u011funa ve ceza verilmesine yer olmad\u0131\u011f\u0131na h\u00fckmetti. Heyet, Akcan\u2019\u0131n adli kontrol h\u00fck\u00fcmlerini de kald\u0131rd\u0131. (DHA)<\/p>\n<p>\u00a0<\/p>\n\n<p><\/p>\n<p>Kaynak :\u00a0<span style=\"background-color: rgb(255, 249, 236); color: rgb(55, 58, 60); font-size: 14px;\">http:\/\/www.milliyet.com.tr\/gundem\/5-kardesin-can-verdigi-faciada-anne-icin-karar-cocuklarimin-dusununce-aklima-toprak-kokusu-geliyor-7468244<\/span><\/p>\n","protected":false},"excerpt":{"rendered":"<p>\u0130zmir&#8217;in Sel\u00e7uk il\u00e7esinde 5 \u00e7ocu\u011funun hayat\u0131n\u0131 kaybetti\u011fi yang\u0131na ili\u015fkin &#8216;Bilin\u00e7li taksirle birden fazla ki\u015finin \u00f6l\u00fcm\u00fcne sebep olma&#8217; su\u00e7undan 20 y\u0131la kadar hapis istemiyle hakim kar\u015f\u0131s\u0131na \u00e7\u0131kan Sinem Melisa Akcan\u2019a (28) ceza verilmesine yer olmad\u0131\u011f\u0131na karar verildi. Akcan, \u201c\u00c7ocuklar\u0131m\u0131n kokusunu d\u00fc\u015f\u00fcn\u00fcnce akl\u0131ma toprak kokusu geliyor. Bittim, yok oldum&#8221; dedi.<\/p>\n","protected":false},"author":1,"featured_media":128977,"comment_status":"open","ping_status":"open","sticky":false,"template":"","format":"standard","meta":{"footnotes":""},"categories":[3],"tags":[386,173,1599,8600,65],"class_list":["post-128976","post","type-post","status-publish","format-standard","has-post-thumbnail","hentry","category-guncel","tag-ceza","tag-cocuk","tag-iddianame","tag-melisa","tag-yan"],"_links":{"self":[{"href":"https:\/\/kamucalisani.net\/index.php\/wp-json\/wp\/v2\/posts\/128976","targetHints":{"allow":["GET"]}}],"collection":[{"href":"https:\/\/kamucalisani.net\/index.php\/wp-json\/wp\/v2\/posts"}],"about":[{"href":"https:\/\/kamucalisani.net\/index.php\/wp-json\/wp\/v2\/types\/post"}],"author":[{"embeddable":true,"href":"https:\/\/kamucalisani.net\/index.php\/wp-json\/wp\/v2\/users\/1"}],"replies":[{"embeddable":true,"href":"https:\/\/kamucalisani.net\/index.php\/wp-json\/wp\/v2\/comments?post=128976"}],"version-history":[{"count":1,"href":"https:\/\/kamucalisani.net\/index.php\/wp-json\/wp\/v2\/posts\/128976\/revisions"}],"predecessor-version":[{"id":128986,"href":"https:\/\/kamucalisani.net\/index.php\/wp-json\/wp\/v2\/posts\/128976\/revisions\/128986"}],"wp:featuredmedia":[{"embeddable":true,"href":"https:\/\/kamucalisani.net\/index.php\/wp-json\/wp\/v2\/media\/128977"}],"wp:attachment":[{"href":"https:\/\/kamucalisani.net\/index.php\/wp-json\/wp\/v2\/media?parent=128976"}],"wp:term":[{"taxonomy":"category","embeddable":true,"href":"https:\/\/kamucalisani.net\/index.php\/wp-json\/wp\/v2\/categories?post=128976"},{"taxonomy":"post_tag","embeddable":true,"href":"https:\/\/kamucalisani.net\/index.php\/wp-json\/wp\/v2\/tags?post=128976"}],"curies":[{"name":"wp","href":"https:\/\/api.w.org\/{rel}","templated":true}]}}