{"id":129305,"date":"2025-10-21T21:00:11","date_gmt":"2025-10-21T21:00:11","guid":{"rendered":"https:\/\/kamucalisani.net\/?p=129305"},"modified":"2025-10-21T21:00:11","modified_gmt":"2025-10-21T21:00:11","slug":"chp-genel-baskani-ozel-partisinin-kastamonu-il-kongresinde-konustu","status":"publish","type":"post","link":"https:\/\/kamucalisani.net\/index.php\/2025\/10\/21\/chp-genel-baskani-ozel-partisinin-kastamonu-il-kongresinde-konustu\/","title":{"rendered":"CHP Genel Ba\u015fkan\u0131 \u00d6zel, partisinin Kastamonu \u0130l Kongresi&#8217;nde konu\u015ftu"},"content":{"rendered":"<p><p>Atat\u00fcrk Spor Salonu&#8217;nda ger\u00e7ekle\u015ftirilen partisinin 39. Ola\u011fan Kastamonu \u0130l Kongresi&#8217;nde konu\u015fan \u00d6zel, Kastamonu&#8217;nun Cumhuriyet kenti oldu\u011funu s\u00f6yledi.\u00a0<\/p>\n<p>Son yerel se\u00e7imlere de\u011finen \u00d6zel, &#8220;Cumhuriyet Halk Partisi olarak 47 y\u0131ld\u0131r birinci parti olamam\u0131\u015ft\u0131k, iktidar y\u00fcz\u00fc g\u00f6rememi\u015ftik. Sabrettik, kusuru ne Kastamonu&#8217;da arad\u0131k ne de T\u00fcrkiye&#8217;deki insanlarda arad\u0131k. &#8216;Hata bizdedir, daha \u00e7ok \u00e7al\u0131\u015fmal\u0131y\u0131z, bir \u015fekilde ba\u015farmal\u0131y\u0131z&#8217; dedik. 47 y\u0131l sabrettik ve son se\u00e7imlerde do\u011fru adaylarla, gen\u00e7 adaylarla, kad\u0131nlara alan a\u00e7arak, belediye meclislerinde gen\u00e7lik ve kad\u0131n kotalar\u0131n\u0131 tam uygulayarak, gen\u00e7lerle, kad\u0131n erkek e\u015fitli\u011fiyle ve bilimsel y\u00f6ntemlerle saptanm\u0131\u015f adaylarla T\u00fcrkiye&#8217;nin kar\u015f\u0131s\u0131na \u00e7\u0131kt\u0131k. 47 y\u0131l sonra se\u00e7imlerden birinci parti olarak \u00e7\u0131kmay\u0131 ba\u015fard\u0131k. Bizim 47 y\u0131l g\u00f6sterdi\u011fimiz sabr\u0131 Adalet ve Kalk\u0131nma Partisi 47 ay g\u00f6sterseydi, Cumhurba\u015fkanl\u0131\u011f\u0131 se\u00e7im s\u00fcreci ba\u015flayacakt\u0131. B\u0131rak\u0131n 47 ay, 47 g\u00fcn bile g\u00f6stermediler, sabretmediler.&#8221; diye konu\u015ftu.\u00a0<\/p>\n<p>Milletin hizmet bekledi\u011fini belirten \u00d6zel, \u015funlar\u0131 kaydetti:\u00a0<\/p>\n<p>&#8220;Kimseyle kavga etmedik, kimseye k\u00f6t\u00fc s\u00f6z s\u00f6ylemedik. Tam 1 y\u0131l boyunca ne Say\u0131n Erdo\u011fan bana dava a\u00e7t\u0131 \u00e7\u00fcnk\u00fc dava a\u00e7aca\u011f\u0131 bir \u015fey s\u00f6ylemedim ne de biz onlara bir dava a\u00e7t\u0131k. \u00d6yle bir s\u00fcre\u00e7te ba\u015flad\u0131k biz \u00e7al\u0131\u015fmaya, millet takdir etmeye ba\u015flad\u0131. Sonra anketler yap\u0131ld\u0131. Y\u00fczde 52 oyla se\u00e7ilen Kastamonu Belediye Ba\u015fkan\u0131n\u0131n memnuniyeti y\u00fczde 64 \u00e7\u0131kt\u0131. T\u00fcrkiye&#8217;de her bir belediye ba\u015fkan\u0131m\u0131z\u0131n ortalama oylar\u0131 y\u00fczde 38 iken kendilerinden memnuniyet, beklenti y\u00fczde 49 iken, ba\u015fkanlar\u0131m\u0131z y\u00fczde 59 oran\u0131na \u00e7\u0131kt\u0131. B\u00fct\u00fcn yap\u0131lan anketlerde Cumhuriyet Halk Partisi birinci parti \u00e7\u0131kt\u0131. O y\u00fczden Cumhuriyet Halk Partisinin, Cumhuriyet Halk Partililerin nas\u0131r\u0131na basmaya ba\u015flad\u0131lar. 1 y\u0131ld\u0131r yapmad\u0131klar\u0131 zul\u00fcm, etmedikleri haks\u0131zl\u0131k kalmad\u0131. Yarg\u0131 kollar\u0131 ba\u015fkan\u0131, eyl\u00fcl ay\u0131n\u0131n ba\u015f\u0131nda dedi\u011fi iddianame, ekim ay\u0131n\u0131n sonunda \u00e7\u0131kt\u0131. D\u00fcnk\u00fc iddianameyi (Aziz \u0130hsan Akta\u015f su\u00e7 \u00f6rg\u00fct\u00fcne y\u00f6nelik iddianame) g\u00f6rd\u00fck ki 570 sayfa iddianame bekledi\u011fimiz gibi tel tel d\u00f6k\u00fcl\u00fcyor. \u0130\u00e7inde kan\u0131t de\u011fil, i\u00e7eri al\u0131n\u0131p konmu\u015f, &#8216;\u015funa imza atarsan \u00e7\u0131kart\u0131r\u0131m&#8217; diyerek itiraf\u00e7\u0131 ad\u0131 alt\u0131nda iftirac\u0131 yap\u0131lm\u0131\u015flar\u0131n ifadeleri d\u0131\u015f\u0131nda hi\u00e7bir \u015fey yok. Kan\u0131t yok, ispat yok, &#8216;r\u00fc\u015fvet&#8217; diyor, veren yok, alan yok. Sadece oraya att\u0131r\u0131lm\u0131\u015f yalanlar, gizli tan\u0131k diye x, y, z, q9, bilmem ne diye numara verdi\u011fi kendi gizli tan\u0131klar\u0131n\u0131n iftiralar\u0131 var. \u0130stanbul B\u00fcy\u00fck\u015fehir iddianamesini de sab\u0131rs\u0131zl\u0131kla bekliyoruz, sabr\u0131m\u0131z t\u00fckendi art\u0131k, sab\u0131rla bekliyoruz.&#8221;\u00a0<\/p>\n<p>CHP Genel Ba\u015fkan\u0131 \u00d6zel, &#8220;O iddianameyi yarg\u0131lanmak i\u00e7in de\u011fil, yarg\u0131lamak i\u00e7in bekliyoruz, ben bu laf\u0131 s\u00f6yleyince AK Parti&#8217;nin S\u00f6zc\u00fcs\u00fc \u00d6mer \u00c7elik, o kadar atik bir arkada\u015f ki hemen cevap vermi\u015f. Ben bunu bug\u00fcn demiyorum, 3 ayd\u0131r s\u00f6yl\u00fcyorum.&#8221; ifadelerini kulland\u0131.\u00a0<\/p>\n<p><strong>&#8220;T\u00dcRK\u0130YE NAD\u0130R TOPRAK ELEMENTLER\u0130N\u0130 KEND\u0130 \u00c7IKARTMALI, KEND\u0130 \u0130\u015eLEMEL\u0130&#8221;\u00a0<\/strong><\/p>\n<p>Demokrasiye ba\u011fl\u0131l\u0131klar\u0131n\u0131n tam oldu\u011funu dile getiren \u00d6zel, &#8220;Buradan a\u00e7\u0131k\u00e7a s\u00f6yl\u00fcyoruz, biz ne demokrasi d\u0131\u015f\u0131 bir yerlerden medet umar\u0131z ne Amerika&#8217;ya gider Trump&#8217;tan medet umar\u0131z, sadece ve sadece milletimize g\u00fcveniriz.&#8221; dedi.<\/p>\n<p>&#8220;T\u00fcrkiye nadir toprak elementlerini sadece ve sadece kendi \u00e7\u0131kartmal\u0131, kendi i\u015flemeli.&#8221; diyen \u00d6zel, &#8220;Bunlar\u0131n yabanc\u0131 \u00fclkelere ihrac\u0131 yasak olmal\u0131.&#8221; ifadesini kulland\u0131.\u00a0<\/p>\n<p>G\u00fcl bah\u00e7esi vadetmedi\u011fini belirten \u00d6zel, &#8220;Hi\u00e7birinize hemen \u00f6n\u00fcm\u00fczde g\u00fczel g\u00fcnler vadetmiyorum, kolay yol y\u00fcr\u00fcy\u00fc\u015f\u00fc, dikensiz g\u00fcl bah\u00e7eleri vadetmiyorum. Ben size 100 y\u0131l \u00f6nce oldu\u011fu gibi \u015fartlar ne kadar zor olursa olsun, rakip ne kadar zalim olursa olsun, kar\u015f\u0131m\u0131zdaki i\u015fbirli\u011fi ne kadar g\u00fc\u00e7l\u00fc, ne kadar g\u00f6z\u00fc d\u00f6nm\u00fc\u015f, ne kadar d\u0131\u015far\u0131 ba\u011fl\u0131 olursa olsun, ben size cesaretle m\u00fccadele vadediyorum. Dikenlerin \u00fczerine basa basa y\u00fcr\u00fcyece\u011fimiz bir yol ama teslim olmadan, ezilmeden. Ezilsen de teslim olmamay\u0131, yenilmemeyi vadediyorum.&#8221; diye konu\u015ftu<\/p>\n\n<p><\/p>\n<p>Kaynak :\u00a0<span style=\"background-color: rgb(255, 249, 236); color: rgb(55, 58, 60); font-size: 14px;\">http:\/\/www.milliyet.com.tr\/gundem\/chp-genel-baskani-ozel-partisinin-kastamonu-il-kongresinde-konustu-7468545<\/span><\/p>\n","protected":false},"excerpt":{"rendered":"<p>CHP Genel Ba\u015fkan\u0131 \u00d6zg\u00fcr \u00d6zel, &#8220;Cumhuriyet Halk Partisi olarak 47 y\u0131ld\u0131r birinci parti olamam\u0131\u015ft\u0131k, iktidar y\u00fcz\u00fc g\u00f6rememi\u015ftik. Sabrettik, &#8216;hata bizdedir, daha \u00e7ok \u00e7al\u0131\u015fmal\u0131y\u0131z, bir \u015fekilde ba\u015farmal\u0131y\u0131z&#8217; dedik. 47 y\u0131l sonra se\u00e7imlerden birinci parti olarak \u00e7\u0131kmay\u0131 ba\u015fard\u0131k.&#8221; dedi.<\/p>\n","protected":false},"author":1,"featured_media":129306,"comment_status":"open","ping_status":"open","sticky":false,"template":"","format":"standard","meta":{"footnotes":""},"categories":[3],"tags":[1606,1599,582,3705,6998],"class_list":["post-129305","post","type-post","status-publish","format-standard","has-post-thumbnail","hentry","category-guncel","tag-cumhuriyet","tag-iddianame","tag-parti","tag-partisi","tag-sadece"],"_links":{"self":[{"href":"https:\/\/kamucalisani.net\/index.php\/wp-json\/wp\/v2\/posts\/129305","targetHints":{"allow":["GET"]}}],"collection":[{"href":"https:\/\/kamucalisani.net\/index.php\/wp-json\/wp\/v2\/posts"}],"about":[{"href":"https:\/\/kamucalisani.net\/index.php\/wp-json\/wp\/v2\/types\/post"}],"author":[{"embeddable":true,"href":"https:\/\/kamucalisani.net\/index.php\/wp-json\/wp\/v2\/users\/1"}],"replies":[{"embeddable":true,"href":"https:\/\/kamucalisani.net\/index.php\/wp-json\/wp\/v2\/comments?post=129305"}],"version-history":[{"count":1,"href":"https:\/\/kamucalisani.net\/index.php\/wp-json\/wp\/v2\/posts\/129305\/revisions"}],"predecessor-version":[{"id":129307,"href":"https:\/\/kamucalisani.net\/index.php\/wp-json\/wp\/v2\/posts\/129305\/revisions\/129307"}],"wp:featuredmedia":[{"embeddable":true,"href":"https:\/\/kamucalisani.net\/index.php\/wp-json\/wp\/v2\/media\/129306"}],"wp:attachment":[{"href":"https:\/\/kamucalisani.net\/index.php\/wp-json\/wp\/v2\/media?parent=129305"}],"wp:term":[{"taxonomy":"category","embeddable":true,"href":"https:\/\/kamucalisani.net\/index.php\/wp-json\/wp\/v2\/categories?post=129305"},{"taxonomy":"post_tag","embeddable":true,"href":"https:\/\/kamucalisani.net\/index.php\/wp-json\/wp\/v2\/tags?post=129305"}],"curies":[{"name":"wp","href":"https:\/\/api.w.org\/{rel}","templated":true}]}}