{"id":129377,"date":"2025-10-22T05:06:08","date_gmt":"2025-10-22T05:06:08","guid":{"rendered":"https:\/\/kamucalisani.net\/?p=129377"},"modified":"2025-10-22T05:06:08","modified_gmt":"2025-10-22T05:06:08","slug":"fenerbahcede-sadettin-saran-sporla-yatip-kalkiyor","status":"publish","type":"post","link":"https:\/\/kamucalisani.net\/index.php\/2025\/10\/22\/fenerbahcede-sadettin-saran-sporla-yatip-kalkiyor\/","title":{"rendered":"Fenerbah\u00e7e&#8217;de Sadettin Saran, sporla yat\u0131p kalk\u0131yor"},"content":{"rendered":"<p><p>Fenerbah\u00e7e Ba\u015fkan\u0131 Saadettin Saran uzun y\u0131llara dayanan sporcu ki\u015fili\u011fi ile \u00f6ne \u00e7\u0131k\u0131yor.<\/p>\n<p>Yo\u011fun i\u015f temposuna ra\u011fmen sporu hi\u00e7 ihmal etmeyen 61 ya\u015f\u0131ndaki Saran her sabah erken kalk\u0131p sporunu yap\u0131yor ve ard\u0131ndan holdinginin ba\u015f\u0131na ge\u00e7iyordu. Saran, i\u015f sonras\u0131 da yine ak\u015fam sporunu yap\u0131p g\u00fcn\u00fc \u00f6yle bitiriyordu. Sadettin Saran\u2019\u0131n ba\u015fkan olduktan sonra art\u0131k \u00e7ok daha yo\u011fun bir mesaisi var. Kendi i\u015flerinden \u00e7ok art\u0131k kul\u00fcple ilgilenmeye ba\u015flayan Saran\u2019\u0131n zaman ile de bir m\u00fccadelesi de bulunuyor.<\/p>\n<p>Ba\u015fkan buna ra\u011fmen spordan vazge\u00e7miyor. Art\u0131k her zamankinden daha erken kalk\u0131yor. Ak\u015fam sporunu ge\u00e7 saat de olsa ihmal etmiyor. Ba\u015fkan olmadan \u00f6nce saat 07.00 gibi g\u00fcne ba\u015flayan Saran bunu bir saat \u00f6ne \u00e7ekti. Sabah sporunu art\u0131k 06.00\u2019da yap\u0131yor ve ard\u0131ndan kul\u00fcpteki mesaisine ba\u015fl\u0131yor. Sporcu ki\u015fili\u011finden \u00f6d\u00fcn vermeyen Saran ak\u015fam kul\u00fcp i\u015fleri bittikten sonra da 23.00 gibi olsa da sporunu yap\u0131p g\u00fcn\u00fc \u00f6yle tamaml\u0131yor.<\/p>\n<p>D\u00fcnyan\u0131n en b\u00fcy\u00fck spor kul\u00fcplerinden biri olan Fenerbah\u00e7e\u2019de, ba\u015fkan\u0131n bu ya\u015fam\u0131 ve disiplini kul\u00fcp i\u00e7indeki bir\u00e7ok sporcuya da \u00f6rnek te\u015fkil ediyor. Sporunu yap\u0131p sonra ba\u015fkanl\u0131k koltu\u011fa oturan bir Saran disipliniyle ideal bir profil olu\u015fturuyor. Kul\u00fcpteki sporcular\u0131n da bundan etkilendikleri ve ba\u015fkan\u0131n sporcu olmas\u0131 sebebiyle kendilerini daha kolay anlad\u0131\u011f\u0131 belirtiliyor.<\/p>\n<p><strong>\u00c7al\u0131\u015fana destek<\/strong><\/p>\n<p>Gen\u00e7li\u011finde spor bursu ile ABD\u2019ye giden ve burada kazand\u0131\u011f\u0131 disiplin sayesinde ba\u015far\u0131l\u0131 olan Sadettin Saran \u015firketlerinde bunu devam ettiriyor. \u015eirketlerde \u00e7al\u0131\u015fanlar i\u00e7in \u00f6zel spor salonu yapt\u0131ran Saran ayr\u0131ca personelin \u015firkete yak\u0131n spor salonlar\u0131ndan \u00fccretsiz faydalanmas\u0131n\u0131 da sa\u011flad\u0131. \u0130steyenler \u015firkette isteyen ise Saran\u2019\u0131n anla\u015ft\u0131\u011f\u0131 en iyi spor salonlar\u0131nda \u00fccretsiz olarak spor yapabiliyor.<\/p>\n<p><strong>TFF\u2019ye ziyaret<\/strong><\/p>\n<p>Fenerbah\u00e7e Y\u00f6netim Kurulu, T\u00fcrkiye Futbol Federasyonu\u2019nu ziyaret etti. Riva\u2019ya \u00e7\u0131karma yapan Ba\u015fkan Sadettin Saran ve sar\u0131-lacivertli y\u00f6neticiler, TFF Ba\u015fkan\u0131 \u0130brahim Hac\u0131osmano\u011flu ile bir araya gelerek, fikir al\u0131\u015fveri\u015finde bulundu. Y\u00f6netim Kurulu \u00dcyesi Ali G\u00fcrb\u00fcz, \u201cS\u0131cak bir ortamda nezaket ziyareti ger\u00e7ekle\u015ftirdik. TFF\u2019den sadece \u015feffafl\u0131k istedik, herhangi bir \u00f6zel konu konu\u015fulmad\u0131\u201d dedi.<\/p>\n\n<p><\/p>\n<p>Kaynak :\u00a0<span style=\"background-color: rgb(255, 249, 236); color: rgb(55, 58, 60); font-size: 14px;\">http:\/\/www.milliyet.com.tr\/skorer\/fenerbahcede-sadettin-saran-sporla-yatip-kalkiyor-7468613<\/span><\/p>\n","protected":false},"excerpt":{"rendered":"<p>Fenerbah\u00e7e Ba\u015fkan\u0131 Sadettin Saran sporcu ki\u015fili\u011fiyle dikkat \u00e7ekiyor. G\u00fcn\u00fcn ilk \u00e7al\u0131\u015fmas\u0131n\u0131 sabah 06.00\u2019da yapan ve daha sonra kul\u00fcbe ge\u00e7en 61 ya\u015f\u0131ndaki Saran, i\u015f yo\u011funlu\u011funa ald\u0131rm\u0131yor. Saat 23.00 gibi de olsa ikinci antrenman\u0131 ihmal etmeyen sar\u0131-lacivertli ba\u015fkan g\u00fcn\u00fc \u00f6yle tamaml\u0131yor.<\/p>\n","protected":false},"author":1,"featured_media":129378,"comment_status":"open","ping_status":"open","sticky":false,"template":"","format":"standard","meta":{"footnotes":""},"categories":[7],"tags":[186,3958,3521,397,8624],"class_list":["post-129377","post","type-post","status-publish","format-standard","has-post-thumbnail","hentry","category-spor","tag-baskan","tag-kulup","tag-saran","tag-spor","tag-sporu"],"_links":{"self":[{"href":"https:\/\/kamucalisani.net\/index.php\/wp-json\/wp\/v2\/posts\/129377","targetHints":{"allow":["GET"]}}],"collection":[{"href":"https:\/\/kamucalisani.net\/index.php\/wp-json\/wp\/v2\/posts"}],"about":[{"href":"https:\/\/kamucalisani.net\/index.php\/wp-json\/wp\/v2\/types\/post"}],"author":[{"embeddable":true,"href":"https:\/\/kamucalisani.net\/index.php\/wp-json\/wp\/v2\/users\/1"}],"replies":[{"embeddable":true,"href":"https:\/\/kamucalisani.net\/index.php\/wp-json\/wp\/v2\/comments?post=129377"}],"version-history":[{"count":1,"href":"https:\/\/kamucalisani.net\/index.php\/wp-json\/wp\/v2\/posts\/129377\/revisions"}],"predecessor-version":[{"id":129379,"href":"https:\/\/kamucalisani.net\/index.php\/wp-json\/wp\/v2\/posts\/129377\/revisions\/129379"}],"wp:featuredmedia":[{"embeddable":true,"href":"https:\/\/kamucalisani.net\/index.php\/wp-json\/wp\/v2\/media\/129378"}],"wp:attachment":[{"href":"https:\/\/kamucalisani.net\/index.php\/wp-json\/wp\/v2\/media?parent=129377"}],"wp:term":[{"taxonomy":"category","embeddable":true,"href":"https:\/\/kamucalisani.net\/index.php\/wp-json\/wp\/v2\/categories?post=129377"},{"taxonomy":"post_tag","embeddable":true,"href":"https:\/\/kamucalisani.net\/index.php\/wp-json\/wp\/v2\/tags?post=129377"}],"curies":[{"name":"wp","href":"https:\/\/api.w.org\/{rel}","templated":true}]}}