{"id":129745,"date":"2025-10-22T15:24:10","date_gmt":"2025-10-22T15:24:10","guid":{"rendered":"https:\/\/kamucalisani.net\/?p=129745"},"modified":"2025-10-22T15:24:10","modified_gmt":"2025-10-22T15:24:10","slug":"okumus-kadin-incinmissin-dedi-viral-oldu-cansiz-bedeni-bulundu","status":"publish","type":"post","link":"https:\/\/kamucalisani.net\/index.php\/2025\/10\/22\/okumus-kadin-incinmissin-dedi-viral-oldu-cansiz-bedeni-bulundu\/","title":{"rendered":"&#8216;Okumu\u015f kad\u0131n, incinmi\u015fsin dedi&#8217; viral oldu! Cans\u0131z bedeni bulundu"},"content":{"rendered":"<p><p>Olay, saat 12.30 s\u0131ralar\u0131nda Sel\u00e7uklu il\u00e7esi B\u00fcy\u00fckkayac\u0131k Mahallesi 6\u2019nc\u0131 Organize Sanayi B\u00f6lgesi 515 Sokak\u2019taki park alan\u0131nda meydana geldi. \u00c7evredekiler, 42 VZ 153 plakal\u0131 kamyonun \u015fof\u00f6r mahallinde bir ki\u015finin hareketsiz halde oldu\u011funu fark edip, 112 Acil \u00c7a\u011fr\u0131 Merkezi\u2019ne ihbarda bulundu.<\/p>\n<div>\n<div><img decoding=\"async\" src=\"https:\/\/kamucalisani.net\/wp-content\/uploads\/2025\/10\/okumus-kadin-incinmissin-dedi-viral-oldu-cansiz-bedeni-bulundu-0-BgZrJRqS.jpg\"\/><\/div>\n<\/div>\n<p>\u0130hbar \u00fczerine adrese polis ve sa\u011fl\u0131k ekibi sevk edildi. Ekipler, yapt\u0131\u011f\u0131 inceleme ad\u0131n\u0131n Hasan Fehmi Kaya oldu\u011fu belirlenen ki\u015finin \u00f6ld\u00fc\u011f\u00fcn\u00fc tespit etti. Diyabet hastas\u0131 oldu\u011fu ve v\u00fccudunda herhangi bir darp ya da yara izi bulunmayan Kaya&#8217;n\u0131n 4 y\u0131l \u00f6nce &#8216;Okumu\u015f kad\u0131n, incinmi\u015fsin dedi&#8217; videosu sosyal medyada viral oldu\u011fu ortaya \u00e7\u0131kt\u0131.<\/p>\n<div>\n<div><img decoding=\"async\" src=\"https:\/\/kamucalisani.net\/wp-content\/uploads\/2025\/10\/okumus-kadin-incinmissin-dedi-viral-oldu-cansiz-bedeni-bulundu-1-s4KRTgI5.jpg\"\/><\/div>\n<\/div>\n<p>Kaya&#8217;n\u0131n cans\u0131z bedeni kesin \u00f6l\u00fcm nedeninin belirlenmesi i\u00e7in Konya Adli T\u0131p Kurumu&#8217;na kald\u0131r\u0131ld\u0131. (DHA)<\/p>\n<p>\u00a0<\/p>\n\n<p><\/p>\n<p>Kaynak :\u00a0<span style=\"background-color: rgb(255, 249, 236); color: rgb(55, 58, 60); font-size: 14px;\">http:\/\/www.milliyet.com.tr\/gundem\/okumus-kadin-incinmissin-dedi-viral-oldu-cansiz-bedeni-bulundu-7469155<\/span><\/p>\n","protected":false},"excerpt":{"rendered":"<p>Konya&#8217;da 4 y\u0131l \u00f6nce &#8216;Okumu\u015f kad\u0131n, incinmi\u015fsin dedi&#8217; videosu sosyal medyada viral olan Hasan Fehmi Kaya (42), kamyonunda \u00f6l\u00fc bulundu. Kaya\u2019n\u0131n cans\u0131z bedeni, kesin \u00f6l\u00fcm nedeninin belirlenmesi i\u00e7in adli t\u0131p kurumuna kald\u0131r\u0131ld\u0131.<\/p>\n","protected":false},"author":1,"featured_media":129746,"comment_status":"open","ping_status":"open","sticky":false,"template":"","format":"standard","meta":{"footnotes":""},"categories":[3],"tags":[],"class_list":["post-129745","post","type-post","status-publish","format-standard","has-post-thumbnail","hentry","category-guncel"],"_links":{"self":[{"href":"https:\/\/kamucalisani.net\/index.php\/wp-json\/wp\/v2\/posts\/129745","targetHints":{"allow":["GET"]}}],"collection":[{"href":"https:\/\/kamucalisani.net\/index.php\/wp-json\/wp\/v2\/posts"}],"about":[{"href":"https:\/\/kamucalisani.net\/index.php\/wp-json\/wp\/v2\/types\/post"}],"author":[{"embeddable":true,"href":"https:\/\/kamucalisani.net\/index.php\/wp-json\/wp\/v2\/users\/1"}],"replies":[{"embeddable":true,"href":"https:\/\/kamucalisani.net\/index.php\/wp-json\/wp\/v2\/comments?post=129745"}],"version-history":[{"count":1,"href":"https:\/\/kamucalisani.net\/index.php\/wp-json\/wp\/v2\/posts\/129745\/revisions"}],"predecessor-version":[{"id":129749,"href":"https:\/\/kamucalisani.net\/index.php\/wp-json\/wp\/v2\/posts\/129745\/revisions\/129749"}],"wp:featuredmedia":[{"embeddable":true,"href":"https:\/\/kamucalisani.net\/index.php\/wp-json\/wp\/v2\/media\/129746"}],"wp:attachment":[{"href":"https:\/\/kamucalisani.net\/index.php\/wp-json\/wp\/v2\/media?parent=129745"}],"wp:term":[{"taxonomy":"category","embeddable":true,"href":"https:\/\/kamucalisani.net\/index.php\/wp-json\/wp\/v2\/categories?post=129745"},{"taxonomy":"post_tag","embeddable":true,"href":"https:\/\/kamucalisani.net\/index.php\/wp-json\/wp\/v2\/tags?post=129745"}],"curies":[{"name":"wp","href":"https:\/\/api.w.org\/{rel}","templated":true}]}}