{"id":129846,"date":"2025-10-22T18:12:11","date_gmt":"2025-10-22T18:12:11","guid":{"rendered":"https:\/\/kamucalisani.net\/?p=129846"},"modified":"2025-10-22T18:12:11","modified_gmt":"2025-10-22T18:12:11","slug":"bakan-uraloglu-74-bin-594-zararli-baglantiyi-erisime-engelledik","status":"publish","type":"post","link":"https:\/\/kamucalisani.net\/index.php\/2025\/10\/22\/bakan-uraloglu-74-bin-594-zararli-baglantiyi-erisime-engelledik\/","title":{"rendered":"Bakan Uralo\u011flu: 74 bin 594 zararl\u0131 ba\u011flant\u0131y\u0131 eri\u015fime engelledik"},"content":{"rendered":"<p><figure> <span> <img decoding=\"async\" src=\"https:\/\/kamucalisani.net\/wp-content\/uploads\/2025\/10\/bakan-uraloglu-74-bin-594-zararli-baglantiyi-erisime-engelledik-0-HTvzbPyw.jpg\"\/> <\/span> Ula\u015ft\u0131rma ve Altyap\u0131 Bakan\u0131 Abdulkadir Uralo\u011flu, Bilgi Teknolojileri ve \u0130leti\u015fim Kurumunda (BTK) d\u00fczenlenen &#8220;18. Uluslararas\u0131 Bilgi G\u00fcvenli\u011fi ve Kriptoloji Konferans\u0131&#8221;nda \u00e7e\u015fitli a\u00e7\u0131klamalar yapt\u0131. <\/figure>\n<p>Bakan Uralo\u011flu, \u201c2025 Ekim ay\u0131 itibar\u0131yla <strong>74 bin 594<\/strong> zararl\u0131 ba\u011flant\u0131y\u0131 altyap\u0131 seviyesinde eri\u015fime engelledik ve 306 g\u00fcvenlik bildirimi yay\u0131mlayarak ilgili kurumlarla payla\u015ft\u0131k. Sadece son bir haftada 502 bin 173 zararl\u0131 internet adresine eri\u015fim engeli uygulad\u0131k\u201d dedi.<\/p>\n<p>Ulusal Siber Olaylara M\u00fcdahale Merkezi (USOM) taraf\u0131ndan geli\u015ftirilen yapay zeka zararl\u0131 ba\u011flant\u0131lar\u0131 otomatik olarak tespit ediyor. Yapay zekan\u0131n tespitlerine g\u00f6re vatanda\u015flar\u0131m\u0131z\u0131 doland\u0131rmaya y\u00f6nelik, <strong>oltalama<\/strong> ama\u00e7l\u0131 zararl\u0131 ba\u011flant\u0131larda son g\u00fcnlerde art\u0131\u015f ya\u015fand\u0131. Eri\u015fime engellenen alan adlar\u0131n\u0131n y\u00fczde 99\u2019a yak\u0131n\u0131 (74 bin 205) bu ama\u00e7la kurulan sitelerden olu\u015fuyor. Bu sitelere eri\u015fim engellendi.\u00a0<\/p>\n<p>Bakan Uralo\u011flu, \u015fletmeciler taraf\u0131ndan iletilen raporlara g\u00f6re 2024&#8217;te 215 binin \u00fczerinde, 2025 y\u0131l\u0131 Ekim ay\u0131 itibar\u0131yla ise 182 binin \u00fczerinde siber sald\u0131r\u0131 raporland\u0131\u011f\u0131n\u0131 ve bunlar\u0131n engellendi\u011fini a\u00e7\u0131klad\u0131.<\/p>\n<p><b>5G yapay zeka ile taranacak<\/b><\/p>\n<p>USOM taraf\u0131ndan yapay zeka destekli analiz sistemleri, <strong>5G<\/strong> a\u011f\u0131nda kullan\u0131lan yaz\u0131l\u0131m ve donan\u0131mlar\u0131n g\u00fcvenilirli\u011fini s\u00fcrekli olarak denetleyecek. Olas\u0131 tehditler ger\u00e7ek zamanl\u0131 olarak belirlenip \u00f6nlenecek. Mobil ileti\u015fimde g\u00fcvenlik sa\u011flanacak.<\/p>\n<p><b>\u00c7ocuklar i\u00e7in sosyal medya d\u00fczenlemesi yolda<\/b><\/p>\n<p>\u00c7ocuklara y\u00f6nelik sosyal medya d\u00fczenlemesi i\u00e7in \u00e7al\u0131\u015fmalar\u0131n devam etti\u011fini belirten Uralo\u011flu, \u015funlar\u0131 s\u00f6yledi:<\/p>\n<p>\u201c16 ya\u015f alt\u0131 \u00e7ocuklar i\u00e7in sosyal medya kullan\u0131m\u0131na y\u00f6nelik yeni d\u00fczenlemeler \u00fczerinde \u00e7al\u0131\u015fmaya devam ediyoruz. \u0130lk a\u015famada 13 ya\u015f alt\u0131 i\u00e7in bir d\u00fczenleme d\u00fc\u015f\u00fcn\u00fclm\u00fc\u015fse de Bakanl\u0131k olarak \u00f6nerimiz, uluslararas\u0131 literat\u00fcrle de uyumlu \u015fekilde 16 ya\u015f alt\u0131 i\u00e7in kapsaml\u0131 bir d\u00fczenleme yap\u0131lmas\u0131 y\u00f6n\u00fcndedir. Belki 15 ya\u015f olacak, bunu ilgili taraflarla konu\u015fuyoruz. Sosyal medya sa\u011flay\u0131c\u0131lar\u0131na bu konuda y\u00fck\u00fcml\u00fcl\u00fckler getirerek \u00e7ocuklar\u0131n korunmas\u0131n\u0131 daha etkin hale getirmeyi ve ailelerin bu s\u00fcrece aktif kat\u0131l\u0131m\u0131n\u0131 sa\u011flamay\u0131 hedefliyoruz. Teknik ekiplerimiz uygulanabilir bir model \u00fczerinde yo\u011fun \u015fekilde \u00e7al\u0131\u015f\u0131yor.\u201d<\/p>\n\n<p>Kaynak\u00a0 :\u00a0<span style=\"background-color: rgb(255, 249, 236); color: rgb(55, 58, 60); font-size: 14px;\">https:\/\/www.donanimhaber.com\/bakan-uraloglu-74-bin-594-zararli-baglantiyi-erisime-engelledik&#8211;197647<\/span><\/p>\n","protected":false},"excerpt":{"rendered":"<p>Ula\u015ft\u0131rma ve Altyap\u0131 Bakan\u0131 Abdulkadir Uralo\u011flu, Bilgi Teknolojileri ve \u0130leti\u015fim Kurumunda (BTK) d\u00fczenlenen &#8220;18. Uluslararas\u0131 Bilgi G\u00fcvenli\u011fi ve Kriptoloji Konferans\u0131&#8221;nda \u00e7e\u015fitli a\u00e7\u0131klamalar yapt\u0131. Bakan Uralo\u011flu, \u201c2025 Ekim ay\u0131 itibar\u0131yla 74 &#8230;<\/p>\n","protected":false},"author":1,"featured_media":129847,"comment_status":"open","ping_status":"open","sticky":false,"template":"","format":"standard","meta":{"footnotes":""},"categories":[8],"tags":[1336,226],"class_list":["post-129846","post","type-post","status-publish","format-standard","has-post-thumbnail","hentry","category-teknoloji","tag-duzenleme","tag-yas"],"_links":{"self":[{"href":"https:\/\/kamucalisani.net\/index.php\/wp-json\/wp\/v2\/posts\/129846","targetHints":{"allow":["GET"]}}],"collection":[{"href":"https:\/\/kamucalisani.net\/index.php\/wp-json\/wp\/v2\/posts"}],"about":[{"href":"https:\/\/kamucalisani.net\/index.php\/wp-json\/wp\/v2\/types\/post"}],"author":[{"embeddable":true,"href":"https:\/\/kamucalisani.net\/index.php\/wp-json\/wp\/v2\/users\/1"}],"replies":[{"embeddable":true,"href":"https:\/\/kamucalisani.net\/index.php\/wp-json\/wp\/v2\/comments?post=129846"}],"version-history":[{"count":1,"href":"https:\/\/kamucalisani.net\/index.php\/wp-json\/wp\/v2\/posts\/129846\/revisions"}],"predecessor-version":[{"id":129849,"href":"https:\/\/kamucalisani.net\/index.php\/wp-json\/wp\/v2\/posts\/129846\/revisions\/129849"}],"wp:featuredmedia":[{"embeddable":true,"href":"https:\/\/kamucalisani.net\/index.php\/wp-json\/wp\/v2\/media\/129847"}],"wp:attachment":[{"href":"https:\/\/kamucalisani.net\/index.php\/wp-json\/wp\/v2\/media?parent=129846"}],"wp:term":[{"taxonomy":"category","embeddable":true,"href":"https:\/\/kamucalisani.net\/index.php\/wp-json\/wp\/v2\/categories?post=129846"},{"taxonomy":"post_tag","embeddable":true,"href":"https:\/\/kamucalisani.net\/index.php\/wp-json\/wp\/v2\/tags?post=129846"}],"curies":[{"name":"wp","href":"https:\/\/api.w.org\/{rel}","templated":true}]}}