{"id":129940,"date":"2025-10-22T20:42:09","date_gmt":"2025-10-22T20:42:09","guid":{"rendered":"https:\/\/kamucalisani.net\/?p=129940"},"modified":"2025-10-22T20:42:09","modified_gmt":"2025-10-22T20:42:09","slug":"besiktas-konyaspor-maci-sonrasi-sergen-yalcindan-itiraf-bir-sure-aci-cekecegiz","status":"publish","type":"post","link":"https:\/\/kamucalisani.net\/index.php\/2025\/10\/22\/besiktas-konyaspor-maci-sonrasi-sergen-yalcindan-itiraf-bir-sure-aci-cekecegiz\/","title":{"rendered":"Be\u015fikta\u015f &#8211; Konyaspor ma\u00e7\u0131 sonras\u0131 Sergen Yal\u00e7\u0131n&#8217;dan itiraf! &#8216;Bir s\u00fcre ac\u0131 \u00e7ekece\u011fiz&#8217;"},"content":{"rendered":"<p><p>Erteleme ma\u00e7\u0131nda Konyaspor ile deplasmanda kar\u015f\u0131 kar\u015f\u0131ya gelen Be\u015fikta\u015f, ilk yar\u0131da Wilfried Ndidi, ikinci yar\u0131da Tammy Abraham&#8217;\u0131n golleriyle sahadan 2-0 galip ayr\u0131ld\u0131.<\/p>\n<p>Ma\u00e7\u0131n ard\u0131ndan s\u00f6z alan Sergen Yal\u00e7\u0131n, siyah-beyazl\u0131lar\u0131n sorunlar\u0131n\u0131n fark\u0131nda oldu\u011funu, ancak bu sorunlar\u0131n k\u0131sa vadede \u00e7\u00f6z\u00fclemeyece\u011fini itiraf etti.<\/p>\n<p><strong>Sergen Yal\u00e7\u0131n&#8217;\u0131n s\u00f6zleri \u015fu \u015fekilde:<\/strong><\/p>\n<p><strong>&#8216;SORUNLARI \u00c7\u00d6ZECEK ZAMANIMIZ YOK&#8217;<\/strong><\/p>\n<p>Biz her \u015feyin fark\u0131nday\u0131z. Sorunlar\u0131 \u00e7\u00f6zmek i\u00e7in zaman gerekiyor. Bir\u00e7ok sebep var. Sebeplerin fark\u0131nday\u0131z ama \u015fu anda \u00e7\u00f6zecek zaman\u0131m\u0131z yok. O y\u00fczden ac\u0131 \u00e7ekerek gidece\u011fiz. Ama alt\u0131 ay, bir sene zarf\u0131nda bir\u00e7ok \u015feyin d\u00fczelece\u011fini d\u00fc\u015f\u00fcn\u00fcyorum.<\/p>\n<p>4 g\u00fcn \u00f6nce hi\u00e7 beklenmeyen bir sonucun ard\u0131ndan b\u00f6yle bir deplasman zor geliyor. Psikolojisi zor bir ma\u00e7 ama b\u00fcy\u00fck tak\u0131mlar b\u00f6yle durumlarda reaksiyon g\u00f6sterir.<\/p>\n\n<p><\/p>\n<p>Kaynak :\u00a0<span style=\"background-color: rgb(255, 249, 236); color: rgb(55, 58, 60); font-size: 14px;\">http:\/\/www.milliyet.com.tr\/skorer\/besiktas-konyaspor-maci-sonrasi-sergen-yalcindan-itiraf-bir-sure-aci-cekecegiz-7469241<\/span><\/p>\n","protected":false},"excerpt":{"rendered":"<p>Be\u015fikta\u015f&#8217;\u0131n Konyaspor&#8217;u 2-0 ma\u011flup etti\u011fi kar\u015f\u0131la\u015fman\u0131n ard\u0131ndan konu\u015fan Sergen Yal\u00e7\u0131n, sorunlar\u0131n fark\u0131nda olduklar\u0131n\u0131 ancak bu sorunlar\u0131n hemen \u00e7\u00f6z\u00fclemeyece\u011fini belirtti.<\/p>\n","protected":false},"author":1,"featured_media":129941,"comment_status":"open","ping_status":"open","sticky":false,"template":"","format":"standard","meta":{"footnotes":""},"categories":[7],"tags":[],"class_list":["post-129940","post","type-post","status-publish","format-standard","has-post-thumbnail","hentry","category-spor"],"_links":{"self":[{"href":"https:\/\/kamucalisani.net\/index.php\/wp-json\/wp\/v2\/posts\/129940","targetHints":{"allow":["GET"]}}],"collection":[{"href":"https:\/\/kamucalisani.net\/index.php\/wp-json\/wp\/v2\/posts"}],"about":[{"href":"https:\/\/kamucalisani.net\/index.php\/wp-json\/wp\/v2\/types\/post"}],"author":[{"embeddable":true,"href":"https:\/\/kamucalisani.net\/index.php\/wp-json\/wp\/v2\/users\/1"}],"replies":[{"embeddable":true,"href":"https:\/\/kamucalisani.net\/index.php\/wp-json\/wp\/v2\/comments?post=129940"}],"version-history":[{"count":1,"href":"https:\/\/kamucalisani.net\/index.php\/wp-json\/wp\/v2\/posts\/129940\/revisions"}],"predecessor-version":[{"id":129942,"href":"https:\/\/kamucalisani.net\/index.php\/wp-json\/wp\/v2\/posts\/129940\/revisions\/129942"}],"wp:featuredmedia":[{"embeddable":true,"href":"https:\/\/kamucalisani.net\/index.php\/wp-json\/wp\/v2\/media\/129941"}],"wp:attachment":[{"href":"https:\/\/kamucalisani.net\/index.php\/wp-json\/wp\/v2\/media?parent=129940"}],"wp:term":[{"taxonomy":"category","embeddable":true,"href":"https:\/\/kamucalisani.net\/index.php\/wp-json\/wp\/v2\/categories?post=129940"},{"taxonomy":"post_tag","embeddable":true,"href":"https:\/\/kamucalisani.net\/index.php\/wp-json\/wp\/v2\/tags?post=129940"}],"curies":[{"name":"wp","href":"https:\/\/api.w.org\/{rel}","templated":true}]}}