{"id":130249,"date":"2025-10-23T11:06:10","date_gmt":"2025-10-23T11:06:10","guid":{"rendered":"https:\/\/kamucalisani.net\/?p=130249"},"modified":"2025-10-23T11:06:10","modified_gmt":"2025-10-23T11:06:10","slug":"zeytinburnunda-bicakli-kavga-1-olu-2-yarali","status":"publish","type":"post","link":"https:\/\/kamucalisani.net\/index.php\/2025\/10\/23\/zeytinburnunda-bicakli-kavga-1-olu-2-yarali\/","title":{"rendered":"Zeytinburnu&#8217;nda b\u0131\u00e7akl\u0131 kavga! 1 \u00f6l\u00fc, 2 yaral\u0131"},"content":{"rendered":"<p><p>Zeytinburnu&#8217;ndaki olay, d\u00fcn ak\u015fam saat 20.30 s\u0131ralar\u0131nda Telsiz Mahallesi&#8217;nde meydana geldi. Edinilen bilgiye g\u00f6re, iki grup aras\u0131nda hen\u00fcz bilinmeyen bir nedenle \u00e7\u0131kan tart\u0131\u015fma b\u00fcy\u00fcyerek kavgaya d\u00f6n\u00fc\u015ft\u00fc. Kar\u015f\u0131l\u0131kl\u0131 b\u0131\u00e7aklar\u0131n kullan\u0131ld\u0131\u011f\u0131 kavgada 1&#8217;i a\u011f\u0131r 3 ki\u015fi yaraland\u0131. G\u00f6\u011fs\u00fcnden ve karn\u0131ndan ald\u0131\u011f\u0131 b\u0131\u00e7ak darbeleriyle a\u011f\u0131r yaralanan Ahmet Dolu, kald\u0131r\u0131ld\u0131\u011f\u0131 hastanede yap\u0131lan t\u00fcm m\u00fcdahalelere ra\u011fmen hayat\u0131n\u0131 kaybetti. Muhammed \u00c7ift\u00e7i (20) ve Furkan Bas\u0131\u00e7 (20) isimli yaral\u0131lar\u0131n ise hastanede tedavilerinin s\u00fcrd\u00fc\u011f\u00fc \u00f6\u011frenildi. \u00d6len Ahmet Dolu&#8217;nun cenazesi Adli T\u0131p Kurumu morguna kald\u0131r\u0131ld\u0131.<\/p>\n<p><strong>OLAY ANI G\u00dcVENL\u0130K KAMERASINDA<\/strong><\/p>\n<p>\u0130ki grup aras\u0131nda ba\u015flayan kavgan\u0131n ilk anlar\u0131 \u00e7evrede bulunan bir g\u00fcvenlik kameras\u0131na yans\u0131d\u0131. Farkl\u0131 bir soka\u011fa ta\u015fan kavgadan ka\u00e7an yaral\u0131lar\u0131n ise kan kayb\u0131 nedeniyle sokak ortas\u0131na d\u00fc\u015ft\u00fc\u011f\u00fc ve \u00e7evredekilerin yard\u0131ma ko\u015ftu\u011fu anlar da farkl\u0131 bir i\u015f yerinin g\u00fcvenlik kameras\u0131na yans\u0131d\u0131.<\/p>\n<div>\n<div><img decoding=\"async\" src=\"https:\/\/kamucalisani.net\/wp-content\/uploads\/2025\/10\/zeytinburnunda-bicakli-kavga-1-olu-2-yarali-0-bLOZOxV5.jpg\"\/><\/div>\n<\/div>\n<p><strong>&#8216;\u0130\u00c7ER\u0130DEN HAVLU GET\u0130REREK YARDIMCI OLDUK&#8217;<\/strong><\/p>\n<p>\u00c7evrede esnafl\u0131k yapan Emirhan Alata\u015f ya\u015fanan olay nedeniyle \u00fczg\u00fcn oldu\u011funu belirterek, &#8220;\u00c7al\u0131\u015ft\u0131\u011f\u0131m s\u0131rada ba\u011f\u0131rma sesleri geldi. Gen\u00e7 ya\u015flarda iki ki\u015fi yerde ba\u011f\u0131r\u0131yorlard\u0131. Yakla\u015ft\u0131m ikisi de kan i\u00e7indeydi. \u0130lk ba\u015fta ne oldu\u011funu anlamad\u0131k. \u0130nsanlar toplanm\u0131\u015ft\u0131, yerlerde kanlar vard\u0131. \u0130\u00e7eriden havlu getirerek yard\u0131mc\u0131 olduk. Tampon yapt\u0131k, destekte bulunduk. Sonras\u0131nda ambulans ve polis geldi. Yaral\u0131n\u0131n bir tanesi a\u011f\u0131rd\u0131 iki, \u00fc\u00e7 yerinden b\u0131\u00e7aklanm\u0131\u015ft\u0131. Di\u011fer yaral\u0131 iki yerinden b\u0131\u00e7aklanm\u0131\u015ft\u0131. S\u0131rt ve g\u00f6bek b\u00f6lgesinde vard\u0131. \u00c7ok detayl\u0131 bakamad\u0131m, sadece kan\u0131 durdurmak i\u00e7in u\u011fra\u015ft\u0131k&#8221; dedi.<\/p>\n<p><strong>SU\u00c7 KAYITLARI ORTAYA \u00c7IKTI<\/strong><\/p>\n<p>\u00d6te yandan, hayat\u0131n\u0131 kaybeden Ahmet Dolu&#8217;nun 5, yaral\u0131lardan Muhammed \u00c7ift\u00e7i&#8217;nin 7, Furkan Bas\u0131\u00e7&#8217;\u0131n ise 8 su\u00e7 kayd\u0131 oldu\u011fu ortaya \u00e7\u0131kt\u0131. Olayla ilgili ba\u015flat\u0131lan soru\u015fturma kapsam\u0131nda kavgaya kar\u0131\u015fanlar\u0131n tespiti ve yakalanmas\u0131 i\u00e7in polis ekiplerinin \u00e7al\u0131\u015fmalar\u0131 s\u00fcr\u00fcyor.<\/p>\n\n<p><\/p>\n<p>Kaynak :\u00a0<span style=\"background-color: rgb(255, 249, 236); color: rgb(55, 58, 60); font-size: 14px;\">http:\/\/www.milliyet.com.tr\/gundem\/zeytinburnunda-bicakli-kavga-1-olu-2-yarali-7469687<\/span><\/p>\n","protected":false},"excerpt":{"rendered":"<p>Zeytinburnu&#8217;nda iki grup aras\u0131nda \u00e7\u0131kan tart\u0131\u015fma b\u0131\u00e7akl\u0131 kavgaya d\u00f6n\u00fc\u015ft\u00fc. Kavgada a\u011f\u0131r yaralanan 27 ya\u015f\u0131ndaki Ahmet Dolu hayat\u0131n\u0131 kaybetti. Polis ekiplerinin olayla ilgili \u00e7al\u0131\u015fmas\u0131 s\u00fcr\u00fcyor.<\/p>\n","protected":false},"author":1,"featured_media":130250,"comment_status":"open","ping_status":"open","sticky":false,"template":"","format":"standard","meta":{"footnotes":""},"categories":[3],"tags":[8701],"class_list":["post-130249","post","type-post","status-publish","format-standard","has-post-thumbnail","hentry","category-guncel","tag-yarali"],"_links":{"self":[{"href":"https:\/\/kamucalisani.net\/index.php\/wp-json\/wp\/v2\/posts\/130249","targetHints":{"allow":["GET"]}}],"collection":[{"href":"https:\/\/kamucalisani.net\/index.php\/wp-json\/wp\/v2\/posts"}],"about":[{"href":"https:\/\/kamucalisani.net\/index.php\/wp-json\/wp\/v2\/types\/post"}],"author":[{"embeddable":true,"href":"https:\/\/kamucalisani.net\/index.php\/wp-json\/wp\/v2\/users\/1"}],"replies":[{"embeddable":true,"href":"https:\/\/kamucalisani.net\/index.php\/wp-json\/wp\/v2\/comments?post=130249"}],"version-history":[{"count":1,"href":"https:\/\/kamucalisani.net\/index.php\/wp-json\/wp\/v2\/posts\/130249\/revisions"}],"predecessor-version":[{"id":130252,"href":"https:\/\/kamucalisani.net\/index.php\/wp-json\/wp\/v2\/posts\/130249\/revisions\/130252"}],"wp:featuredmedia":[{"embeddable":true,"href":"https:\/\/kamucalisani.net\/index.php\/wp-json\/wp\/v2\/media\/130250"}],"wp:attachment":[{"href":"https:\/\/kamucalisani.net\/index.php\/wp-json\/wp\/v2\/media?parent=130249"}],"wp:term":[{"taxonomy":"category","embeddable":true,"href":"https:\/\/kamucalisani.net\/index.php\/wp-json\/wp\/v2\/categories?post=130249"},{"taxonomy":"post_tag","embeddable":true,"href":"https:\/\/kamucalisani.net\/index.php\/wp-json\/wp\/v2\/tags?post=130249"}],"curies":[{"name":"wp","href":"https:\/\/api.w.org\/{rel}","templated":true}]}}