{"id":130335,"date":"2025-10-23T13:12:10","date_gmt":"2025-10-23T13:12:10","guid":{"rendered":"https:\/\/kamucalisani.net\/?p=130335"},"modified":"2025-10-23T13:12:10","modified_gmt":"2025-10-23T13:12:10","slug":"son-dakika-ahmet-turk-kayyum-atanmasina-gerekce-olan-davadan-beraat-etti","status":"publish","type":"post","link":"https:\/\/kamucalisani.net\/index.php\/2025\/10\/23\/son-dakika-ahmet-turk-kayyum-atanmasina-gerekce-olan-davadan-beraat-etti\/","title":{"rendered":"Son dakika&#8230; Ahmet T\u00fcrk, kayyum atanmas\u0131na gerek\u00e7e olan davadan beraat etti"},"content":{"rendered":"<p><p>Ankara 14. A\u011f\u0131r Ceza Mahkemesi&#8217;nde g\u00f6r\u00fclen duru\u015fmaya san\u0131k Ahmet T\u00fcrk kat\u0131lmazken, avukatlar Ses ve G\u00f6r\u00fcnt\u00fcl\u00fc Bili\u015fim Sistemi (SEGB\u0130S) ile ba\u011fland\u0131. Mahkeme ba\u015fkan\u0131, gelen evraklar\u0131 okumas\u0131n\u0131n ard\u0131ndan m\u00fctalaa i\u00e7in savc\u0131ya s\u00f6z verdi. Savc\u0131, m\u00fctalaas\u0131nda Ahmet T\u00fcrk&#8217;\u00fcn \u00fczerine at\u0131l\u0131 su\u00e7lamadan dolay\u0131 cezaland\u0131r\u0131lmas\u0131n\u0131 talep etti. San\u0131k T\u00fcrk&#8217;\u00fcn avukatlar\u0131 ise, Ahmet T\u00fcrk&#8217;\u00fcn siyaset\u00e7i oldu\u011funu ve 2011 y\u0131l\u0131nda yapm\u0131\u015f oldu\u011fu bir konu\u015fmadan dolay\u0131 yarg\u0131lanmas\u0131n\u0131n kanunsuz oldu\u011funu ifade ederek beraat karar\u0131 verilmesini talep etti.<\/p>\n<p>Avukat beyanlar\u0131n\u0131n ard\u0131ndan karar\u0131n\u0131 a\u00e7\u0131klayan mahkeme ba\u015fkan\u0131, san\u0131k Ahmet T\u00fcrk&#8217;\u00fcn a\u00e7\u0131klamas\u0131n\u0131n &#8216;ifade \u00f6zg\u00fcrl\u00fc\u011f\u00fc&#8217; kapsam\u0131nda de\u011ferlendirildi\u011fini belirterek, su\u00e7un unsurlar\u0131n\u0131n olu\u015fmad\u0131\u011f\u0131 gerek\u00e7esiyle beraat karar\u0131 verdi.<\/p>\n\n<p><\/p>\n<p>Kaynak :\u00a0<span style=\"background-color: rgb(255, 249, 236); color: rgb(55, 58, 60); font-size: 14px;\">http:\/\/www.milliyet.com.tr\/gundem\/son-dakika-ahmet-turk-kayyum-atanmasina-gerekce-olan-davadan-beraat-etti-7469813<\/span><\/p>\n","protected":false},"excerpt":{"rendered":"<p>Ahmet T\u00fcrk, Mardin B\u00fcy\u00fck\u015fehir Belediyesi&#8217;ne kayyum atanmas\u0131na gerek\u00e7e olan davadan beraat etti.<\/p>\n","protected":false},"author":1,"featured_media":130336,"comment_status":"open","ping_status":"open","sticky":false,"template":"","format":"standard","meta":{"footnotes":""},"categories":[3],"tags":[221],"class_list":["post-130335","post","type-post","status-publish","format-standard","has-post-thumbnail","hentry","category-guncel","tag-turk"],"_links":{"self":[{"href":"https:\/\/kamucalisani.net\/index.php\/wp-json\/wp\/v2\/posts\/130335","targetHints":{"allow":["GET"]}}],"collection":[{"href":"https:\/\/kamucalisani.net\/index.php\/wp-json\/wp\/v2\/posts"}],"about":[{"href":"https:\/\/kamucalisani.net\/index.php\/wp-json\/wp\/v2\/types\/post"}],"author":[{"embeddable":true,"href":"https:\/\/kamucalisani.net\/index.php\/wp-json\/wp\/v2\/users\/1"}],"replies":[{"embeddable":true,"href":"https:\/\/kamucalisani.net\/index.php\/wp-json\/wp\/v2\/comments?post=130335"}],"version-history":[{"count":1,"href":"https:\/\/kamucalisani.net\/index.php\/wp-json\/wp\/v2\/posts\/130335\/revisions"}],"predecessor-version":[{"id":130337,"href":"https:\/\/kamucalisani.net\/index.php\/wp-json\/wp\/v2\/posts\/130335\/revisions\/130337"}],"wp:featuredmedia":[{"embeddable":true,"href":"https:\/\/kamucalisani.net\/index.php\/wp-json\/wp\/v2\/media\/130336"}],"wp:attachment":[{"href":"https:\/\/kamucalisani.net\/index.php\/wp-json\/wp\/v2\/media?parent=130335"}],"wp:term":[{"taxonomy":"category","embeddable":true,"href":"https:\/\/kamucalisani.net\/index.php\/wp-json\/wp\/v2\/categories?post=130335"},{"taxonomy":"post_tag","embeddable":true,"href":"https:\/\/kamucalisani.net\/index.php\/wp-json\/wp\/v2\/tags?post=130335"}],"curies":[{"name":"wp","href":"https:\/\/api.w.org\/{rel}","templated":true}]}}