{"id":130432,"date":"2025-10-23T15:42:08","date_gmt":"2025-10-23T15:42:08","guid":{"rendered":"https:\/\/kamucalisani.net\/?p=130432"},"modified":"2025-10-23T15:42:08","modified_gmt":"2025-10-23T15:42:08","slug":"trabzonsporda-taha-emre-incenin-dizinden-ameliyat-edildi","status":"publish","type":"post","link":"https:\/\/kamucalisani.net\/index.php\/2025\/10\/23\/trabzonsporda-taha-emre-incenin-dizinden-ameliyat-edildi\/","title":{"rendered":"Trabzonspor&#8217;da Taha Emre \u0130nce&#8217;nin dizinden ameliyat edildi!"},"content":{"rendered":"<p><p>Trabzonspor&#8217;da sa\u011f dizinde k\u0131k\u0131rdak sorunu bulunan gen\u00e7 futbolcu Taha Emre \u0130nce, ameliyat edildi.<\/p>\n<p>Trabzonspor Kul\u00fcb\u00fc Sa\u011fl\u0131k Kurulu Ba\u015fkan\u0131 Ahmet Be\u015fir, Taha Emre \u0130nce&#8217;nin sa\u011fl\u0131k durumuyla ilgili a\u00e7\u0131klamada bulundu. Be\u015fir, &#8220;Sa\u011f diz k\u0131k\u0131rdak sorunu bulunan oyuncumuz Taha Emre \u0130nce, sponsorumuz Ac\u0131badem Fulya Hastanesi&#8217;nde Op. Dr. Mustafa \u015eeng\u00fcn ve ekibi taraf\u0131ndan ba\u015far\u0131l\u0131 bir operasyon ge\u00e7irmi\u015ftir. Operasyon sonras\u0131 sporcumuzun rehabilitasyon s\u00fcrecine ba\u015flanm\u0131\u015ft\u0131r.&#8221; ifadelerini kulland\u0131.<\/p>\n\n<p><\/p>\n<p>Kaynak :\u00a0<span style=\"background-color: rgb(255, 249, 236); color: rgb(55, 58, 60); font-size: 14px;\">http:\/\/www.milliyet.com.tr\/skorer\/trabzonsporda-taha-emre-incenin-dizinden-ameliyat-edildi-7469929<\/span><\/p>\n","protected":false},"excerpt":{"rendered":"<p>Trabzonspor Kul\u00fcb\u00fc, gen\u00e7 futbolcu Taha Emre \u0130nce&#8217;nin dizinden ameliyat edildi\u011fini duyurdu<\/p>\n","protected":false},"author":1,"featured_media":130433,"comment_status":"open","ping_status":"open","sticky":false,"template":"","format":"standard","meta":{"footnotes":""},"categories":[7],"tags":[],"class_list":["post-130432","post","type-post","status-publish","format-standard","has-post-thumbnail","hentry","category-spor"],"_links":{"self":[{"href":"https:\/\/kamucalisani.net\/index.php\/wp-json\/wp\/v2\/posts\/130432","targetHints":{"allow":["GET"]}}],"collection":[{"href":"https:\/\/kamucalisani.net\/index.php\/wp-json\/wp\/v2\/posts"}],"about":[{"href":"https:\/\/kamucalisani.net\/index.php\/wp-json\/wp\/v2\/types\/post"}],"author":[{"embeddable":true,"href":"https:\/\/kamucalisani.net\/index.php\/wp-json\/wp\/v2\/users\/1"}],"replies":[{"embeddable":true,"href":"https:\/\/kamucalisani.net\/index.php\/wp-json\/wp\/v2\/comments?post=130432"}],"version-history":[{"count":1,"href":"https:\/\/kamucalisani.net\/index.php\/wp-json\/wp\/v2\/posts\/130432\/revisions"}],"predecessor-version":[{"id":130434,"href":"https:\/\/kamucalisani.net\/index.php\/wp-json\/wp\/v2\/posts\/130432\/revisions\/130434"}],"wp:featuredmedia":[{"embeddable":true,"href":"https:\/\/kamucalisani.net\/index.php\/wp-json\/wp\/v2\/media\/130433"}],"wp:attachment":[{"href":"https:\/\/kamucalisani.net\/index.php\/wp-json\/wp\/v2\/media?parent=130432"}],"wp:term":[{"taxonomy":"category","embeddable":true,"href":"https:\/\/kamucalisani.net\/index.php\/wp-json\/wp\/v2\/categories?post=130432"},{"taxonomy":"post_tag","embeddable":true,"href":"https:\/\/kamucalisani.net\/index.php\/wp-json\/wp\/v2\/tags?post=130432"}],"curies":[{"name":"wp","href":"https:\/\/api.w.org\/{rel}","templated":true}]}}