{"id":130596,"date":"2025-10-23T20:12:10","date_gmt":"2025-10-23T20:12:10","guid":{"rendered":"https:\/\/kamucalisani.net\/?p=130596"},"modified":"2025-10-23T20:12:10","modified_gmt":"2025-10-23T20:12:10","slug":"adanada-amca-ile-yegenlerin-kavgasi-kanli-bitti-1-olu","status":"publish","type":"post","link":"https:\/\/kamucalisani.net\/index.php\/2025\/10\/23\/adanada-amca-ile-yegenlerin-kavgasi-kanli-bitti-1-olu\/","title":{"rendered":"Adana&#8217;da amca ile ye\u011fenlerin kavgas\u0131 kanl\u0131 bitti: 1 \u00f6l\u00fc"},"content":{"rendered":"<p><p>Olay, \u0130mamo\u011flu il\u00e7esine ba\u011fl\u0131 Sevin\u00e7li K\u00f6y\u00fc\u2019nde meydana geldi. Muhammed C. (16) ve a\u011fabeyi Mutlu C. (22), sabah saatlerinde k\u00f6y \u00e7evresinde ku\u015f av\u0131na \u00e7\u0131kt\u0131. Av s\u0131ras\u0131nda silah seslerini duyan ve ayn\u0131 b\u00f6lgede koyunlar\u0131n\u0131 otlatan amcalar\u0131 Veysel C., hayvanlar\u0131n\u0131n korktu\u011funu s\u00f6yleyerek ye\u011fenlerine tepki g\u00f6sterdi.<\/p>\n<p>K\u0131sa s\u00fcrede b\u00fcy\u00fcyen tart\u0131\u015fma kavgaya d\u00f6n\u00fc\u015ft\u00fc. Bu s\u0131rada Muhammed C., yan\u0131nda bulunan t\u00fcfekle amcas\u0131na ate\u015f etti. V\u00fccuduna \u00e7ok say\u0131da sa\u00e7ma isabet eden Veysel C., olay yerinde ya\u015fam\u0131n\u0131 yitirdi. \u0130hbar \u00fczerine b\u00f6lgeye jandarma ve sa\u011fl\u0131k ekipleri sevk edildi. Olay yerinde yap\u0131lan incelemenin ard\u0131ndan Veysel C.,&#8217;nin cenazesi otopsi i\u00e7in Adana Adli T\u0131p Kurumu morguna kald\u0131r\u0131ld\u0131.<\/p>\n<p><strong>\u0130K\u0130 KARDE\u015e KISA SREDE YAKALANDI<\/strong><\/p>\n<p>Olay\u0131n ard\u0131ndan b\u00f6lgeden ka\u00e7an karde\u015fler Muhammed C. ve Mutlu C., jandarma ekiplerince k\u0131sa s\u00fcrede yakalanarak, g\u00f6zalt\u0131na al\u0131nd\u0131. Adliyeye sevk edilen iki karde\u015f, \u00e7\u0131kar\u0131ld\u0131klar\u0131 mahkemece tutuklanarak cezaevine g\u00f6nderildi.<\/p>\n<p>\u00a0<\/p>\n\n<p><\/p>\n<p>Kaynak :\u00a0<span style=\"background-color: rgb(255, 249, 236); color: rgb(55, 58, 60); font-size: 14px;\">http:\/\/www.milliyet.com.tr\/gundem\/adanada-amca-ile-yegenlerin-kavgasi-kanli-bitti-1-olu-7469997<\/span><\/p>\n","protected":false},"excerpt":{"rendered":"<p>Adana\u2019da koyunlar\u0131n\u0131 otlatan amca ile ku\u015f avlayan iki ye\u011feni aras\u0131nda \u00e7\u0131kan tart\u0131\u015fma kavgaya d\u00f6n\u00fc\u015ft\u00fc. Karde\u015flerden Muhammed C.\u2019nin (16) t\u00fcfekle vurdu\u011fu amcas\u0131 Veysel C., hayat\u0131n\u0131 kaybetti.<\/p>\n","protected":false},"author":1,"featured_media":130597,"comment_status":"open","ping_status":"open","sticky":false,"template":"","format":"standard","meta":{"footnotes":""},"categories":[3],"tags":[],"class_list":["post-130596","post","type-post","status-publish","format-standard","has-post-thumbnail","hentry","category-guncel"],"_links":{"self":[{"href":"https:\/\/kamucalisani.net\/index.php\/wp-json\/wp\/v2\/posts\/130596","targetHints":{"allow":["GET"]}}],"collection":[{"href":"https:\/\/kamucalisani.net\/index.php\/wp-json\/wp\/v2\/posts"}],"about":[{"href":"https:\/\/kamucalisani.net\/index.php\/wp-json\/wp\/v2\/types\/post"}],"author":[{"embeddable":true,"href":"https:\/\/kamucalisani.net\/index.php\/wp-json\/wp\/v2\/users\/1"}],"replies":[{"embeddable":true,"href":"https:\/\/kamucalisani.net\/index.php\/wp-json\/wp\/v2\/comments?post=130596"}],"version-history":[{"count":1,"href":"https:\/\/kamucalisani.net\/index.php\/wp-json\/wp\/v2\/posts\/130596\/revisions"}],"predecessor-version":[{"id":130598,"href":"https:\/\/kamucalisani.net\/index.php\/wp-json\/wp\/v2\/posts\/130596\/revisions\/130598"}],"wp:featuredmedia":[{"embeddable":true,"href":"https:\/\/kamucalisani.net\/index.php\/wp-json\/wp\/v2\/media\/130597"}],"wp:attachment":[{"href":"https:\/\/kamucalisani.net\/index.php\/wp-json\/wp\/v2\/media?parent=130596"}],"wp:term":[{"taxonomy":"category","embeddable":true,"href":"https:\/\/kamucalisani.net\/index.php\/wp-json\/wp\/v2\/categories?post=130596"},{"taxonomy":"post_tag","embeddable":true,"href":"https:\/\/kamucalisani.net\/index.php\/wp-json\/wp\/v2\/tags?post=130596"}],"curies":[{"name":"wp","href":"https:\/\/api.w.org\/{rel}","templated":true}]}}