{"id":131039,"date":"2025-10-24T14:30:10","date_gmt":"2025-10-24T14:30:10","guid":{"rendered":"https:\/\/kamucalisani.net\/?p=131039"},"modified":"2025-10-24T14:30:10","modified_gmt":"2025-10-24T14:30:10","slug":"galatasarayda-goztepe-oncesi-okan-buruktan-torreira-karari-once-aile-dedi","status":"publish","type":"post","link":"https:\/\/kamucalisani.net\/index.php\/2025\/10\/24\/galatasarayda-goztepe-oncesi-okan-buruktan-torreira-karari-once-aile-dedi\/","title":{"rendered":"Galatasaray&#8217;da G\u00f6ztepe \u00f6ncesi Okan Buruk&#8217;tan Torreira karar\u0131! &#8216;\u00d6nce aile&#8217; dedi"},"content":{"rendered":"<p><p>S\u00fcper Lig&#8217;de 10. hafta m\u00fcsabakalar\u0131nda G\u00f6ztepe ile kar\u015f\u0131la\u015fmaya haz\u0131rlanan Galatasaray, sezonun dokuzuncu galibiyetini almak ve zirvedeki yerini sa\u011flamla\u015ft\u0131rmak i\u00e7in sahaya \u00e7\u0131kacak. RAMS Park&#8217;ta oynanacak ma\u00e7 Pazar g\u00fcn\u00fc 17.00&#8217;da ba\u015flayacak.<\/p>\n<p>Ma\u00e7 \u00f6ncesi Galatasaray&#8217;da iki \u00f6nemli eksiklik var. Bodo\/Glimt ma\u00e7\u0131n\u0131n antrenmanlar\u0131nda sakatlanan \u0130lkay G\u00fcndo\u011fan bu isimlerin ilki. Tecr\u00fcbeli orta saha, sa\u011f arka adalesindeki orta seviyede zorlanma ve kanama nedeniyle UEFA \u015eampiyonlar Ligi ma\u00e7\u0131nda forma giyememi\u015fti ve G\u00f6ztepe ma\u00e7\u0131nda da sahada olmayacak.<\/p>\n<p><strong>LUCAS TORREIRA \u00dcLKES\u0130NE G\u0130TT\u0130!<\/strong><\/p>\n<p>Galatasaray&#8217;da G\u00f6ztepe ma\u00e7\u0131n\u0131 ka\u00e7\u0131racak di\u011fer isimse Lucas Torreira.<\/p>\n<p>Babas\u0131n\u0131n rahats\u0131zl\u0131\u011f\u0131 nedeniyle d\u00fcn \u00fclkesi Uruguay&#8217;a giden Lucas Torreira G\u00f6ztepe ma\u00e7\u0131nda forma giyemeyecek.<\/p>\n<p>Torreira ila konu\u015fan teknik direkt\u00f6r Okan Buruk, \u201c\u00d6nce aile\u201d diyerek futbolcusundan birka\u00e7 g\u00fcn ailesiyle kalmas\u0131n\u0131 istedi.<\/p>\n\n<p><\/p>\n<p>Kaynak :\u00a0<span style=\"background-color: rgb(255, 249, 236); color: rgb(55, 58, 60); font-size: 14px;\">http:\/\/www.milliyet.com.tr\/skorer\/galatasarayda-goztepe-oncesi-okan-buruktan-torreira-karari-once-aile-dedi-7470445<\/span><\/p>\n","protected":false},"excerpt":{"rendered":"<p>Pazar g\u00fcn\u00fc G\u00f6ztepe&#8217;yi a\u011f\u0131rlamaya haz\u0131rlanan Galatasaray&#8217;da Okan Buruk, \u00fclkesi Uruguay&#8217;a giden Lucas Torreira konusunda karar\u0131n\u0131 verdi.<\/p>\n","protected":false},"author":1,"featured_media":131040,"comment_status":"open","ping_status":"open","sticky":false,"template":"","format":"standard","meta":{"footnotes":""},"categories":[7],"tags":[288],"class_list":["post-131039","post","type-post","status-publish","format-standard","has-post-thumbnail","hentry","category-spor","tag-mac"],"_links":{"self":[{"href":"https:\/\/kamucalisani.net\/index.php\/wp-json\/wp\/v2\/posts\/131039","targetHints":{"allow":["GET"]}}],"collection":[{"href":"https:\/\/kamucalisani.net\/index.php\/wp-json\/wp\/v2\/posts"}],"about":[{"href":"https:\/\/kamucalisani.net\/index.php\/wp-json\/wp\/v2\/types\/post"}],"author":[{"embeddable":true,"href":"https:\/\/kamucalisani.net\/index.php\/wp-json\/wp\/v2\/users\/1"}],"replies":[{"embeddable":true,"href":"https:\/\/kamucalisani.net\/index.php\/wp-json\/wp\/v2\/comments?post=131039"}],"version-history":[{"count":1,"href":"https:\/\/kamucalisani.net\/index.php\/wp-json\/wp\/v2\/posts\/131039\/revisions"}],"predecessor-version":[{"id":131041,"href":"https:\/\/kamucalisani.net\/index.php\/wp-json\/wp\/v2\/posts\/131039\/revisions\/131041"}],"wp:featuredmedia":[{"embeddable":true,"href":"https:\/\/kamucalisani.net\/index.php\/wp-json\/wp\/v2\/media\/131040"}],"wp:attachment":[{"href":"https:\/\/kamucalisani.net\/index.php\/wp-json\/wp\/v2\/media?parent=131039"}],"wp:term":[{"taxonomy":"category","embeddable":true,"href":"https:\/\/kamucalisani.net\/index.php\/wp-json\/wp\/v2\/categories?post=131039"},{"taxonomy":"post_tag","embeddable":true,"href":"https:\/\/kamucalisani.net\/index.php\/wp-json\/wp\/v2\/tags?post=131039"}],"curies":[{"name":"wp","href":"https:\/\/api.w.org\/{rel}","templated":true}]}}