{"id":131100,"date":"2025-10-24T16:06:14","date_gmt":"2025-10-24T16:06:14","guid":{"rendered":"https:\/\/kamucalisani.net\/?p=131100"},"modified":"2025-10-24T16:06:14","modified_gmt":"2025-10-24T16:06:14","slug":"assassins-creed-shadows-switch-2-icin-duyuruldu-iste-cikis-tarihi","status":"publish","type":"post","link":"https:\/\/kamucalisani.net\/index.php\/2025\/10\/24\/assassins-creed-shadows-switch-2-icin-duyuruldu-iste-cikis-tarihi\/","title":{"rendered":"Assassin&#8217;s Creed Shadows, Switch 2 i\u00e7in duyuruldu: \u0130\u015fte \u00e7\u0131k\u0131\u015f tarihi"},"content":{"rendered":"<p><figure> <span> <img decoding=\"async\" src=\"https:\/\/kamucalisani.net\/wp-content\/uploads\/2025\/10\/assassins-creed-shadows-switch-2-icin-duyuruldu-iste-cikis-tarihi-0-XqUGxIFc.jpg\"\/> <\/span> Ubisoft, uzun s\u00fcredir s\u00f6ylentilerle g\u00fcndemde olan <strong>Assassin\u2019s Creed Shadows&#8217;un Switch 2 s\u00fcr\u00fcm\u00fcn\u00fc<\/strong> sonunda do\u011frulad\u0131. Japonya&#8217;da ge\u00e7en aksiyon-macera oyunu, <strong>2 Aral\u0131k 2025<\/strong> tarihinde <strong>Nintendo Switch 2 i\u00e7in<\/strong> yay\u0131nlanacak.\u00a0 <\/figure>\n<p><b>Assassin&#8217;s Creed Shadows, Switch 2&#8217;ye geliyor<\/b><\/p>\n<p>Bir y\u0131l\u0131 a\u015fk\u0131n s\u00fcredir Switch 2\u2019ye gelece\u011fi konu\u015fulan <strong>Assassin\u2019s Creed Shadows<\/strong>, Ubisoft&#8217;un payla\u015ft\u0131\u011f\u0131 sonbahar yol haritas\u0131nda resmiyet kazand\u0131. Yap\u0131m, hem dijital hem de fiziksel olarak sat\u0131\u015fa \u00e7\u0131kacak. Ancak fiziksel s\u00fcr\u00fcm, t\u0131pk\u0131 baz\u0131 yeni Ubisoft oyunlar\u0131nda oldu\u011fu gibi, <strong>&#8220;game-key card&#8221;<\/strong> versiyonu \u015feklinde sunulacak.<\/p>\n<p>Ubisoft\u2019un payla\u015ft\u0131\u011f\u0131 bilgilere g\u00f6re Shadows&#8217;un Switch 2 s\u00fcr\u00fcm\u00fc, <strong>geli\u015fmi\u015f parkur sistemiyle<\/strong> \u00f6ne \u00e7\u0131kacak ve daha ak\u0131c\u0131 hareket mekanikleri sunulacak. Ayr\u0131ca yeni \u00fccretsiz hik\u00e2ye g\u00f6revleri ve <strong>Animus Quest<\/strong> ad\u0131 verilen yeni yan g\u00f6rev t\u00fcrleri de oyuna eklenecek.<\/p>\n<p>\u00d6te yandan Shadows\u2019un mevcut platformlardaki t\u00fcm \u00fccretsiz i\u00e7erikleri Switch 2 s\u00fcr\u00fcm\u00fcnde yer alacak. Ancak k\u0131sa s\u00fcre \u00f6nce yay\u0131nlanan <strong>Claws of Awaji<\/strong> geni\u015fleme paketi bu s\u00fcr\u00fcmde ba\u015flang\u0131\u00e7ta bulunmayacak. Bu DLC, <strong>2026 y\u0131l\u0131nda<\/strong> eklenecek. Son olarak oyunda, <strong>Ubisoft Connect<\/strong> arac\u0131l\u0131\u011f\u0131yla <strong>platformlar aras\u0131 kay\u0131t deste\u011fi de (cross-progression)<\/strong>\u00a0bulunuyor. B\u00f6ylece PlayStation, Xbox veya PC&#8217;deki ilerlemeler Switch 2 \u00fczerinde devam edebilecek.<\/p>\n\n<p>Kaynak\u00a0 :\u00a0<span style=\"background-color: rgb(255, 249, 236); color: rgb(55, 58, 60); font-size: 14px;\">https:\/\/www.donanimhaber.com\/assassin-s-creed-shadows-switch-2-ye-geliyor-iste-cikis-tarihi&#8211;197731<\/span><\/p>\n","protected":false},"excerpt":{"rendered":"<p>Ubisoft, uzun s\u00fcredir s\u00f6ylentilerle g\u00fcndemde olan Assassin\u2019s Creed Shadows&#8217;un Switch 2 s\u00fcr\u00fcm\u00fcn\u00fc sonunda do\u011frulad\u0131. Japonya&#8217;da ge\u00e7en aksiyon-macera oyunu, 2 Aral\u0131k 2025 tarihinde Nintendo Switch 2 i\u00e7in yay\u0131nlanacak.\u00a0 Assassin&#8217;s Creed Shadows &#8230;<\/p>\n","protected":false},"author":1,"featured_media":131101,"comment_status":"open","ping_status":"open","sticky":false,"template":"","format":"standard","meta":{"footnotes":""},"categories":[8],"tags":[4722,2648],"class_list":["post-131100","post","type-post","status-publish","format-standard","has-post-thumbnail","hentry","category-teknoloji","tag-switch-2","tag-ubisoft"],"_links":{"self":[{"href":"https:\/\/kamucalisani.net\/index.php\/wp-json\/wp\/v2\/posts\/131100","targetHints":{"allow":["GET"]}}],"collection":[{"href":"https:\/\/kamucalisani.net\/index.php\/wp-json\/wp\/v2\/posts"}],"about":[{"href":"https:\/\/kamucalisani.net\/index.php\/wp-json\/wp\/v2\/types\/post"}],"author":[{"embeddable":true,"href":"https:\/\/kamucalisani.net\/index.php\/wp-json\/wp\/v2\/users\/1"}],"replies":[{"embeddable":true,"href":"https:\/\/kamucalisani.net\/index.php\/wp-json\/wp\/v2\/comments?post=131100"}],"version-history":[{"count":1,"href":"https:\/\/kamucalisani.net\/index.php\/wp-json\/wp\/v2\/posts\/131100\/revisions"}],"predecessor-version":[{"id":131103,"href":"https:\/\/kamucalisani.net\/index.php\/wp-json\/wp\/v2\/posts\/131100\/revisions\/131103"}],"wp:featuredmedia":[{"embeddable":true,"href":"https:\/\/kamucalisani.net\/index.php\/wp-json\/wp\/v2\/media\/131101"}],"wp:attachment":[{"href":"https:\/\/kamucalisani.net\/index.php\/wp-json\/wp\/v2\/media?parent=131100"}],"wp:term":[{"taxonomy":"category","embeddable":true,"href":"https:\/\/kamucalisani.net\/index.php\/wp-json\/wp\/v2\/categories?post=131100"},{"taxonomy":"post_tag","embeddable":true,"href":"https:\/\/kamucalisani.net\/index.php\/wp-json\/wp\/v2\/tags?post=131100"}],"curies":[{"name":"wp","href":"https:\/\/api.w.org\/{rel}","templated":true}]}}