{"id":131157,"date":"2025-10-24T17:36:11","date_gmt":"2025-10-24T17:36:11","guid":{"rendered":"https:\/\/kamucalisani.net\/?p=131157"},"modified":"2025-10-24T17:36:11","modified_gmt":"2025-10-24T17:36:11","slug":"besiktasta-ahmet-urkmezgil-ve-divan-baskanlik-kurulu-uyeleri-mazbatalarini-aldi","status":"publish","type":"post","link":"https:\/\/kamucalisani.net\/index.php\/2025\/10\/24\/besiktasta-ahmet-urkmezgil-ve-divan-baskanlik-kurulu-uyeleri-mazbatalarini-aldi\/","title":{"rendered":"Be\u015fikta\u015f&#8217;ta Ahmet \u00dcrkmezgil ve Divan Ba\u015fkanl\u0131k Kurulu \u00fcyeleri mazbatalar\u0131n\u0131 ald\u0131"},"content":{"rendered":"<p><p>T\u00fcpra\u015f Stadyumu Moda Merkezi&#8217;nde ger\u00e7ekle\u015ftirilen t\u00f6rende Be\u015fikta\u015f Ba\u015fkan\u0131 Serdal Adal\u0131, ikinci ba\u015fkan Hakan Daltaban, asba\u015fkan Murat K\u0131l\u0131\u00e7, genel sekreter U\u011fur Fora, y\u00f6netim kurulu \u00fcyeleri Aykut Toruno\u011fullar\u0131 ve Mehmet Sar\u0131mermer ile divan kurulu ba\u015fkan\u0131 Ahmet \u00dcrkmezgil ve kurul \u00fcyeleri yer ald\u0131.<\/p>\n<p>Ahmet \u00dcrkmezgil&#8217;e mazbatas\u0131n\u0131 Ba\u015fkan Serdal Adal\u0131 ile ola\u011fan se\u00e7imli toplant\u0131da kongre divan ba\u015fkanl\u0131\u011f\u0131n\u0131 yapan Ali R\u0131za Dizdar takdim etti. Divan ba\u015fkanl\u0131k kurulunun di\u011fer \u00fcyeleri ise mazbatalar\u0131n\u0131 siyah-beyazl\u0131 kul\u00fcb\u00fcn y\u00f6netim kurulu \u00fcyelerinden ald\u0131.<\/p>\n<p><strong>SERDAL ADALI: BE\u015e\u0130KTA\u015e&#8217;A YAKI\u015eIR B\u0130R GENEL KURUL OLDU<\/strong><\/p>\n<p>Mazbata takdiminin ard\u0131ndan konu\u015fan Be\u015fikta\u015f Ba\u015fkan\u0131 Serdal Adal\u0131, &#8220;Be\u015fikta\u015f&#8217;a yak\u0131\u015f\u0131r bir genel kurul oldu. Ahmet a\u011fabey benim i\u00e7in \u00f6zel bir insan. Kendisini ve yeni se\u00e7ilen kurulunu kutluyorum. \u0130yi bir \u00e7al\u0131\u015fma d\u00f6nemi ge\u00e7irece\u011finizden \u015f\u00fcphem yok. Allah yard\u0131mc\u0131n\u0131z olsun&#8221; dedi.<\/p>\n<p><strong>AHMET \u00dcRKMEZG\u0130L: \u00c7OK HEYECAN VER\u0130C\u0130 B\u0130R \u015eEY<\/strong><\/p>\n<p>\u00c7ok heyecan verici bir g\u00f6reve geldi\u011fini belirten Be\u015fikta\u015f Divan Kurulu Ba\u015fkan\u0131 Ahmet \u00dcrkmezgil, &#8220;\u00c7ok g\u00fczel bir an. Herkesin bu duyguyu ya\u015famas\u0131 hayalidir. \u00c7ocuklu\u011fundan bu yana Be\u015fikta\u015f sevdal\u0131s\u0131 olarak bu an\u0131 ya\u015fayaca\u011f\u0131m\u0131 tahayy\u00fcl edemezdim. \u00c7ok heyecan verici bir \u015fey. Ne kadar becerimiz varsa b\u00fct\u00fcn bunlar\u0131n daha fazlas\u0131n\u0131 Be\u015fikta\u015f&#8217;\u0131m i\u00e7in yapaca\u011f\u0131mdan kimsenin \u015f\u00fcphesi olmas\u0131n. Ba\u015fkan\u0131m\u0131z Serdal Adal\u0131 ile Be\u015fikta\u015f i\u00e7in el ele vererek kul\u00fcb\u00fc daha iyi yerlere getirece\u011fimizden \u015f\u00fcphemiz yok&#8221; s\u00f6zlerini sarf etti.<\/p>\n<p>Mazbata t\u00f6reni, foto\u011fraf \u00e7ekimiyle sonland\u0131.<\/p>\n\n<p><\/p>\n<p>Kaynak :\u00a0<span style=\"background-color: rgb(255, 249, 236); color: rgb(55, 58, 60); font-size: 14px;\">http:\/\/www.milliyet.com.tr\/skorer\/besiktasta-ahmet-urkmezgil-ve-divan-baskanlik-kurulu-uyeleri-mazbatalarini-aldi-7470583<\/span><\/p>\n","protected":false},"excerpt":{"rendered":"<p>Be\u015fikta\u015f Kul\u00fcb\u00fc&#8217;nde divan kurulu ba\u015fkanl\u0131\u011f\u0131na se\u00e7ilen Ahmet \u00dcrkmezgil ve \u00fcyeler i\u00e7in mazbata t\u00f6reni ger\u00e7ekle\u015ftirildi.<\/p>\n","protected":false},"author":1,"featured_media":131158,"comment_status":"open","ping_status":"open","sticky":false,"template":"","format":"standard","meta":{"footnotes":""},"categories":[7],"tags":[2375,215,819,8763],"class_list":["post-131157","post","type-post","status-publish","format-standard","has-post-thumbnail","hentry","category-spor","tag-ahmet","tag-baskani","tag-besiktas","tag-serdal-adali"],"_links":{"self":[{"href":"https:\/\/kamucalisani.net\/index.php\/wp-json\/wp\/v2\/posts\/131157","targetHints":{"allow":["GET"]}}],"collection":[{"href":"https:\/\/kamucalisani.net\/index.php\/wp-json\/wp\/v2\/posts"}],"about":[{"href":"https:\/\/kamucalisani.net\/index.php\/wp-json\/wp\/v2\/types\/post"}],"author":[{"embeddable":true,"href":"https:\/\/kamucalisani.net\/index.php\/wp-json\/wp\/v2\/users\/1"}],"replies":[{"embeddable":true,"href":"https:\/\/kamucalisani.net\/index.php\/wp-json\/wp\/v2\/comments?post=131157"}],"version-history":[{"count":1,"href":"https:\/\/kamucalisani.net\/index.php\/wp-json\/wp\/v2\/posts\/131157\/revisions"}],"predecessor-version":[{"id":131159,"href":"https:\/\/kamucalisani.net\/index.php\/wp-json\/wp\/v2\/posts\/131157\/revisions\/131159"}],"wp:featuredmedia":[{"embeddable":true,"href":"https:\/\/kamucalisani.net\/index.php\/wp-json\/wp\/v2\/media\/131158"}],"wp:attachment":[{"href":"https:\/\/kamucalisani.net\/index.php\/wp-json\/wp\/v2\/media?parent=131157"}],"wp:term":[{"taxonomy":"category","embeddable":true,"href":"https:\/\/kamucalisani.net\/index.php\/wp-json\/wp\/v2\/categories?post=131157"},{"taxonomy":"post_tag","embeddable":true,"href":"https:\/\/kamucalisani.net\/index.php\/wp-json\/wp\/v2\/tags?post=131157"}],"curies":[{"name":"wp","href":"https:\/\/api.w.org\/{rel}","templated":true}]}}