{"id":131468,"date":"2025-10-25T09:12:13","date_gmt":"2025-10-25T09:12:13","guid":{"rendered":"https:\/\/kamucalisani.net\/?p=131468"},"modified":"2025-10-25T09:12:13","modified_gmt":"2025-10-25T09:12:13","slug":"toprak-razgatlioglu-nicolo-bulegayi-affetti-ben-de-boyle-bir-hata-yapabilirdim","status":"publish","type":"post","link":"https:\/\/kamucalisani.net\/index.php\/2025\/10\/25\/toprak-razgatlioglu-nicolo-bulegayi-affetti-ben-de-boyle-bir-hata-yapabilirdim\/","title":{"rendered":"Toprak Razgatl\u0131o\u011flu, Nicolo Bulega&#8217;y\u0131 affetti! &#8216;Ben de b\u00f6yle bir hata yapabilirdim&#8217;"},"content":{"rendered":"<p><p>D\u00fcnya Superbike kariyerinin \u00fc\u00e7\u00fcnc\u00fc \u015fampiyonlu\u011funu ge\u00e7ti\u011fimiz hafta sonu Jerez&#8217;de ilan eden Toprak Razgatl\u0131o\u011flu, gelecek sezondan itibaren MotoGP&#8217;de yar\u0131\u015facak ve bu seriye ad\u0131m atan ilk T\u00fcrk sporcu olacak.<\/p>\n<p>\u015eampiyonlu\u011funun ard\u0131ndan Pazartesi ak\u015fam\u0131 T\u00fcrkiye&#8217;ye d\u00f6nen ve \u0130stanbul Havaliman\u0131&#8217;nda kar\u015f\u0131lanan Toprak, Sal\u0131 g\u00fcn\u00fc ise Sakarya&#8217;da bulunan Kenan Sofuo\u011flu Pisti&#8217;nde bas\u0131n toplant\u0131s\u0131 d\u00fczenledi.<\/p>\n<p>Bas\u0131n toplant\u0131s\u0131n\u0131n ard\u0131ndan SKORER&#8217;den Altay G\u00f6k&#8217;\u00fcn sorular\u0131n\u0131 yan\u0131tlayan Toprak, MotoGP haz\u0131rl\u0131klar\u0131ndan, D\u00fcnya Superbike kariyerinden ve Nicolo Bulega ile ya\u015fananlardan s\u00f6z etti.<\/p>\n<div>\n<div><img decoding=\"async\" src=\"https:\/\/kamucalisani.net\/wp-content\/uploads\/2025\/10\/toprak-razgatlioglu-nicolo-bulegayi-affetti-ben-de-boyle-bir-hata-yapabilirdim-0-EGtecDfY.jpg\"\/><\/div>\n<\/div>\n<p><strong>Toprak Razgatl\u0131o\u011flu, efsanevi D\u00fcnya Superbike kariyerini \u00fc\u00e7 \u015fampiyonlukla noktal\u0131yorsun. Seriye dair en \u00e7ok neleri \u00f6zleyeceksin?<\/strong><\/p>\n<p>\u00d6zellikle tabi orada herkesi tan\u0131yorum, y\u0131llard\u0131r Superbike pado\u011funday\u0131m. En \u00e7ok \u00f6zleyece\u011fim \u015fey a\u00e7\u0131k\u00e7as\u0131 oraya girdi\u011fimde evim gibi hissediyordum, \u00e7ok rahatt\u0131m, yar\u0131\u015flara \u00e7ok rahat \u00e7\u0131k\u0131yordum. Herkesi tan\u0131d\u0131\u011f\u0131n zaman oradaki ili\u015fkiler bamba\u015fka oluyor. \u015eimdi MotoGP&#8217;ye kimseyi tan\u0131madan gidiyorum, ama belki oraya al\u0131\u015ft\u0131ktan sonra, herkesi tan\u0131d\u0131ktan sonra oras\u0131 da evim gibi olabilir. Onu hep beraber ilerleyen zamanda g\u00f6rece\u011fiz elbette.<\/p>\n<div>\n<div><img decoding=\"async\" src=\"https:\/\/kamucalisani.net\/wp-content\/uploads\/2025\/10\/toprak-razgatlioglu-nicolo-bulegayi-affetti-ben-de-boyle-bir-hata-yapabilirdim-1-nDjJRpnx.jpg\"\/><\/div>\n<\/div>\n<p><strong>Kariyerinden s\u00f6z ederken Titanik \u00dc\u00e7l\u00fcs\u00fc&#8217;nden de bahsetmek laz\u0131m: bir zamanlar Jonathan Rea ve Alvaro Bautista ile b\u00fcy\u00fck bir rekabetin oldu. Rea emekliye ayr\u0131ld\u0131, Bautista ise bir y\u0131l daha devam edecek. Onlarla m\u00fccadele etmeyi \u00f6zleyecek misin?<\/strong><\/p>\n<p>Tabii ki \u00f6zleyece\u011fim, neden dersen bu iki isimle m\u00fccadele etmek ger\u00e7ekten \u00e7ok zevkliydi ve bize \u00e7ok \u015fey katt\u0131, \u00e7ok \u015fey \u00f6\u011frendim. B\u00f6yle h\u0131zl\u0131 s\u00fcr\u00fcc\u00fcler, m\u00fccadeleci s\u00fcr\u00fcc\u00fcler sana her zaman bir \u015fey katar, hi\u00e7bir \u015fey eksiltmez. Onlar\u0131n da ya\u015flar\u0131 geldi, Rea b\u0131rakt\u0131, Bautista devam ediyor ancak \u00e7ok g\u00fczel an\u0131lar\u0131m\u0131z var birlikte.<\/p>\n<div>\n<div><img decoding=\"async\" src=\"https:\/\/kamucalisani.net\/wp-content\/uploads\/2025\/10\/toprak-razgatlioglu-nicolo-bulegayi-affetti-ben-de-boyle-bir-hata-yapabilirdim-2-lml2eqmY.jpg\"\/><\/div>\n<\/div>\n<p><strong>Nicolo Bulega ile son yar\u0131\u015fta ise birtak\u0131m talihsizlikler ya\u015fad\u0131n\u0131z, sonras\u0131nda ise geldi ve seninle konu\u015ftu. Son iki y\u0131ld\u0131r nas\u0131l bir rekabetiniz oldu?<\/strong><\/p>\n<p>Nicolo ile bu sene \u00e7ok farkl\u0131 bir rekabetimiz vard\u0131, ger\u00e7ekten h\u0131zl\u0131yd\u0131 bu sene. \u00c7ok geli\u015ftirdiler kendilerini, hem o, hem de motosiklet. Son yar\u0131\u015fta ya\u015fad\u0131\u011f\u0131m\u0131z talihsizlik&#8230; o da istemezdi, biz de istemezdik elbette ama art\u0131k olan oldu. Burada g\u00fczel olan, hata yapan bir insan\u0131n bunu bilmesi ve \u00f6z\u00fcr dilemesi. \u00d6z\u00fcr dilendikten sonra ortada \u00e7ok bir \u015fey kalm\u0131yor, bizim \u00fcst\u00fcm\u00fcze d\u00fc\u015fen onu tebrik etmek oluyor.<\/p>\n<p>E\u011fer \u015fampiyon olamasayd\u0131k bu ili\u015fki nas\u0131l ilerlerdi ben de bilmiyorum \u00e7\u00fcnk\u00fc d\u00fc\u015f\u00fcr\u00fcl\u00fcp d\u00fcnya \u015fampiyonlu\u011funu kaybetmek ba\u015fka bir \u015fey. \u015eu an her \u015fey istedi\u011fimiz gibi gidiyor.<\/p>\n<p>Bulega ile aramda hi\u00e7bir \u015fey yok, daha \u00f6nce nas\u0131lsam ayn\u0131 \u015fekilde devam. Karakter olarak d\u0131\u015far\u0131dan bak\u0131ld\u0131\u011f\u0131nda so\u011fuk biri fakat ger\u00e7ekten iyi bir insan. Tak\u0131m\u0131 da b\u00f6yle bir \u015fey olsun istemez, k\u00f6kl\u00fc bir tak\u0131m, uzun y\u0131llard\u0131r Superbike&#8217;da yar\u0131\u015f\u0131yor. Bulega yapt\u0131\u011f\u0131 \u015feyden mutsuz ve hatas\u0131n\u0131 \u00e7ok iyi biliyor, b\u00f6yle bir \u015fey olsun o da istemezdi ama her insan\u0131n ba\u015f\u0131na gelebilir. Kendimi onun yerine koyuyorum, ben de yapabilirdim bu hatayd\u0131. Dolay\u0131s\u0131yla uzatman\u0131n anlam\u0131 yok, ge\u00e7mi\u015fte kald\u0131, \u015fampiyonlu\u011fu kazand\u0131k, art\u0131k MotoGP yoluna bak\u0131yoruz.<\/p>\n<div>\n<div><img decoding=\"async\" src=\"https:\/\/kamucalisani.net\/wp-content\/uploads\/2025\/10\/toprak-razgatlioglu-nicolo-bulegayi-affetti-ben-de-boyle-bir-hata-yapabilirdim-3-fKJKc6FH.jpg\"\/><\/div>\n<\/div>\n<p><strong>MotoGP kariyerin \u00fc\u00e7 hafta sonra Valencia testleriyle birlikte ba\u015fl\u0131yor. MotoGP testleri \u00f6ncesi haz\u0131rl\u0131klar devam ediyor mu, Yamaha ile ileti\u015fim halinde misiniz?<\/strong><\/p>\n<p>Haz\u0131rl\u0131klar devam ediyor, Valencia \u00f6ncesi motora al\u0131\u015fma s\u00fcreci i\u00e7in bir test yapabiliriz. Heyecanl\u0131 bir \u015fekilde bekliyorum, daha tak\u0131m\u0131n i\u00e7indekilerle tan\u0131\u015fmad\u0131m, Valencia&#8217;ya son yar\u0131\u015fa gidece\u011fim, orada herkesle tan\u0131\u015faca\u011f\u0131m ve testlere ba\u015flayaca\u011f\u0131z. Heyecan var, ben de heyecanl\u0131y\u0131m, tak\u0131m da heyecanl\u0131.<\/p>\n<div>\n<div><img decoding=\"async\" src=\"https:\/\/kamucalisani.net\/wp-content\/uploads\/2025\/10\/toprak-razgatlioglu-nicolo-bulegayi-affetti-ben-de-boyle-bir-hata-yapabilirdim-4-APmkwmQC.jpg\"\/><\/div>\n<\/div>\n<p><strong>MotoGP s\u00fcr\u00fcc\u00fcleri \u015fampiyonlu\u011funu tebrik etti, \u00f6rne\u011fin Marc Marquez bir yorum payla\u015ft\u0131. Seni tebrik eden ba\u015fka MotoGP s\u00fcr\u00fcc\u00fcleri veya sporcular var m\u0131yd\u0131?<\/strong><\/p>\n<p>A\u00e7\u0131k\u00e7as\u0131 telefona halen bakamad\u0131m. Son yar\u0131\u015fta \u015fampiyon oldu\u011fum i\u00e7in s\u00fcrekli r\u00f6portaj verdim, sonra ak\u015fam Superbike sezonunun galas\u0131na gittik. Sonra u\u00e7a\u011fa bindik, buraya geldik, ak\u015fam kar\u015f\u0131lama oldu, eve geldim, kalkt\u0131m, buraya geldim. Umar\u0131m en k\u0131sa s\u00fcre i\u00e7inde hepsine bakaca\u011f\u0131m kimler yazd\u0131 kimler yazmad\u0131 diye.<\/p>\n<p><strong>Senin i\u00e7in de olduk\u00e7a yo\u011fun birka\u00e7 g\u00fcn geride kald\u0131 elbette.<\/strong><\/p>\n<p>Bir iki g\u00fcn dinlensem kendime gelirim, sonras\u0131nda antrenmanlar devam edecek.<\/p>\n<div>\n<div><img decoding=\"async\" src=\"https:\/\/kamucalisani.net\/wp-content\/uploads\/2025\/10\/toprak-razgatlioglu-nicolo-bulegayi-affetti-ben-de-boyle-bir-hata-yapabilirdim-5-gCg8jl5u.jpg\"\/><\/div>\n<\/div>\n<p><strong>Kul\u00fcb\u00fcn Be\u015fikta\u015f da seni tebrik etti, onlar\u0131n mesaj\u0131 hakk\u0131ndaki d\u00fc\u015f\u00fcncelerin neler?<\/strong><\/p>\n<p>Te\u015fekk\u00fcr ediyorum, ge\u00e7en sene de \u00e7ok g\u00fczel bir video payla\u015fm\u0131\u015flard\u0131. Hem Be\u015fikta\u015fl\u0131 oldu\u011fum i\u00e7in \u00e7ok gurur duyuyorum, hem de sa\u011f olsunlar beni yaln\u0131z b\u0131rakm\u0131yorlar, bir aile gibi davran\u0131yorlar. Belki ilerleyen zamanlarda daha g\u00fczel bir \u015feyler yapaca\u011f\u0131z birlikte.<\/p>\n<p><strong>Bu sezon Be\u015fikta\u015f&#8217;\u0131 takip ediyor musun?<\/strong><\/p>\n<p>Bu y\u0131l edebildi\u011fim kadar ediyorum. Biliyorsun bizim takvim \u00e7ok yo\u011fun oluyor; antrenmanlar, testler, yar\u0131\u015flar. Edebildi\u011fim kadar ediyorum.<\/p>\n\n<p><\/p>\n<p>Kaynak :\u00a0<span style=\"background-color: rgb(255, 249, 236); color: rgb(55, 58, 60); font-size: 14px;\">http:\/\/www.milliyet.com.tr\/skorer\/toprak-razgatlioglu-nicolo-bulegayi-affetti-ben-de-boyle-bir-hata-yapabilirdim-7470835<\/span><\/p>\n","protected":false},"excerpt":{"rendered":"<p>\u00dc\u00e7 kez D\u00fcnya Superbike \u015fampiyonu Toprak Razgatl\u0131o\u011flu, SKORER&#8217;e a\u00e7\u0131klamalarda bulundu. Son yar\u0131\u015fta olay ya\u015fad\u0131\u011f\u0131 Nicolo Bulega&#8217;y\u0131 affetti\u011fini s\u00f6yleyen Toprak, kariyerinden ve MotoGP haz\u0131rl\u0131klar\u0131ndan da s\u00f6z etti.<\/p>\n","protected":false},"author":1,"featured_media":131469,"comment_status":"open","ping_status":"open","sticky":false,"template":"","format":"standard","meta":{"footnotes":""},"categories":[7],"tags":[8781,1663,8566,188,8513],"class_list":["post-131468","post","type-post","status-publish","format-standard","has-post-thumbnail","hentry","category-spor","tag-bir-sey","tag-geldi","tag-motogp","tag-sampiyon","tag-superbike"],"_links":{"self":[{"href":"https:\/\/kamucalisani.net\/index.php\/wp-json\/wp\/v2\/posts\/131468","targetHints":{"allow":["GET"]}}],"collection":[{"href":"https:\/\/kamucalisani.net\/index.php\/wp-json\/wp\/v2\/posts"}],"about":[{"href":"https:\/\/kamucalisani.net\/index.php\/wp-json\/wp\/v2\/types\/post"}],"author":[{"embeddable":true,"href":"https:\/\/kamucalisani.net\/index.php\/wp-json\/wp\/v2\/users\/1"}],"replies":[{"embeddable":true,"href":"https:\/\/kamucalisani.net\/index.php\/wp-json\/wp\/v2\/comments?post=131468"}],"version-history":[{"count":1,"href":"https:\/\/kamucalisani.net\/index.php\/wp-json\/wp\/v2\/posts\/131468\/revisions"}],"predecessor-version":[{"id":131476,"href":"https:\/\/kamucalisani.net\/index.php\/wp-json\/wp\/v2\/posts\/131468\/revisions\/131476"}],"wp:featuredmedia":[{"embeddable":true,"href":"https:\/\/kamucalisani.net\/index.php\/wp-json\/wp\/v2\/media\/131469"}],"wp:attachment":[{"href":"https:\/\/kamucalisani.net\/index.php\/wp-json\/wp\/v2\/media?parent=131468"}],"wp:term":[{"taxonomy":"category","embeddable":true,"href":"https:\/\/kamucalisani.net\/index.php\/wp-json\/wp\/v2\/categories?post=131468"},{"taxonomy":"post_tag","embeddable":true,"href":"https:\/\/kamucalisani.net\/index.php\/wp-json\/wp\/v2\/tags?post=131468"}],"curies":[{"name":"wp","href":"https:\/\/api.w.org\/{rel}","templated":true}]}}