{"id":132010,"date":"2025-10-26T09:42:08","date_gmt":"2025-10-26T09:42:08","guid":{"rendered":"https:\/\/kamucalisani.net\/?p=132010"},"modified":"2025-10-26T09:42:08","modified_gmt":"2025-10-26T09:42:08","slug":"terorsuz-turkiye-mektubu-vandaki-sehit-ailelerine-ulastirildi","status":"publish","type":"post","link":"https:\/\/kamucalisani.net\/index.php\/2025\/10\/26\/terorsuz-turkiye-mektubu-vandaki-sehit-ailelerine-ulastirildi\/","title":{"rendered":"&#8220;Ter\u00f6rs\u00fcz T\u00fcrkiye&#8221; mektubu Van&#8217;daki \u015fehit ailelerine ula\u015ft\u0131r\u0131ld\u0131"},"content":{"rendered":"<p><p>AK Parti G\u00fcrp\u0131nar \u0130l\u00e7e Kad\u0131n Kollar\u0131 Ba\u015fkan\u0131 Derya Il\u0131kan ve beraberindeki partililer, 1987&#8217;de Diyarbak\u0131r&#8217;da \u015fehit olan \u0130smail Kapan&#8217;\u0131n ailesini \u00c7ak\u0131nl\u0131 Mahallesi&#8217;nde, 2015&#8217;te I\u011fd\u0131r&#8217;da \u015fehit olan polis memuru Haluk Varl\u0131&#8217;n\u0131n ailesini de Yukar\u0131 Kaymaz Mahallesi&#8217;ndeki evlerinde ziyaret etti.<\/p>\n<p>\u015eehit yak\u0131nlar\u0131na T\u00fcrk bayra\u011f\u0131 ve Kur&#8217;an-\u0131 Kerim takdim eden Il\u0131kan, Cumhurba\u015fkan\u0131 Recep Tayyap Erdo\u011fan&#8217;\u0131n &#8220;Ter\u00f6rs\u00fcz T\u00fcrkiye&#8221; mektubunu iletti.<\/p>\n<p>Il\u0131kan, &#8220;Ter\u00f6rs\u00fcz T\u00fcrkiye&#8221; s\u00fcrecini toplumun t\u00fcm kesiminin sahiplenmesi gerekti\u011fini s\u00f6yledi.<\/p>\n<div>\n<div><img decoding=\"async\" src=\"https:\/\/kamucalisani.net\/wp-content\/uploads\/2025\/10\/terorsuz-turkiye-mektubu-vandaki-sehit-ailelerine-ulastirildi-0-4SfD5pFa.jpg\"\/><\/div>\n<\/div>\n<p>Cumhurba\u015fkan\u0131 Recep Tayyip Erdo\u011fan&#8217;\u0131n mektubunu \u015fehit ailelerine ula\u015ft\u0131rmaya devam ettiklerini belirten Il\u0131kan, \u015funlar\u0131 kaydetti:<\/p>\n<p>&#8220;S\u00fcrekli sahaday\u0131z. Ev ev dola\u015farak vatanda\u015flar\u0131m\u0131zla bir araya geliyor, taleplerini dinliyoruz. &#8216;Ter\u00f6rs\u00fcz T\u00fcrkiye&#8217; s\u00fcrecini anlat\u0131yoruz. G\u00fczel tepkiler al\u0131yoruz. Kad\u0131nlar\u0131m\u0131z, gen\u00e7lerimiz, emek\u00e7ilerimiz s\u00fcreci destekliyor. Herkes s\u00fcrecin devam etmesini, annelerin ve babalar\u0131n evlat ac\u0131s\u0131 ya\u015famamas\u0131n\u0131 istiyor. \u015eehit ailelerimizi yaln\u0131z b\u0131rakm\u0131yor, her zaman yanlar\u0131nda olmaya gayret ediyoruz.&#8221;<\/p>\n<div>\n<div><img decoding=\"async\" src=\"https:\/\/kamucalisani.net\/wp-content\/uploads\/2025\/10\/terorsuz-turkiye-mektubu-vandaki-sehit-ailelerine-ulastirildi-1-K8UN8EPf.jpg\"\/><\/div>\n<\/div>\n<p><\/p>\n<p>Kaynak :\u00a0<span style=\"background-color: rgb(255, 249, 236); color: rgb(55, 58, 60); font-size: 14px;\">http:\/\/www.milliyet.com.tr\/gundem\/terorsuz-turkiye-mektubu-vandaki-sehit-ailelerine-ulastirildi-7471321<\/span><\/p>\n","protected":false},"excerpt":{"rendered":"<p>Cumhurba\u015fkan\u0131 Recep Tayyip Erdo\u011fan&#8217;\u0131n &#8220;Ter\u00f6rs\u00fcz T\u00fcrkiye&#8221; mektubu, Van&#8217;\u0131n G\u00fcrp\u0131nar il\u00e7esindeki iki \u015fehit ailesine teslim edildi.<\/p>\n","protected":false},"author":1,"featured_media":132011,"comment_status":"open","ping_status":"open","sticky":false,"template":"","format":"standard","meta":{"footnotes":""},"categories":[3],"tags":[2130],"class_list":["post-132010","post","type-post","status-publish","format-standard","has-post-thumbnail","hentry","category-guncel","tag-sehit"],"_links":{"self":[{"href":"https:\/\/kamucalisani.net\/index.php\/wp-json\/wp\/v2\/posts\/132010","targetHints":{"allow":["GET"]}}],"collection":[{"href":"https:\/\/kamucalisani.net\/index.php\/wp-json\/wp\/v2\/posts"}],"about":[{"href":"https:\/\/kamucalisani.net\/index.php\/wp-json\/wp\/v2\/types\/post"}],"author":[{"embeddable":true,"href":"https:\/\/kamucalisani.net\/index.php\/wp-json\/wp\/v2\/users\/1"}],"replies":[{"embeddable":true,"href":"https:\/\/kamucalisani.net\/index.php\/wp-json\/wp\/v2\/comments?post=132010"}],"version-history":[{"count":1,"href":"https:\/\/kamucalisani.net\/index.php\/wp-json\/wp\/v2\/posts\/132010\/revisions"}],"predecessor-version":[{"id":132014,"href":"https:\/\/kamucalisani.net\/index.php\/wp-json\/wp\/v2\/posts\/132010\/revisions\/132014"}],"wp:featuredmedia":[{"embeddable":true,"href":"https:\/\/kamucalisani.net\/index.php\/wp-json\/wp\/v2\/media\/132011"}],"wp:attachment":[{"href":"https:\/\/kamucalisani.net\/index.php\/wp-json\/wp\/v2\/media?parent=132010"}],"wp:term":[{"taxonomy":"category","embeddable":true,"href":"https:\/\/kamucalisani.net\/index.php\/wp-json\/wp\/v2\/categories?post=132010"},{"taxonomy":"post_tag","embeddable":true,"href":"https:\/\/kamucalisani.net\/index.php\/wp-json\/wp\/v2\/tags?post=132010"}],"curies":[{"name":"wp","href":"https:\/\/api.w.org\/{rel}","templated":true}]}}