{"id":132090,"date":"2025-10-26T11:54:08","date_gmt":"2025-10-26T11:54:08","guid":{"rendered":"https:\/\/kamucalisani.net\/?p=132090"},"modified":"2025-10-26T11:54:08","modified_gmt":"2025-10-26T11:54:08","slug":"bassavciliktan-casusluk-suphelisi-huseyin-gune-fetoden-takipsizlik-verildigi-iddiasina-aciklama","status":"publish","type":"post","link":"https:\/\/kamucalisani.net\/index.php\/2025\/10\/26\/bassavciliktan-casusluk-suphelisi-huseyin-gune-fetoden-takipsizlik-verildigi-iddiasina-aciklama\/","title":{"rendered":"Ba\u015fsavc\u0131l\u0131ktan &#8220;casusluk&#8221; \u015f\u00fcphelisi H\u00fcseyin G\u00fcn&#8217;e FET\u00d6&#8217;den takipsizlik verildi\u011fi iddias\u0131na a\u00e7\u0131klama"},"content":{"rendered":"<p><p>Ba\u015fsavc\u0131l\u0131ktan yap\u0131lan a\u00e7\u0131klamada, &#8220;Bir k\u0131s\u0131m bas\u0131n yay\u0131n organlar\u0131nda soru\u015fturmaya konu olan H\u00fcseyin G\u00fcn isimli \u015fah\u0131s hakk\u0131nda \u00f6nceden FET\u00d6 \u00fcyeli\u011fi nedeniyle soru\u015fturma yap\u0131ld\u0131\u011f\u0131 ve takipsizlik karar\u0131 verildi\u011fi hususunda s\u00f6ylemlerde bulunuldu\u011fu anla\u015f\u0131lm\u0131\u015f olup, bu bilgi ger\u00e7e\u011fi yans\u0131tmamaktad\u0131r ve dezenformasyon ama\u00e7l\u0131d\u0131r.&#8221; ifadeleri kullan\u0131ld\u0131.<\/p>\n<p><strong>SORU\u015eTURMA DETAYLARI <\/strong><\/p>\n<p>Ba\u015fsavc\u0131l\u0131ktan soru\u015fturmaya ili\u015fkin yap\u0131lan ilk a\u00e7\u0131klamada, 4 Temmuz&#8217;da &#8220;casusluk&#8221; su\u00e7undan tutuklanan ve yabanc\u0131 \u00fclkeler lehine ajanl\u0131k faaliyetlerinde bulundu\u011fu, g\u00f6r\u00fc\u015fmelerini gizlili\u011fe riayet etmek amac\u0131yla kriptolu telefonlar \u00fczerinden ger\u00e7ekle\u015ftirdi\u011fi, farkl\u0131 \u00fclkelerde ger\u00e7ekle\u015fen i\u00e7 kar\u0131\u015f\u0131kl\u0131klar\u0131 finanse etti\u011fi tespit edilen \u015f\u00fcpheli H\u00fcseyin G\u00fcn&#8217;e ait dijital materyallerin incelendi\u011fi belirtilmi\u015fti.<\/p>\n<p>A\u00e7\u0131klamada, s\u00f6z konusu incelemede, G\u00fcn&#8217;\u00fcn dijital materyallerinde sivil ki\u015filerin ya da \u015firketlerin temin etmesinin m\u00fcmk\u00fcn olmayaca\u011f\u0131 askeri m\u00fchimmat ve silahlara ait foto\u011fraflara ve \u0130srail&#8217;de askeri ya da siyasi alanda faaliyet g\u00f6sterdi\u011fi anla\u015f\u0131lan \u0130srail vatanda\u015flar\u0131na ait pasaport foto\u011fraflar\u0131na rastland\u0131\u011f\u0131 ifade edilmi\u015fti.<\/p>\n<p>FET\u00d6\/PDY silahl\u0131 ter\u00f6r \u00f6rg\u00fct\u00fc kapsam\u0131nda adli i\u015flem yap\u0131lan ki\u015filer, ter\u00f6r \u00f6rg\u00fct\u00fc PKK\/KCK kapsam\u0131nda adli i\u015flem yap\u0131lan ki\u015filer ve farkl\u0131 \u00fclkelerin konsolosluk g\u00f6revlileriyle \u00e7ok say\u0131da ileti\u015fim irtibat\u0131 tespit edildi\u011fi belirtilen G\u00fcn hakk\u0131ndaki MASAK incelemesinde ise ticari i\u015fletmesi olmamas\u0131na ra\u011fmen y\u00fckl\u00fc miktarda yurt i\u00e7i ve yurt d\u0131\u015f\u0131 para transferlerinin bulundu\u011fu, hesaplar\u0131nda 85 milyon liran\u0131n nakit \u00e7ekiminin ger\u00e7ekle\u015ftirildi\u011fi, bu tutar\u0131n kullan\u0131m\u0131na ili\u015fkin herhangi bir al\u0131m-sat\u0131m kayd\u0131na rastlan\u0131lmad\u0131\u011f\u0131 kaydedilmi\u015fti.<\/p>\n<p>A\u00e7\u0131klamada, el yaz\u0131s\u0131 defter ve belgelerin incelenmesi neticesinde ise \u015f\u00fcpheli G\u00fcn&#8217;e ait oldu\u011fu anla\u015f\u0131lan belgeler i\u00e7erisinde farkl\u0131 \u00fclkelerde ger\u00e7ekle\u015fen darbe giri\u015fimi, i\u00e7 kar\u0131\u015f\u0131kl\u0131k olaylar\u0131yla ilgili hususlardan bahsedildi\u011fi, T\u00fcrkiye&#8217;de g\u00f6r\u00fc\u015ft\u00fc\u011f\u00fc ki\u015fi veya kurumlar\u0131 g\u00fcnl\u00fck olarak not ald\u0131\u011f\u0131 belirtilmi\u015fti.<\/p>\n<p>\u015e\u00fcpheli G\u00fcn&#8217;\u00fcn, yabanc\u0131 bir \u00fclke lehine faaliyet g\u00f6sterdi\u011fi anla\u015f\u0131lan istihbarat elemanlar\u0131 ya da siyasi faaliyetlerde bulunan ki\u015filere T\u00fcrkiye&#8217;yle ilgili konularda bilgi aktar\u0131m\u0131nda bulundu\u011fu y\u00f6n\u00fcnde i\u00e7erikler, ter\u00f6r \u00f6rg\u00fct\u00fc FET\u00d6\/PDY&#8217;nin \u00fcst y\u00f6netim kadrosunda bulunan ve s\u00f6zde \u0130ngiltere imam\u0131 olarak nitelendirilen Mustafa \u00d6zcan&#8217;la y\u00fcz y\u00fcze g\u00f6r\u00fc\u015fme ger\u00e7ekle\u015ftirdi\u011fi, bu ki\u015fiden \u00f6neriler ald\u0131\u011f\u0131na dair notlar\u0131n bulundu\u011funa dikkati \u00e7ekilen a\u00e7\u0131klamada, Orta Do\u011fu ve Afrika \u00fclkeleri ve T\u00fcrkiye ile ilgili konularda toplad\u0131\u011f\u0131 bilgileri istihbari faaliyet g\u00f6sterdi\u011fi tespit edilen yabanc\u0131 bir \u00fclkeye mensup \u015fah\u0131slara aktard\u0131\u011f\u0131 \u015feklinde tespitlerin bulundu\u011fu vurgulanm\u0131\u015ft\u0131.<\/p>\n<p>A\u00e7\u0131klamada, \u015f\u00fcpheli H\u00fcseyin G\u00fcn&#8217;\u00fcn ticari kimli\u011fini \u00f6n planda g\u00f6stererek, ba\u015fka \u00fclkelerin menfaatleri do\u011frultusunda T\u00fcrkiye ve ba\u015fka \u00fclkelerde faaliyet g\u00f6sterdi\u011fi, bir\u00e7ok yabanc\u0131 \u00fclke istihbarat g\u00f6revlisiyle irtibat\u0131n\u0131n bulundu\u011fu aktar\u0131lm\u0131\u015ft\u0131.<\/p>\n<p>\u015e\u00fcpheli G\u00fcn&#8217;\u00fcn yabanc\u0131 \u00fclkenin istihbarat g\u00f6revlisiyle FET\u00d6 mensuplar\u0131n\u0131n kulland\u0131\u011f\u0131 &#8220;ByLock&#8221; program\u0131n\u0131n benzeri d\u0131\u015far\u0131dan eri\u015filemeyip \u00fcst d\u00fczey gizlili\u011fe sahip kriptografik haberle\u015fme programlar\u0131ndan olan &#8220;Wickr&#8221;dan yapt\u0131\u011f\u0131 yaz\u0131\u015fmalarda, yabanc\u0131 \u00fclke istihbarat g\u00f6revlisinin \u015f\u00fcpheliye T\u00fcrkiye&#8217;de \u00f6nceden g\u00f6rev yapm\u0131\u015f iki bakan\u0131n da aralar\u0131nda bulundu\u011fu bir grubun uzaktan ve gizli \u00e7ekilmi\u015f bir resmini g\u00f6ndermesinin dikkati \u00e7ekici bulundu\u011fu kaydedilmi\u015fti.<\/p>\n<p><strong>H\u00dcSEY\u0130N G\u00dcN VE NECAT\u0130 \u00d6ZKAN&#8217;IN \u0130RT\u0130BATI <\/strong><\/p>\n<p>A\u00e7\u0131klamada, \u015fu ifadelere yer verilmi\u015fti:<\/p>\n<p>&#8220;Yine \u015f\u00fcphelinin ayn\u0131 kriptografik haberle\u015fme program\u0131 \u00fczerinden Ekrem \u0130mamo\u011flu \u00e7\u0131kar ama\u00e7l\u0131 su\u00e7 \u00f6rg\u00fct\u00fc y\u00f6neticilerinden olan \u015f\u00fcpheli Necati \u00d6zkan isimli \u015fah\u0131sla \u00f6zet olarak &#8216;dijital istihbarat toplama, \u0130mamo\u011flu i\u00e7in ger\u00e7ekle\u015ftirilen \u00e7al\u0131\u015fmalarda dikkat edilmesi gereken hususlar, 70 bin g\u00f6n\u00fcll\u00fcn\u00fcn acil aktive edilmesi gerekti\u011fi, Murat Ongun&#8217;un cep telefonu uzaktan eri\u015fimli dinlemeye izin verebilecek casus yaz\u0131l\u0131mla enfekte oldu\u011funu, bu nedenle Murat&#8217;\u0131n (Ongun) Ekrem Bey&#8217;le yap\u0131lacak hassas \u00f6zel kampanya toplant\u0131lar\u0131na telefonunu g\u00f6t\u00fcrmemesinin \u00e7ok \u00f6nemli oldu\u011fu&#8217; \u015feklinde Necati \u00d6zkan\u2019a talimat verir vas\u0131fta g\u00f6r\u00fc\u015fmelerin tespit edildi\u011fi, \u015f\u00fcpheli H\u00fcseyin G\u00fcn&#8217;\u00fcn Ekrem \u0130mamo\u011flu \u00e7\u0131kar ama\u00e7l\u0131 su\u00e7 \u00f6rg\u00fct\u00fc y\u00f6neticilerinden \u015f\u00fcpheli Necati \u00d6zkan&#8217;\u0131n hiyerar\u015fik olarak \u00fcst\u00fcnde, su\u00e7 \u00f6rg\u00fct\u00fc i\u00e7erisinde y\u00f6netici olarak faaliyet g\u00f6sterdi\u011fi anla\u015f\u0131lm\u0131\u015ft\u0131r.&#8221;<\/p>\n<p>A\u00e7\u0131klamada, Ekrem \u0130mamo\u011flu su\u00e7 \u00f6rg\u00fct\u00fcn\u00fcn as\u0131l amac\u0131n\u0131n maddi menfaat elde ederek eleba\u015f\u0131 \u0130mamo\u011flu&#8217;nun Cumhurba\u015fkanl\u0131\u011f\u0131 adayl\u0131\u011f\u0131 i\u00e7in fon olu\u015fturmak oldu\u011fu, su\u00e7 \u00f6rg\u00fct\u00fc y\u00f6neticilerinden \u015f\u00fcpheli H\u00fcseyin G\u00fcn&#8217;\u00fcn, \u015f\u00fcpheli \u00d6zkan&#8217;la \u00f6rg\u00fct\u00fcn bu amac\u0131 do\u011frultusunda 2019 Yerel Se\u00e7im Kampanyas\u0131&#8217;nda i\u015fbirli\u011fi yapmak ve \u00f6zellikle se\u00e7menlere ait gizli bilgilerin s\u0131zd\u0131r\u0131lmas\u0131 suretiyle bu ama\u00e7 do\u011frultusunda eylemde bulunduklar\u0131 ifade edilmi\u015fti.<\/p>\n<p>Se\u00e7im b\u00f6lgelerine ili\u015fkin analiz yaparak se\u00e7men profili \u00e7\u0131kard\u0131klar\u0131 ve strateji belirledikleri, bu \u00e7al\u0131\u015fmay\u0131 ger\u00e7ekle\u015ftirirken se\u00e7menlere ait bilgilerin yabanc\u0131 istihbarat servisleri ile payla\u015f\u0131ld\u0131\u011f\u0131, eylemin &#8220;casusluk&#8221; faaliyeti kapsam\u0131nda oldu\u011fu vurgulanan a\u00e7\u0131klamada, &#8220;Ayr\u0131ca \u015f\u00fcpheli H\u00fcseyin G\u00fcn\u2019\u00fcn su\u00e7 \u00f6rg\u00fct\u00fcn\u00fcn kurucusu di\u011fer \u015f\u00fcphelilerden Ekrem \u0130mamo\u011flu\u2019yla irtibat\u0131 ve ortak bulu\u015fmalar\u0131n\u0131n bulundu\u011fu anla\u015f\u0131lm\u0131\u015ft\u0131r.&#8221; ifadelerine yer verilmi\u015fti.<\/p>\n<p>A\u00e7\u0131klamada, soru\u015fturma kapsam\u0131nda elde edilen delillere g\u00f6re medya mensubu \u015f\u00fcpheli Merdan Yanarda\u011f&#8217;\u0131n H\u00fcseyin G\u00fcn&#8217;le &#8220;casusluk&#8221; faaliyetlerine ili\u015fkin \u00e7ok say\u0131da irtibat ve yaz\u0131\u015fmas\u0131n\u0131n tespit edildi\u011fi, bunun tan\u0131k beyan\u0131yla da do\u011fruland\u0131\u011f\u0131 belirtilerek, \u015f\u00fcpheli Yanarda\u011f&#8217;\u0131n G\u00fcn&#8217;den menfaat temin etmek suretiyle se\u00e7im s\u00fcrecinin bas\u0131n aya\u011f\u0131n\u0131 organize etti\u011fi, 2019 Yerel Se\u00e7imleri&#8217;nde yabanc\u0131 istihbarat servisleriyle i\u015ftirak halinde se\u00e7imlerin manip\u00fcle edilmesi noktas\u0131nda faaliyette bulundu\u011fu ve bu \u015fekilde &#8220;casusluk&#8221; su\u00e7unu i\u015fledi\u011finin anla\u015f\u0131ld\u0131\u011f\u0131 ifade edilmi\u015fti.<\/p>\n<p>Ba\u015fka su\u00e7tan tutuklu \u015f\u00fcpheliler \u0130mamo\u011flu ve \u00d6zkan&#8217;\u0131n &#8220;casusluk&#8221; su\u00e7undan sorgulanmak \u00fczere bulunduklar\u0131 ceza infaz kurumundan savc\u0131l\u0131\u011fa getirilmeleri i\u00e7in m\u00fczekkere yaz\u0131ld\u0131\u011f\u0131 aktar\u0131lan a\u00e7\u0131klamada, \u015f\u00fcpheli Yanarda\u011f&#8217;\u0131n da ayn\u0131 su\u00e7tan g\u00f6zalt\u0131na al\u0131nd\u0131\u011f\u0131, Yanarda\u011f&#8217;\u0131n evinde ve i\u015f yerinde arama i\u015fleminin yap\u0131ld\u0131\u011f\u0131 bilgisi verilmi\u015fti.<\/p>\n<p>A\u00e7\u0131klamada, soru\u015fturma kapsam\u0131nda 4 Temmuz&#8217;da &#8220;casusluk&#8221; su\u00e7undan tutuklanan \u015f\u00fcpheli H\u00fcseyin G\u00fcn&#8217;\u00fcn ise i\u015flemleri yap\u0131lmak ve elde edilen yeni delillere g\u00f6re \u00fczerine at\u0131l\u0131 &#8220;su\u00e7 \u00f6rg\u00fct\u00fc y\u00f6neticisi olmak&#8221; su\u00e7undan sorgulanmak \u00fczere sulh ceza hakimli\u011fi karar\u0131yla bulundu\u011fu cezaevinden \u0130stanbul Emniyet M\u00fcd\u00fcrl\u00fc\u011f\u00fc&#8217;ne getirilece\u011fi belirtilerek, &#8220;Cumhuriyet Ba\u015fsavc\u0131l\u0131\u011f\u0131m\u0131zca soru\u015fturma, Milli \u0130stihbarat Te\u015fkilat\u0131m\u0131z (M\u0130T) ve \u0130stanbul Emniyet M\u00fcd\u00fcrl\u00fc\u011f\u00fc ile i\u015fbirli\u011fi i\u00e7erisinde kararl\u0131l\u0131kla ve geni\u015fletilerek s\u00fcrd\u00fcr\u00fclecektir.&#8221; ifadeleri kullan\u0131lm\u0131\u015ft\u0131.<\/p>\n\n<p><\/p>\n<p>Kaynak :\u00a0<span style=\"background-color: rgb(255, 249, 236); color: rgb(55, 58, 60); font-size: 14px;\">http:\/\/www.milliyet.com.tr\/gundem\/bassavciliktan-casusluk-suphelisi-huseyin-gune-fetoden-takipsizlik-verildigi-iddiasina-aciklama-7471417<\/span><\/p>\n","protected":false},"excerpt":{"rendered":"<p>\u0130stanbul Cumhuriyet Ba\u015fsavc\u0131l\u0131\u011f\u0131, &#8220;casusluk&#8221; su\u00e7undan ba\u015flat\u0131lan soru\u015fturmada, \u015f\u00fcpheli H\u00fcseyin G\u00fcn hakk\u0131nda \u00f6nceden Fetullah\u00e7\u0131 Ter\u00f6r \u00d6rg\u00fct\u00fc (FET\u00d6) \u00fcyeli\u011fi nedeniyle soru\u015fturma oldu\u011fu ve takipsizlik verildi\u011fi y\u00f6n\u00fcndeki haberlerin ger\u00e7e\u011fi yans\u0131tmad\u0131\u011f\u0131n\u0131 bildirdi.<\/p>\n","protected":false},"author":1,"featured_media":132091,"comment_status":"open","ping_status":"open","sticky":false,"template":"","format":"standard","meta":{"footnotes":""},"categories":[3],"tags":[3603,7136,178,211,644],"class_list":["post-132090","post","type-post","status-publish","format-standard","has-post-thumbnail","hentry","category-guncel","tag-aciklamada","tag-bulundugu","tag-gun","tag-is","tag-supheli"],"_links":{"self":[{"href":"https:\/\/kamucalisani.net\/index.php\/wp-json\/wp\/v2\/posts\/132090","targetHints":{"allow":["GET"]}}],"collection":[{"href":"https:\/\/kamucalisani.net\/index.php\/wp-json\/wp\/v2\/posts"}],"about":[{"href":"https:\/\/kamucalisani.net\/index.php\/wp-json\/wp\/v2\/types\/post"}],"author":[{"embeddable":true,"href":"https:\/\/kamucalisani.net\/index.php\/wp-json\/wp\/v2\/users\/1"}],"replies":[{"embeddable":true,"href":"https:\/\/kamucalisani.net\/index.php\/wp-json\/wp\/v2\/comments?post=132090"}],"version-history":[{"count":1,"href":"https:\/\/kamucalisani.net\/index.php\/wp-json\/wp\/v2\/posts\/132090\/revisions"}],"predecessor-version":[{"id":132092,"href":"https:\/\/kamucalisani.net\/index.php\/wp-json\/wp\/v2\/posts\/132090\/revisions\/132092"}],"wp:featuredmedia":[{"embeddable":true,"href":"https:\/\/kamucalisani.net\/index.php\/wp-json\/wp\/v2\/media\/132091"}],"wp:attachment":[{"href":"https:\/\/kamucalisani.net\/index.php\/wp-json\/wp\/v2\/media?parent=132090"}],"wp:term":[{"taxonomy":"category","embeddable":true,"href":"https:\/\/kamucalisani.net\/index.php\/wp-json\/wp\/v2\/categories?post=132090"},{"taxonomy":"post_tag","embeddable":true,"href":"https:\/\/kamucalisani.net\/index.php\/wp-json\/wp\/v2\/tags?post=132090"}],"curies":[{"name":"wp","href":"https:\/\/api.w.org\/{rel}","templated":true}]}}