{"id":132093,"date":"2025-10-26T12:00:10","date_gmt":"2025-10-26T12:00:10","guid":{"rendered":"https:\/\/kamucalisani.net\/?p=132093"},"modified":"2025-10-26T12:00:10","modified_gmt":"2025-10-26T12:00:10","slug":"motogp-malezya-yarisini-alex-marquez-kazandi","status":"publish","type":"post","link":"https:\/\/kamucalisani.net\/index.php\/2025\/10\/26\/motogp-malezya-yarisini-alex-marquez-kazandi\/","title":{"rendered":"MotoGP Malezya yar\u0131\u015f\u0131n\u0131 Alex Marquez kazand\u0131"},"content":{"rendered":"<p><p>MotoGP D\u00fcnya \u015eampiyonas\u0131&#8217;n\u0131n 20. aya\u011f\u0131 Malezya Grand Prix&#8217;sinde BK8 Gresini tak\u0131m\u0131n\u0131n \u0130spanyol pilotu Alex Marquez, birinci oldu.<\/p>\n<p>Motosiklet yar\u0131\u015flar\u0131n\u0131n en \u00f6nemli organizasyonunda sezonun 20. m\u00fccadelesi, 5,5 kilometrelik Uluslararas\u0131 Sepang Pisti&#8217;nde 20 tur \u00fczerinden yap\u0131ld\u0131.<\/p>\n<p>Marquez, 40 dakika 09.249 saniyelik s\u00fcresiyle damal\u0131 bayra\u011f\u0131 ilk s\u0131rada ge\u00e7erken Red Bull KTM tak\u0131m\u0131n\u0131n \u0130spanyol pilotu Pedro Acosta 2.676 saniye farkla ikincili\u011fi, Honda HRC tak\u0131m\u0131ndan \u0130spanyol Joan Mir de 8.048 saniye geriden gelerek \u00fc\u00e7\u00fcnc\u00fcl\u00fc\u011f\u00fc elde etti.<\/p>\n<p>2022 ve 2023 MotoGP \u015fampiyonu Francesco Bagnaia ise yar\u0131\u015f\u0131 ikinci s\u0131rada g\u00f6t\u00fcr\u00fcrken ya\u015fad\u0131\u011f\u0131 bir ar\u0131za nedeniyle yar\u0131\u015f d\u0131\u015f\u0131 kald\u0131 ve puan alamad\u0131. Ge\u00e7en yar\u0131\u015f\u0131n galibi Raul Fernandez de kaza yapt\u0131 ve puan alamad\u0131.<\/p>\n<p>Ducati Lenovo tak\u0131m\u0131ndan \u0130spanyol Marc Marquez&#8217;in \u015fampiyonlu\u011funu ilan etti\u011fi organizasyonda bir sonraki yar\u0131\u015f, 9 Kas\u0131m Pazar g\u00fcn\u00fc Portekiz&#8217;de ko\u015fulacak.<\/p>\n<p><strong>Pilotlar klasman\u0131n\u0131n ilk 5 s\u0131ras\u0131ndaki isimler \u015f\u00f6yle:<\/strong><\/p>\n<p>1. Marc Marquez (\u0130spanya): 545 puan<\/p>\n<p>2. Alex Marquez (\u0130spanya): 413<\/p>\n<p>3. Marco Bezzecchi (\u0130talya): 291<\/p>\n<p>4. Francesco Bagnaia (\u0130talya): 286<\/p>\n<p>5. Pedro Acosta (\u0130spanya): 260<\/p>\n\n<p><\/p>\n<p>Kaynak :\u00a0<span style=\"background-color: rgb(255, 249, 236); color: rgb(55, 58, 60); font-size: 14px;\">http:\/\/www.milliyet.com.tr\/skorer\/motogp-malezya-yarisini-alex-marquez-kazandi-7471424<\/span><\/p>\n","protected":false},"excerpt":{"rendered":"<p>2025 MotoGP sezonunun sondan \u00fc\u00e7\u00fcnc\u00fc yar\u0131\u015f\u0131nda galibiyet Gresini Ducati s\u00fcr\u00fcc\u00fcs\u00fc Alex Marquez&#8217;in oldu. Marquez, bu hafta sonu d\u00fcnya ikincili\u011fini de garantiledi.<\/p>\n","protected":false},"author":1,"featured_media":132094,"comment_status":"open","ping_status":"open","sticky":false,"template":"","format":"standard","meta":{"footnotes":""},"categories":[7],"tags":[8829,986],"class_list":["post-132093","post","type-post","status-publish","format-standard","has-post-thumbnail","hentry","category-spor","tag-marquez","tag-yaris"],"_links":{"self":[{"href":"https:\/\/kamucalisani.net\/index.php\/wp-json\/wp\/v2\/posts\/132093","targetHints":{"allow":["GET"]}}],"collection":[{"href":"https:\/\/kamucalisani.net\/index.php\/wp-json\/wp\/v2\/posts"}],"about":[{"href":"https:\/\/kamucalisani.net\/index.php\/wp-json\/wp\/v2\/types\/post"}],"author":[{"embeddable":true,"href":"https:\/\/kamucalisani.net\/index.php\/wp-json\/wp\/v2\/users\/1"}],"replies":[{"embeddable":true,"href":"https:\/\/kamucalisani.net\/index.php\/wp-json\/wp\/v2\/comments?post=132093"}],"version-history":[{"count":1,"href":"https:\/\/kamucalisani.net\/index.php\/wp-json\/wp\/v2\/posts\/132093\/revisions"}],"predecessor-version":[{"id":132095,"href":"https:\/\/kamucalisani.net\/index.php\/wp-json\/wp\/v2\/posts\/132093\/revisions\/132095"}],"wp:featuredmedia":[{"embeddable":true,"href":"https:\/\/kamucalisani.net\/index.php\/wp-json\/wp\/v2\/media\/132094"}],"wp:attachment":[{"href":"https:\/\/kamucalisani.net\/index.php\/wp-json\/wp\/v2\/media?parent=132093"}],"wp:term":[{"taxonomy":"category","embeddable":true,"href":"https:\/\/kamucalisani.net\/index.php\/wp-json\/wp\/v2\/categories?post=132093"},{"taxonomy":"post_tag","embeddable":true,"href":"https:\/\/kamucalisani.net\/index.php\/wp-json\/wp\/v2\/tags?post=132093"}],"curies":[{"name":"wp","href":"https:\/\/api.w.org\/{rel}","templated":true}]}}