{"id":132172,"date":"2025-10-26T14:12:09","date_gmt":"2025-10-26T14:12:09","guid":{"rendered":"https:\/\/kamucalisani.net\/?p=132172"},"modified":"2025-10-26T14:12:09","modified_gmt":"2025-10-26T14:12:09","slug":"vivo-x300-ve-x300-pro-30-ekimde-kuresel-pazara-renkli-bir-giris-yapacak","status":"publish","type":"post","link":"https:\/\/kamucalisani.net\/index.php\/2025\/10\/26\/vivo-x300-ve-x300-pro-30-ekimde-kuresel-pazara-renkli-bir-giris-yapacak\/","title":{"rendered":"Vivo X300 ve X300 Pro, 30 Ekim&#8217;de k\u00fcresel pazara renkli bir giri\u015f yapacak"},"content":{"rendered":"<p><figure> <span> <img decoding=\"async\" src=\"https:\/\/kamucalisani.net\/wp-content\/uploads\/2025\/10\/vivo-x300-ve-x300-pro-30-ekimde-kuresel-pazara-renkli-bir-giris-yapacak-0-fxe2bsLS.jpg\"\/> <\/span> <strong>Vivo<\/strong>, \u00c7in\u2019de b\u00fcy\u00fck ilgi g\u00f6ren Vivo X300 ve Vivo X300 Pro modellerini <strong>30 Ekim\u2019de <\/strong>k\u00fcresel pazara sunmaya haz\u0131rlan\u0131yor. \u015eirket, bu iki ak\u0131ll\u0131 telefonla birlikte ilk kez <strong>MediaTek Dimensity 9500 <\/strong>i\u015flemcisini kullanacak. Hen\u00fcz resmi lansman duyurusu yap\u0131lmam\u0131\u015f olsa da g\u00fcvenilir kaynaklardan gelen bilgiler k\u00fcresel versiyonlar\u0131n renk ve depolama se\u00e7eneklerini g\u00f6zler \u00f6n\u00fcne serdi. <\/figure>\n<p><b>Yeni MediaTek i\u015flemciyle g\u00fc\u00e7lenen Vivo X300 serisi, d\u00f6rt farkl\u0131 renk se\u00e7ene\u011fiyle geliyor<\/b><\/p>\n<p>S\u0131z\u0131nt\u0131lara g\u00f6re her iki cihaz da d\u00f6rt farkl\u0131 renk se\u00e7ene\u011fiyle piyasaya \u00e7\u0131kacak ve 16 GB RAM ile 512 GB\u2019a kadar depolama sunacak. \u00c7in pazar\u0131nda sat\u0131lan 1 TB modelin ise k\u00fcresel sat\u0131\u015fa dahil edilmeyece\u011fi de belirtiliyor. Seriden <strong>Vivo X300<\/strong>, tasar\u0131m a\u00e7\u0131s\u0131ndan ince \u00e7er\u00e7evesi ve canl\u0131 renk se\u00e7enekleriyle dikkat \u00e7ekiyor. Modelin k\u00fcresel s\u00fcr\u00fcm\u00fc; Halo Pembesi, \u0130ris Moru, Sis Mavisi ve Hayalet Siyah\u0131 renklerinde sat\u0131\u015fa \u00e7\u0131kacak. Ayr\u0131ca baz\u0131 b\u00f6lgelerde renk \u00e7e\u015fitlili\u011fi de\u011fi\u015fiklik g\u00f6sterecek. \u00d6rne\u011fin, Avustralya\u2019da Vivo X300 yaln\u0131zca K\u0131rm\u0131z\u0131 renk se\u00e7ene\u011fiyle sat\u0131lacak.<\/p>\n<figure> <span> <img decoding=\"async\" src=\"https:\/\/kamucalisani.net\/wp-content\/uploads\/2025\/10\/vivo-x300-ve-x300-pro-30-ekimde-kuresel-pazara-renkli-bir-giris-yapacak-1-Jm1MTqeB.jpg\"\/> <\/span> Donan\u0131m taraf\u0131nda ise X300 modeli, ultra ince 1,05 mm \u00e7er\u00e7evelere sahip 6,31 in\u00e7 BOE Q10 Plus LTPO AMOLED ekran ile geliyor. Ekran, T\u00dcV sertifikal\u0131 g\u00f6z koruma teknolojisine sahip ve kullan\u0131c\u0131 deneyimini \u00fcst seviyeye ta\u015f\u0131yor. Arka tarafta, 200 MP Zeiss S\u00fcper ana kamera (Samsung ISOCELL HPB sens\u00f6rl\u00fc), 50 MP ultra geni\u015f lens ve 3x optik yak\u0131nla\u015ft\u0131rma sunan 50 MP Zeiss APO telefoto lens yer al\u0131yor. <\/figure>\n<p>Selfie taraf\u0131nda 50 MP otomatik odakl\u0131 Zeiss Natural Color destekli kamera bulunuyor. G\u00f6r\u00fcnt\u00fc i\u015fleme konusunda ise cihaz, V3+ NPU (yapay zek\u00e2 destekli g\u00f6r\u00fcnt\u00fc i\u015flem birimi) sayesinde 4K 60 FPS portre videolar\u0131, geli\u015fmi\u015f hareket takibi ve s\u0131f\u0131r katk\u0131l\u0131 do\u011fal portre \u00e7ekimleri yapabiliyor. T\u00fcm bu donan\u0131m, sadece 7,95 mm kal\u0131nl\u0131ktaki g\u00f6vdeye ve 190 gram a\u011f\u0131rl\u0131\u011fa s\u0131\u011fd\u0131r\u0131lm\u0131\u015f. Ayr\u0131ca LPDDR5X RAM, UFS 4.0 depolama ve <strong>6.040 mAh Blue Ocean batarya <\/strong>ile donat\u0131lm\u0131\u015f cihaz, hem performans hem de enerji verimlili\u011fi a\u00e7\u0131s\u0131ndan iddial\u0131 bir konumda.<\/p>\n<p>Serinin \u00fcst modeli <strong>Vivo X300 Pro<\/strong> ise selefine g\u00f6re daha b\u00fcy\u00fck ekran, geli\u015fmi\u015f kamera sistemi ve daha y\u00fcksek batarya kapasitesiyle geliyor. Cihaz, 6,78 in\u00e7 LTPO AMOLED ekran sunarken, 1\u2013120 Hz dinamik yenileme h\u0131z\u0131 ve 1.260 \u00d7 2.800 piksel \u00e7\u00f6z\u00fcn\u00fcrl\u00fck ile kusursuz bir g\u00f6r\u00fcnt\u00fc deneyimi vaat ediyor.<\/p>\n<figure> <span> <img decoding=\"async\" src=\"https:\/\/kamucalisani.net\/wp-content\/uploads\/2025\/10\/vivo-x300-ve-x300-pro-30-ekimde-kuresel-pazara-renkli-bir-giris-yapacak-2-WBu3GWeV.jpg\"\/> <\/span> Kamera donan\u0131m\u0131nda 50 MP Sony LYT-828 ana sens\u00f6r, 200 MP telefoto lens, 50 MP ultra geni\u015f a\u00e7\u0131l\u0131 lens ve 50 MP \u00f6n kamera bulunuyor. Bu yap\u0131land\u0131rma, \u00f6zellikle profesyonel d\u00fczeyde foto\u011fraf ve video \u00e7ekimlerinde fark yaratacakt\u0131r. <\/figure>\n<p>Batarya taraf\u0131nda ise <strong>6.510 mAh <\/strong>kapasite ve 90 W kablolu, 40 W kablosuz \u015farj deste\u011fi dikkat \u00e7ekiyor. X300 Pro, yaln\u0131zca 7,99 mm kal\u0131nl\u0131k ve 226 gram a\u011f\u0131rl\u0131k ile g\u00fc\u00e7l\u00fc donan\u0131m\u0131na ra\u011fmen \u015f\u0131k ve dengeli bir tasar\u0131m \u00e7izgisi sunuyor.<\/p>\n<figure> <span> <img decoding=\"async\" src=\"https:\/\/kamucalisani.net\/wp-content\/uploads\/2025\/10\/vivo-x300-ve-x300-pro-30-ekimde-kuresel-pazara-renkli-bir-giris-yapacak-3-BhB4HkmF.jpg\"\/> <\/span> Renk se\u00e7enekleri aras\u0131nda Sis Mavisi, Hayalet Siyah\u0131, Bulut Beyaz\u0131 ve Kum Kahverengisi bulunan Vivo X300 Pro, Avustralya gibi baz\u0131 pazarlarda yaln\u0131zca iki renk (Hayalet Siyah\u0131 ve Kum Kahverengisi) sat\u0131\u015fta olacak. Son olarak k\u00fcresel lansman\u0131n 30 Ekim\u2019de yap\u0131lmas\u0131 bekleniyor. \u00c7in\u2019deki sat\u0131\u015f fiyatlar\u0131 baz al\u0131nd\u0131\u011f\u0131nda ise Vivo X300\u2019\u00fcn yakla\u015f\u0131k <strong>699 dolar,<\/strong> X300 Pro\u2019nun ise <strong>899 dolar<\/strong> civar\u0131nda olmas\u0131 bekleniyor. <\/figure>\n<\/p>\n<p>Kaynak\u00a0 :\u00a0<span style=\"background-color: rgb(255, 249, 236); color: rgb(55, 58, 60); font-size: 14px;\">https:\/\/www.donanimhaber.com\/vivo-x300-ve-x300-pro-30-ekim-de-kuresel-pazarlarda&#8211;197792<\/span><\/p>\n","protected":false},"excerpt":{"rendered":"<p>Vivo, \u00c7in\u2019de b\u00fcy\u00fck ilgi g\u00f6ren Vivo X300 ve Vivo X300 Pro modellerini 30 Ekim\u2019de k\u00fcresel pazara sunmaya haz\u0131rlan\u0131yor. \u015eirket, bu iki ak\u0131ll\u0131 telefonla birlikte ilk kez MediaTek Dimensity 9500 i\u015flemcisini kullanacak. Hen\u00fcz resmi lansman duyurusu &#8230;<\/p>\n","protected":false},"author":1,"featured_media":132173,"comment_status":"open","ping_status":"open","sticky":false,"template":"","format":"standard","meta":{"footnotes":""},"categories":[8],"tags":[61,118,2686,8837],"class_list":["post-132172","post","type-post","status-publish","format-standard","has-post-thumbnail","hentry","category-teknoloji","tag-kamera","tag-pro","tag-renk","tag-vivo-x300"],"_links":{"self":[{"href":"https:\/\/kamucalisani.net\/index.php\/wp-json\/wp\/v2\/posts\/132172","targetHints":{"allow":["GET"]}}],"collection":[{"href":"https:\/\/kamucalisani.net\/index.php\/wp-json\/wp\/v2\/posts"}],"about":[{"href":"https:\/\/kamucalisani.net\/index.php\/wp-json\/wp\/v2\/types\/post"}],"author":[{"embeddable":true,"href":"https:\/\/kamucalisani.net\/index.php\/wp-json\/wp\/v2\/users\/1"}],"replies":[{"embeddable":true,"href":"https:\/\/kamucalisani.net\/index.php\/wp-json\/wp\/v2\/comments?post=132172"}],"version-history":[{"count":1,"href":"https:\/\/kamucalisani.net\/index.php\/wp-json\/wp\/v2\/posts\/132172\/revisions"}],"predecessor-version":[{"id":132178,"href":"https:\/\/kamucalisani.net\/index.php\/wp-json\/wp\/v2\/posts\/132172\/revisions\/132178"}],"wp:featuredmedia":[{"embeddable":true,"href":"https:\/\/kamucalisani.net\/index.php\/wp-json\/wp\/v2\/media\/132173"}],"wp:attachment":[{"href":"https:\/\/kamucalisani.net\/index.php\/wp-json\/wp\/v2\/media?parent=132172"}],"wp:term":[{"taxonomy":"category","embeddable":true,"href":"https:\/\/kamucalisani.net\/index.php\/wp-json\/wp\/v2\/categories?post=132172"},{"taxonomy":"post_tag","embeddable":true,"href":"https:\/\/kamucalisani.net\/index.php\/wp-json\/wp\/v2\/tags?post=132172"}],"curies":[{"name":"wp","href":"https:\/\/api.w.org\/{rel}","templated":true}]}}