{"id":132182,"date":"2025-10-26T14:24:09","date_gmt":"2025-10-26T14:24:09","guid":{"rendered":"https:\/\/kamucalisani.net\/?p=132182"},"modified":"2025-10-26T14:24:09","modified_gmt":"2025-10-26T14:24:09","slug":"fenerbahcenin-kamp-kadrosu-aciklandi-iki-eksik-var","status":"publish","type":"post","link":"https:\/\/kamucalisani.net\/index.php\/2025\/10\/26\/fenerbahcenin-kamp-kadrosu-aciklandi-iki-eksik-var\/","title":{"rendered":"Fenerbah\u00e7e&#8217;nin kamp kadrosu a\u00e7\u0131kland\u0131! \u0130ki eksik var"},"content":{"rendered":"<p><p>Pazartesi ak\u015fam\u0131 S\u00fcper Lig&#8217;de Gaziantep FK ile deplasmanda kar\u015f\u0131 kar\u015f\u0131ya gelecek olan Fenerbah\u00e7e, bug\u00fcn ma\u00e7 \u00f6ncesi son antrenman\u0131n\u0131 ger\u00e7ekle\u015ftirdi.<\/p>\n<p>Samand\u0131ra Can Bartu Tesisleri&#8217;nde \u00e7al\u0131\u015fmalar\u0131n\u0131 tamamlayan Fenerbah\u00e7e, bu ak\u015fam Gaziantep&#8217;e hareket edecek.<\/p>\n<p>Antrenmanlar\u0131n sona ermesinin ard\u0131ndan sar\u0131-lacivertli kul\u00fcp, sosyal medya hesab\u0131ndan payla\u015ft\u0131\u011f\u0131 bir foto\u011frafla Gaziantep FK ma\u00e7\u0131 kamp kadrosunu da resmen duyurdu.<\/p>\n<p>Kamp kadrosunda kadro d\u0131\u015f\u0131 b\u0131rak\u0131lan \u0130rfan Can Kahveci ve Cenk Tosun&#8217;un yan\u0131 s\u0131ra Mert Hakan Yanda\u015f ve Bartu\u011f Elmaz yer almad\u0131lar.<\/p>\n<p><strong>Fenerbah\u00e7e&#8217;nin Gaziantep FK ma\u00e7\u0131 kamp kadrosu \u015fu \u015fekilde:<\/strong><\/p>\n<p>Ederson Moraes, \u0130rfan Can E\u011fribayat, Tar\u0131k \u00c7etin, Mert M\u00fcld\u00fcr, Nelson Semedo, Milan Skriniar, \u00c7a\u011flar S\u00f6y\u00fcnc\u00fc, Yi\u011fit Efe Demir, Rodrigo Becao, Archie Brown, Jayden Oosterwolde, Levent Mercan, \u0130smail Y\u00fcksek, Edson Alvarez, Fred Rodrigues, Sebastian Szymanski, Marco Asensio, Kerem Akt\u00fcrko\u011flu, O\u011fuz Ayd\u0131n, Dorgeles Nene, Anderson Talisca, Youssef En-Nesyri, Jhon Duran<\/p>\n\n<p><\/p>\n<p>Kaynak :\u00a0<span style=\"background-color: rgb(255, 249, 236); color: rgb(55, 58, 60); font-size: 14px;\">http:\/\/www.milliyet.com.tr\/skorer\/fenerbahcenin-kamp-kadrosu-aciklandi-iki-eksik-var-7471527<\/span><\/p>\n","protected":false},"excerpt":{"rendered":"<p>Gaziantep FK ma\u00e7\u0131 haz\u0131rl\u0131klar\u0131n\u0131 tamamlayan Fenerbah\u00e7e, deplasmanda \u00e7\u0131kaca\u011f\u0131 kar\u015f\u0131la\u015fman\u0131n kamp kadrosunu a\u00e7\u0131klad\u0131.<\/p>\n","protected":false},"author":1,"featured_media":132183,"comment_status":"open","ping_status":"open","sticky":false,"template":"","format":"standard","meta":{"footnotes":""},"categories":[7],"tags":[],"class_list":["post-132182","post","type-post","status-publish","format-standard","has-post-thumbnail","hentry","category-spor"],"_links":{"self":[{"href":"https:\/\/kamucalisani.net\/index.php\/wp-json\/wp\/v2\/posts\/132182","targetHints":{"allow":["GET"]}}],"collection":[{"href":"https:\/\/kamucalisani.net\/index.php\/wp-json\/wp\/v2\/posts"}],"about":[{"href":"https:\/\/kamucalisani.net\/index.php\/wp-json\/wp\/v2\/types\/post"}],"author":[{"embeddable":true,"href":"https:\/\/kamucalisani.net\/index.php\/wp-json\/wp\/v2\/users\/1"}],"replies":[{"embeddable":true,"href":"https:\/\/kamucalisani.net\/index.php\/wp-json\/wp\/v2\/comments?post=132182"}],"version-history":[{"count":1,"href":"https:\/\/kamucalisani.net\/index.php\/wp-json\/wp\/v2\/posts\/132182\/revisions"}],"predecessor-version":[{"id":132184,"href":"https:\/\/kamucalisani.net\/index.php\/wp-json\/wp\/v2\/posts\/132182\/revisions\/132184"}],"wp:featuredmedia":[{"embeddable":true,"href":"https:\/\/kamucalisani.net\/index.php\/wp-json\/wp\/v2\/media\/132183"}],"wp:attachment":[{"href":"https:\/\/kamucalisani.net\/index.php\/wp-json\/wp\/v2\/media?parent=132182"}],"wp:term":[{"taxonomy":"category","embeddable":true,"href":"https:\/\/kamucalisani.net\/index.php\/wp-json\/wp\/v2\/categories?post=132182"},{"taxonomy":"post_tag","embeddable":true,"href":"https:\/\/kamucalisani.net\/index.php\/wp-json\/wp\/v2\/tags?post=132182"}],"curies":[{"name":"wp","href":"https:\/\/api.w.org\/{rel}","templated":true}]}}