{"id":132199,"date":"2025-10-26T14:54:08","date_gmt":"2025-10-26T14:54:08","guid":{"rendered":"https:\/\/kamucalisani.net\/?p=132199"},"modified":"2025-10-26T14:54:08","modified_gmt":"2025-10-26T14:54:08","slug":"canli-el-clasicoda-real-madrid-ile-barcelona-karsi-karsiya-arda-guler-karari-iste-ilk-11ler","status":"publish","type":"post","link":"https:\/\/kamucalisani.net\/index.php\/2025\/10\/26\/canli-el-clasicoda-real-madrid-ile-barcelona-karsi-karsiya-arda-guler-karari-iste-ilk-11ler\/","title":{"rendered":"CANLI | El Clasico&#8217;da Real Madrid ile Barcelona kar\u015f\u0131 kar\u015f\u0131ya! Arda G\u00fcler karar\u0131, i\u015fte ilk 11&#8217;ler"},"content":{"rendered":"<p><p>\u0130spanya La Liga&#8217;n\u0131n 10. haftas\u0131nda lider Real Madrid ile en yak\u0131n takip\u00e7isi Barcelona El Clasico&#8217;da kar\u015f\u0131 kar\u015f\u0131ya gelecek. Bernabeu\u2019da oynanacak m\u00fccadele 18.15\u2019te ba\u015flayacak.<\/p>\n<p><strong>G\u00d6ZLER ARDA G\u00dcLER&#8217;DE<\/strong><\/p>\n<p>Bu sezon Xabi Alonso ile Real Madrid&#8217;in vazge\u00e7ilmezleri aras\u0131nda yer alan Arda G\u00fcler&#8217;in ezeli rekabette de sahada yer alacak. Xabi Alonso, Milli y\u0131ld\u0131za ilk 11&#8217;de g\u00f6rev verdi.<\/p>\n<p><strong>\u0130LK 11&#8217;LER<\/strong><\/p>\n<p>Real Madrid: Courtois, Valverde, Militao, Huijsen, Carreras, Tchouameni, Arda, Camavinga, Bellingham, Vinicius, Mbappe.<\/p>\n<p>Barcelona: Szcz\u0119sny, Eric Garc\u00eda, Araujo, Cubarsi, Balde, Pedri, De Jong, Yamal, Rashford, Fermin Lopez, Ferran Torres.<\/p>\n<div>\n<div><img decoding=\"async\" src=\"https:\/\/kamucalisani.net\/wp-content\/uploads\/2025\/10\/canli-el-clasicoda-real-madrid-ile-barcelona-karsi-karsiya-arda-guler-karari-iste-sxuRJQ5s.jpg\"\/><\/div>\n<\/div>\n<p><strong>PERFORMANSI G\u00dcNDEM OLDU\u00a0<\/strong><\/p>\n<p>Bu sezon La Liga&#8217;da 9 ma\u00e7ta 3 gol ve 4 asist \u00fcreten Arda G\u00fcler \u0130spanyol bas\u0131n\u0131nda s\u0131k s\u0131k g\u00fcndem olurken Mbappe ile olan uyumu da dikkatleri \u00e7ekiyor. Y\u0131ld\u0131z oyuncu i\u00e7in Guti ve Mesut \u00d6zil benzetmeleri de yap\u0131lm\u0131\u015ft\u0131.\u00a0<\/p>\n<p><strong>REAL MADR\u0130D L\u0130DER<\/strong><\/p>\n<p>La Liga&#8217;da bu sezon oynad\u0131\u011f\u0131 9 ma\u00e7ta 8 galibiyet ve 1 ma\u011flubiyet alan Real Madrid, 24 puanla liderlik koltu\u011funda oturuyor.<\/p>\n<p>Ligde oynad\u0131\u011f\u0131 9 ma\u00e7ta 7 galibiyet, 1 beraberlik ve 1 ma\u011flubiyet ya\u015fayan Barcelona ise 22 puanla ikinci s\u0131rada bulunuyor.<\/p>\n<p>\u00a0<\/p>\n<p><strong>\u0130K\u0130 TAKIMIN EKS\u0130KLER\u0130<\/strong><\/p>\n<p>Real Madrid&#8217;de sakatl\u0131klar\u0131 devam eden David Alaba ve Antonio R\u00fcdiger ma\u00e7ta forma giyemeyecek. Dani Ceballos&#8217;un durumu ise ma\u00e7 saatinde belli olacak.<\/p>\n<p>Barcelona&#8217;da ise Joan Garcia, Marc-Andre ter Stegen, Gavi, Dani Olmo, Raphinha ve Robert Lewandowski sakatl\u0131klar\u0131 nedeniyle kar\u015f\u0131la\u015fmada g\u00f6rev alamayacak. Jules Kounde&#8217;nin durumu ise ma\u00e7 saatinde belli olacak.<\/p>\n\n<p><\/p>\n<p>Kaynak :\u00a0<span style=\"background-color: rgb(255, 249, 236); color: rgb(55, 58, 60); font-size: 14px;\">http:\/\/www.milliyet.com.tr\/skorer\/canli-el-clasicoda-real-madrid-ile-barcelona-karsi-karsiya-arda-guler-karari-iste-ilk-11ler-7471381<\/span><\/p>\n","protected":false},"excerpt":{"rendered":"<p>\u0130spanya LaLiga&#8217;n\u0131n 10. haftas\u0131 El Clasico heyecan\u0131na sahne olacak. Real Madrid ile Barcelona&#8217;n\u0131n kar\u015f\u0131 kar\u015f\u0131ya gelece\u011fi dev m\u00fccadele \u00f6ncesi ilk 11&#8217;ler ve Xabi Alonso&#8217;nun Arda G\u00fcler karar\u0131 belli oldu.<\/p>\n","protected":false},"author":1,"featured_media":132200,"comment_status":"open","ping_status":"open","sticky":false,"template":"","format":"standard","meta":{"footnotes":""},"categories":[7],"tags":[288,1102],"class_list":["post-132199","post","type-post","status-publish","format-standard","has-post-thumbnail","hentry","category-spor","tag-mac","tag-real-madrid"],"_links":{"self":[{"href":"https:\/\/kamucalisani.net\/index.php\/wp-json\/wp\/v2\/posts\/132199","targetHints":{"allow":["GET"]}}],"collection":[{"href":"https:\/\/kamucalisani.net\/index.php\/wp-json\/wp\/v2\/posts"}],"about":[{"href":"https:\/\/kamucalisani.net\/index.php\/wp-json\/wp\/v2\/types\/post"}],"author":[{"embeddable":true,"href":"https:\/\/kamucalisani.net\/index.php\/wp-json\/wp\/v2\/users\/1"}],"replies":[{"embeddable":true,"href":"https:\/\/kamucalisani.net\/index.php\/wp-json\/wp\/v2\/comments?post=132199"}],"version-history":[{"count":1,"href":"https:\/\/kamucalisani.net\/index.php\/wp-json\/wp\/v2\/posts\/132199\/revisions"}],"predecessor-version":[{"id":132202,"href":"https:\/\/kamucalisani.net\/index.php\/wp-json\/wp\/v2\/posts\/132199\/revisions\/132202"}],"wp:featuredmedia":[{"embeddable":true,"href":"https:\/\/kamucalisani.net\/index.php\/wp-json\/wp\/v2\/media\/132200"}],"wp:attachment":[{"href":"https:\/\/kamucalisani.net\/index.php\/wp-json\/wp\/v2\/media?parent=132199"}],"wp:term":[{"taxonomy":"category","embeddable":true,"href":"https:\/\/kamucalisani.net\/index.php\/wp-json\/wp\/v2\/categories?post=132199"},{"taxonomy":"post_tag","embeddable":true,"href":"https:\/\/kamucalisani.net\/index.php\/wp-json\/wp\/v2\/tags?post=132199"}],"curies":[{"name":"wp","href":"https:\/\/api.w.org\/{rel}","templated":true}]}}