{"id":132895,"date":"2025-10-27T18:42:13","date_gmt":"2025-10-27T18:42:13","guid":{"rendered":"https:\/\/kamucalisani.net\/?p=132895"},"modified":"2025-10-27T18:42:13","modified_gmt":"2025-10-27T18:42:13","slug":"iphone-20de-lofic-sensoru-geliyor-kamera-gorusu-insan-gozune-yaklasacak","status":"publish","type":"post","link":"https:\/\/kamucalisani.net\/index.php\/2025\/10\/27\/iphone-20de-lofic-sensoru-geliyor-kamera-gorusu-insan-gozune-yaklasacak\/","title":{"rendered":"iPhone 20&#8217;de LOFIC sens\u00f6r\u00fc geliyor: Kamera g\u00f6r\u00fc\u015f\u00fc insan g\u00f6z\u00fcne yakla\u015facak"},"content":{"rendered":"<p><figure> <span> <img decoding=\"async\" src=\"https:\/\/kamucalisani.net\/wp-content\/uploads\/2025\/10\/iphone-20de-lofic-sensoru-geliyor-kamera-gorusu-insan-gozune-yaklasacak-0-dhdYYefJ.jpg\"\/> <\/span> Apple 2027 y\u0131l\u0131nda piyasaya s\u00fcrmeyi planlad\u0131\u011f\u0131 iPhone serisinde <strong>kamera kalitesini s\u0131\u00e7ratacak<\/strong> yeni bir teknolojiye ge\u00e7meye haz\u0131rlan\u0131yor. Kore bas\u0131n\u0131nda yer alan bilgilere g\u00f6re \u015firket <strong>iPhone 20<\/strong> olarak piyasaya s\u00fcr\u00fclmesi beklenen modelde, <strong>LOFIC<\/strong> (Lateral Overflow Integration Capacitor &#8211; Yanal Ta\u015fma Entegrasyon Kapasit\u00f6r\u00fc) ad\u0131 verilen \u00f6zel bir <strong>g\u00f6r\u00fcnt\u00fc sens\u00f6r\u00fc teknolojisini<\/strong> kullan\u0131ma sunmaya haz\u0131rlan\u0131yor. <\/figure>\n<p>Bu geli\u015fmi\u015f g\u00f6r\u00fcnt\u00fcleme teknolojisi, ayn\u0131 karede <strong>hem \u00e7ok parlak, hem de karanl\u0131k<\/strong> b\u00f6lgelerdeki detaylar\u0131n korunmas\u0131n\u0131 sa\u011flayarak, <strong>20 dura\u011fa (stop) kadar<\/strong> dinamik aral\u0131k sunmay\u0131 hedefliyor. Bu de\u011fer, \u00fcst d\u00fczey <strong>sinema kameralar\u0131yla<\/strong> rekabet edebilecek seviyede. Daha da \u00f6nemlisi <strong>insan g\u00f6z\u00fcn\u00fcn<\/strong> alg\u0131lama aral\u0131\u011f\u0131na yak\u0131n bir teknolojiden bahsediliyor. Sonu\u00e7 olarak yeni sens\u00f6r olduk\u00e7a y\u00fcksek bir g\u00f6r\u00fcnt\u00fc kalitesinin kap\u0131s\u0131n\u0131 aralayacak.<\/p>\n<p><figure> <span> <img decoding=\"async\" src=\"https:\/\/kamucalisani.net\/wp-content\/uploads\/2025\/10\/iphone-20de-lofic-sensoru-geliyor-kamera-gorusu-insan-gozune-yaklasacak-1-dKs1QTWl.jpg\"\/> <\/span> <\/figure>\n<\/p>\n<p><b>iPhone 19 yerine 20<\/b><\/p>\n<p>LOFIC, her pikselin sahnenin parlakl\u0131k seviyesine g\u00f6re <strong>farkl\u0131 miktarlarda \u0131\u015f\u0131k depolayabilmesine<\/strong> olanak tan\u0131yor. Bu sayede, geleneksel y\u00f6ntemlerle genellikle kaybolan parlak ve g\u00f6lgeli b\u00f6lgelerdeki t\u00fcm detaylar\u0131n korunmas\u0131 m\u00fcmk\u00fcn oluyor. Kayna\u011fa g\u00f6re Honor, Xiaomi ve Huawei gibi \u00c7inli \u00fcreticiler, <strong>Sony\u2019nin geli\u015ftirdi\u011fi<\/strong> LOFIC sens\u00f6rleri 2026&#8217;da amiral gemisi telefonlar\u0131nda kullanmaya ba\u015flayacak. Ard\u0131ndan OPPO ve Vivo markalar\u0131 gelecek.<\/p>\n<p>Apple&#8217;\u0131n ise <strong>2027&#8217;de<\/strong> kendi geli\u015ftirdi\u011fi, <strong>daha kompakt ve \u00f6zel \u00e7\u00f6z\u00fcmler<\/strong> bar\u0131nd\u0131ran LOFIC sens\u00f6r\u00fcyle bu yar\u0131\u015fa dahil olaca\u011f\u0131 s\u00f6yleniyor. B\u00f6ylece iPhone&#8217;un <strong>20. y\u0131ld\u00f6n\u00fcm\u00fc<\/strong> \u00f6nemli bir kamera y\u00fckseltmesi ile ta\u00e7land\u0131r\u0131lm\u0131\u015f olacak. Apple&#8217;\u0131n iPhone 18&#8217;den sonra iPhone 19&#8217;u pas ge\u00e7ip direkt &#8220;<strong>iPhone 20<\/strong>&#8221; ismine atlayabilece\u011fine y\u00f6nelik haberler var. T\u0131pk\u0131 iPhone 8&#8217;den iPhone X&#8217;e ge\u00e7i\u015fte oldu\u011fu gibi. Bakal\u0131m, \u015firket ger\u00e7ekten 20. y\u0131la b\u00f6yle iddial\u0131 bir s\u00fcrprizle mi girecek? Bekleyip g\u00f6rece\u011fiz.<\/p>\n\n<p>Kaynak\u00a0 :\u00a0<span style=\"background-color: rgb(255, 249, 236); color: rgb(55, 58, 60); font-size: 14px;\">https:\/\/www.donanimhaber.com\/iphone-20-de-lofic-sensoru-geliyor-kamera-insan-gozune-yaklasacak&#8211;197843<\/span><\/p>\n","protected":false},"excerpt":{"rendered":"<p>Apple 2027 y\u0131l\u0131nda piyasaya s\u00fcrmeyi planlad\u0131\u011f\u0131 iPhone serisinde kamera kalitesini s\u0131\u00e7ratacak yeni bir teknolojiye ge\u00e7meye haz\u0131rlan\u0131yor. Kore bas\u0131n\u0131nda yer alan bilgilere g\u00f6re \u015firket iPhone 20 olarak piyasaya s\u00fcr\u00fclmesi beklenen modelde, LOFIC &#8230;<\/p>\n","protected":false},"author":1,"featured_media":132896,"comment_status":"open","ping_status":"open","sticky":false,"template":"","format":"standard","meta":{"footnotes":""},"categories":[8],"tags":[451],"class_list":["post-132895","post","type-post","status-publish","format-standard","has-post-thumbnail","hentry","category-teknoloji","tag-iphone"],"_links":{"self":[{"href":"https:\/\/kamucalisani.net\/index.php\/wp-json\/wp\/v2\/posts\/132895","targetHints":{"allow":["GET"]}}],"collection":[{"href":"https:\/\/kamucalisani.net\/index.php\/wp-json\/wp\/v2\/posts"}],"about":[{"href":"https:\/\/kamucalisani.net\/index.php\/wp-json\/wp\/v2\/types\/post"}],"author":[{"embeddable":true,"href":"https:\/\/kamucalisani.net\/index.php\/wp-json\/wp\/v2\/users\/1"}],"replies":[{"embeddable":true,"href":"https:\/\/kamucalisani.net\/index.php\/wp-json\/wp\/v2\/comments?post=132895"}],"version-history":[{"count":1,"href":"https:\/\/kamucalisani.net\/index.php\/wp-json\/wp\/v2\/posts\/132895\/revisions"}],"predecessor-version":[{"id":132899,"href":"https:\/\/kamucalisani.net\/index.php\/wp-json\/wp\/v2\/posts\/132895\/revisions\/132899"}],"wp:featuredmedia":[{"embeddable":true,"href":"https:\/\/kamucalisani.net\/index.php\/wp-json\/wp\/v2\/media\/132896"}],"wp:attachment":[{"href":"https:\/\/kamucalisani.net\/index.php\/wp-json\/wp\/v2\/media?parent=132895"}],"wp:term":[{"taxonomy":"category","embeddable":true,"href":"https:\/\/kamucalisani.net\/index.php\/wp-json\/wp\/v2\/categories?post=132895"},{"taxonomy":"post_tag","embeddable":true,"href":"https:\/\/kamucalisani.net\/index.php\/wp-json\/wp\/v2\/tags?post=132895"}],"curies":[{"name":"wp","href":"https:\/\/api.w.org\/{rel}","templated":true}]}}