{"id":132978,"date":"2025-10-27T21:06:09","date_gmt":"2025-10-27T21:06:09","guid":{"rendered":"https:\/\/kamucalisani.net\/?p=132978"},"modified":"2025-10-27T21:06:09","modified_gmt":"2025-10-27T21:06:09","slug":"son-dakika-balikesirde-6-1lik-deprem-prof-dr-sener-usumezsoydan-aciklama-artci-deprem-degil","status":"publish","type":"post","link":"https:\/\/kamucalisani.net\/index.php\/2025\/10\/27\/son-dakika-balikesirde-6-1lik-deprem-prof-dr-sener-usumezsoydan-aciklama-artci-deprem-degil\/","title":{"rendered":"SON DAK\u0130KA! Bal\u0131kesir&#8217;de 6.1&#8217;lik deprem! Prof.Dr. \u015eener \u00dc\u015f\u00fcmezsoy&#8217;dan a\u00e7\u0131klama: Art\u00e7\u0131 deprem de\u011fil"},"content":{"rendered":"<p><p>Bal\u0131kesir&#8217;in S\u0131nd\u0131rg\u0131 il\u00e7esinde saat 22.48&#8217;de 6,1 b\u00fcy\u00fckl\u00fc\u011f\u00fcnde deprem meydana geldi.\u00a0Afet ve Acil Durum Y\u00f6netimi Ba\u015fkanl\u0131\u011f\u0131n\u0131n (AFAD) internet sitesinde yer alan bilgiye g\u00f6re, merkez \u00fcss\u00fc S\u0131nd\u0131rg\u0131 il\u00e7esi olan 6,1 b\u00fcy\u00fckl\u00fc\u011f\u00fcnde sars\u0131nt\u0131 kaydedildi.<\/p>\n<p>\u0130stanbul ve \u0130zmir ba\u015fta olmak \u00fczere Marmara ile Ege B\u00f6lgelerindeki bir\u00e7ok ilde de hissedilen depremin 5,99 kilometre derinlikte meydana geldi\u011fi belirlendi.<\/p>\n<p><strong>\u0130\u00c7\u0130\u015eLER\u0130 BAKANI YERL\u0130KAYA: EK\u0130PLER SAHA TARAMALARINA BA\u015eLADI<\/strong><\/p>\n<p>\u0130\u00e7i\u015fleri Bakan\u0131 Ali Yerlikaya, depremin ard\u0131ndan yapt\u0131\u011f\u0131 a\u00e7\u0131klamada, Bal\u0131kesir S\u0131nd\u0131rg\u0131\u2019da 6,1 b\u00fcy\u00fckl\u00fc\u011f\u00fcnde bir deprem meydana gelmi\u015ftir. \u00c7evre illerden de hissedilen depremle ilgili olarak, AFAD ve ilgili kurumlar\u0131m\u0131z\u0131n t\u00fcm ekipleri saha taramalar\u0131na derhal ba\u015flam\u0131\u015ft\u0131r&#8221; ifadelerini kulland\u0131.\u00a0<\/p>\n<p><strong>4.2 B\u00dcY\u00dcKL\u00dc\u011e\u00dcNDE ART\u00c7I MEYDANA GELD\u0130<\/strong><\/p>\n<p>Bal\u0131kesir S\u0131nd\u0131rg\u0131&#8217;da 6.1&#8217;lik depremin ard\u0131ndan saat 22.50 sular\u0131nda 4.2 b\u00fcy\u00fckl\u00fc\u011f\u00fcnde bir deprem daha meydana geldi.<\/p>\n<p><strong>&#8220;100 KM&#8217;L\u0130K B\u0130R Y\u00dcZEY YIRTILIYOR&#8221;<\/strong><\/p>\n<p>\u0130stanbul ve \u00e7evre illerden de hissedilen depremle ilgili Prof. Dr. \u015eener \u00dc\u015f\u00fcmezsoy, CNN T\u00fcrk canl\u0131 yay\u0131n\u0131nda a\u00e7\u0131klamalarda bulundu. \u00dc\u015f\u00fcmezsoy, bu depremin bir art\u00e7\u0131 deprem olmad\u0131\u011f\u0131n\u0131 tetikleyici bir deprem oldu\u011funu s\u00f6yledi.<\/p>\n<p><strong>\u015eener \u00dc\u015f\u00fcmezsoy, a\u00e7\u0131klamas\u0131n\u0131n devam\u0131nda \u015funlar\u0131 kaydetti:<\/strong><\/p>\n<p>S\u0131nd\u0131rg\u0131\u2019da i\u015faret etti\u011fim depremin devam\u0131, biraz daha g\u00fcneydo\u011fusuna do\u011fru. 15. km bir fay k\u0131r\u0131lm\u0131\u015ft\u0131, g\u00fcneye do\u011fru gelen bir devaml\u0131l\u0131\u011f\u0131 vard\u0131.<\/p>\n<p>S\u0131nd\u0131rg\u0131\u2019n\u0131n 7-8 km g\u00fcneydo\u011fusundaki fay hatt\u0131na do\u011fru. S\u0131nd\u0131rg\u0131\u2019n\u0131n alt\u0131ndaki de\u011fil da\u011flar\u0131nda olan bir deprem. Ne anlama geliyor?<\/p>\n<p>100 km\u2019lik bir y\u00fczey y\u0131rt\u0131l\u0131yor yakla\u015f\u0131k olarak. 10-15 km daha y\u0131rt\u0131lma olmu\u015ftu. Buras\u0131 art\u00e7\u0131lar\u0131n g\u00fcneye do\u011fru b\u00fcy\u00fcmesi yeni bir fay d\u00fczlemine do\u011fru.<\/p>\n<p>Art\u00e7\u0131lar\u0131n s\u00fcrekli g\u00fcneye do\u011fru b\u00fcy\u00fcmesi yeni bir fay d\u00fczlemi var demi\u015ftik. S\u0131nd\u0131rg\u0131l\u0131lar, bundan daha b\u00fcy\u00fck bir deprem beklemesinler.<\/p>\n<p>Bu deprem daha \u00f6nceki Bal\u0131kesir S\u0131nd\u0131rg\u0131 depreminin bir par\u00e7as\u0131. \u015eifonyerin \u00e7ekmeceleri gibi. Biri k\u0131r\u0131ld\u0131ktan sonra di\u011feri de k\u0131r\u0131ld\u0131. Art\u00e7\u0131 de\u011fil, tetikledi\u011fi deprem.<\/p>\n<p>Simav&#8217;daki depremlerde kuzey g\u00fcney hatt\u0131nda olu\u015fan depremler. Ama deprem f\u0131rt\u0131nas\u0131 \u015feklinde.<\/p>\n<p><strong>\u0130STANBUL DEPREM\u0130N\u0130 ETK\u0130LER M\u0130?<\/strong><\/p>\n<p>Bu deprem art\u00e7\u0131 bir deprem de\u011fil. Tetikleyici bir deprem. Bu deprem Marmara depremini etkilemez.\u00a0<\/p>\n<p>\u00a0<\/p>\n<p>\u00a0<\/p>\n<p>\u00a0<\/p>\n\n<p><\/p>\n<p>Kaynak :\u00a0<span style=\"background-color: rgb(255, 249, 236); color: rgb(55, 58, 60); font-size: 14px;\">http:\/\/www.milliyet.com.tr\/gundem\/s-on-dakika-balikesirde-6-1lik-deprem-prof-dr-sener-usumezsoydan-aciklama-artci-deprem-degil-7472260<\/span><\/p>\n","protected":false},"excerpt":{"rendered":"<p>AFAD, saat 22.48&#8217;de merkez \u00fcss\u00fc Bal\u0131kesir&#8217;in S\u0131nd\u0131rg\u0131 il\u00e7esi olan 6,1 b\u00fcy\u00fckl\u00fc\u011f\u00fcnde deprem meydana geldi\u011fini bildirdi. \u0130stanbul ve \u00e7evre illerden de hissedilen depremin ard\u0131ndan ilk a\u00e7\u0131klama Prof. Dr. \u015eener \u00dc\u015f\u00fcmezsoy&#8217;dan geldi.<\/p>\n","protected":false},"author":1,"featured_media":132979,"comment_status":"open","ping_status":"open","sticky":false,"template":"","format":"standard","meta":{"footnotes":""},"categories":[3],"tags":[8905,583,716,203,8904],"class_list":["post-132978","post","type-post","status-publish","format-standard","has-post-thumbnail","hentry","category-guncel","tag-artci","tag-deprem","tag-dogru","tag-guney","tag-sindirgi"],"_links":{"self":[{"href":"https:\/\/kamucalisani.net\/index.php\/wp-json\/wp\/v2\/posts\/132978","targetHints":{"allow":["GET"]}}],"collection":[{"href":"https:\/\/kamucalisani.net\/index.php\/wp-json\/wp\/v2\/posts"}],"about":[{"href":"https:\/\/kamucalisani.net\/index.php\/wp-json\/wp\/v2\/types\/post"}],"author":[{"embeddable":true,"href":"https:\/\/kamucalisani.net\/index.php\/wp-json\/wp\/v2\/users\/1"}],"replies":[{"embeddable":true,"href":"https:\/\/kamucalisani.net\/index.php\/wp-json\/wp\/v2\/comments?post=132978"}],"version-history":[{"count":1,"href":"https:\/\/kamucalisani.net\/index.php\/wp-json\/wp\/v2\/posts\/132978\/revisions"}],"predecessor-version":[{"id":132980,"href":"https:\/\/kamucalisani.net\/index.php\/wp-json\/wp\/v2\/posts\/132978\/revisions\/132980"}],"wp:featuredmedia":[{"embeddable":true,"href":"https:\/\/kamucalisani.net\/index.php\/wp-json\/wp\/v2\/media\/132979"}],"wp:attachment":[{"href":"https:\/\/kamucalisani.net\/index.php\/wp-json\/wp\/v2\/media?parent=132978"}],"wp:term":[{"taxonomy":"category","embeddable":true,"href":"https:\/\/kamucalisani.net\/index.php\/wp-json\/wp\/v2\/categories?post=132978"},{"taxonomy":"post_tag","embeddable":true,"href":"https:\/\/kamucalisani.net\/index.php\/wp-json\/wp\/v2\/tags?post=132978"}],"curies":[{"name":"wp","href":"https:\/\/api.w.org\/{rel}","templated":true}]}}