{"id":133034,"date":"2025-10-28T00:36:11","date_gmt":"2025-10-28T00:36:11","guid":{"rendered":"https:\/\/kamucalisani.net\/?p=133034"},"modified":"2025-10-28T00:36:11","modified_gmt":"2025-10-28T00:36:11","slug":"balikesir-valisi-ustaoglu-vatandaslarimiz-kamu-kurumlarimizi-okullarimizi-kullanabilir","status":"publish","type":"post","link":"https:\/\/kamucalisani.net\/index.php\/2025\/10\/28\/balikesir-valisi-ustaoglu-vatandaslarimiz-kamu-kurumlarimizi-okullarimizi-kullanabilir\/","title":{"rendered":"Bal\u0131kesir Valisi Ustao\u011flu: Vatanda\u015flar\u0131m\u0131z kamu kurumlar\u0131m\u0131z\u0131 okullar\u0131m\u0131z\u0131 kullanabilir"},"content":{"rendered":"<p><p>Ustao\u011flu, Bal\u0131kesir&#8217;in yan\u0131 s\u0131ra \u0130zmir, Bursa, \u0130stanbul, Tekirda\u011f, Kocaeli ve Sakarya&#8217;da olmak \u00fczere Marmara ile Ege b\u00f6lgelerindeki bir\u00e7ok ilde de hissedilen depremin ard\u0131ndan incelemelerde bulunmak i\u00e7in S\u0131nd\u0131rg\u0131&#8217;ya geldi.<\/p>\n<p>Yo\u011fun sa\u011fanak alt\u0131nda incelemelerde bulunup yetkililerden bilgi alan Ustao\u011flu, burada gazetecilere yapt\u0131\u011f\u0131 a\u00e7\u0131klamada, t\u00fcm vatanda\u015flara ge\u00e7mi\u015f olsun dileklerini iletti.<\/p>\n<p>Ustao\u011flu, depremin oldu\u011fu andan itibaren ba\u015fta AFAD ve ilgili kurumlar olmak \u00fczere saha \u00e7al\u0131\u015fmalar\u0131na ba\u015fland\u0131\u011f\u0131n\u0131 anlatarak, &#8220;S\u0131nd\u0131rg\u0131&#8217;m\u0131z\u0131n 75 k\u0131rsal mahallesi var. 75 mahallemizde jandarma arac\u0131l\u0131\u011f\u0131yla muhtarl\u0131klar\u0131m\u0131zla kurulan irtibatlarda k\u00f6ylerimizde herhangi bir can kayb\u0131n\u0131n olmad\u0131\u011f\u0131n\u0131 s\u00f6ylemek istiyorum. Allah&#8217;a \u015f\u00fck\u00fcrler olsun. \u015eu an o konuda herhangi bir s\u0131k\u0131nt\u0131m\u0131z yok. S\u0131nd\u0131rg\u0131 merkezde daha \u00f6nce meydana gelen depremde a\u011f\u0131r hasarl\u0131 olarak tespit edilen ve i\u00e7inde kimsenin ya\u015famad\u0131\u011f\u0131 \u00fc\u00e7 binam\u0131z y\u0131k\u0131ld\u0131.&#8221; diye konu\u015ftu.<\/p>\n<p>Ustao\u011flu, bu binalar\u0131n daha \u00f6nce bo\u015falt\u0131ld\u0131\u011f\u0131 i\u00e7in herhangi bir can kayb\u0131n\u0131n s\u00f6z konusu olmad\u0131\u011f\u0131na de\u011finerek, \u015f\u00f6yle devam etti:<\/p>\n<p>&#8220;Di\u011fer yandan S\u0131nd\u0131rg\u0131 merkezimizde iki katl\u0131 bir d\u00fckkan y\u0131k\u0131ld\u0131. Vatanda\u015f\u0131m\u0131z ak\u015fam d\u00fckkan\u0131n\u0131 kapatt\u0131\u011f\u0131 i\u00e7in Allah&#8217;a \u015f\u00fck\u00fcrler olsun orada da herhangi bir can kayb\u0131m\u0131z yok. \u015eu ana kadar hastanelerimize m\u00fcracaat eden 22 vatanda\u015f\u0131m\u0131z var. Bunlardan 4&#8217;\u00fc taburcu edildi. O panikle ve balkonlardan atlayan, ufak tefek yaralanmalar\u0131 olan 18 vatanda\u015f\u0131m\u0131z var. Allah&#8217;a \u015f\u00fck\u00fcr onlarla ilgili de hayati tehlikesi olan herhangi bir vatanda\u015f\u0131m\u0131z mevcut de\u011fil. K\u0131z\u0131lay&#8217;\u0131m\u0131z vatanda\u015flar\u0131m\u0131z\u0131n ia\u015fesiyle ilgili olarak \u015fu an il\u00e7e merkezimize intikal halinde. En k\u0131sa s\u00fcrede vatanda\u015flar\u0131m\u0131z\u0131n ihtiya\u00e7lar\u0131n\u0131n kar\u015f\u0131lanmas\u0131 i\u00e7in K\u0131z\u0131lay&#8217;\u0131m\u0131z da hizmete girmi\u015f olacak.&#8221;<\/p>\n<p><strong>&#8220;CAM\u0130LER\u0130M\u0130Z, M\u0130SAF\u0130RHANELER\u0130M\u0130Z A\u00c7IK DURUMDA&#8221;<\/strong><\/p>\n<p>Depremin oldu\u011fu ilk andan itibaren \u0130\u00e7i\u015fleri Bakan\u0131 Ali Yerlikaya ile s\u00fcrekli ileti\u015fim halinde olduklar\u0131n\u0131 vurgulayan Ustao\u011flu, konu\u015fmas\u0131n\u0131 \u015f\u00f6yle s\u00fcrd\u00fcrd\u00fc:<\/p>\n<p>&#8220;Kendileri de \u015fu an b\u00f6lgemize intikal halinde. \u0130n\u015fallah yak\u0131n bir zamanda S\u0131nd\u0131rg\u0131 il\u00e7emize kendileri gelecekler. \u00c7evre, \u015eehircilik ve \u0130klim De\u011fi\u015fikli\u011fi Bakan\u0131m\u0131zla telefonla g\u00f6r\u00fc\u015ft\u00fck. Yar\u0131n sabahtan itibaren t\u00fcm mahallelerimizde saha taramalar\u0131na, hasar tespit \u00e7al\u0131\u015fmalar\u0131na ba\u015flanacak. T\u00fcm ekiplerimiz hasat tespitle ilgili b\u00f6lgemize intikal halinde. Di\u011fer yandan i\u015fte g\u00f6rd\u00fc\u011f\u00fcn\u00fcz gibi \u015fu an il\u00e7e merkezimizde ve ilimizde ciddi bir ya\u011f\u0131\u015f var. Biz il genelinde t\u00fcm okullar\u0131m\u0131z\u0131 tatil ettik.&#8221;<\/p>\n<p>Ustao\u011flu, S\u0131nd\u0131rg\u0131 merkezde \u015fu an t\u00fcm okullar\u0131 a\u00e7\u0131k tuttuklar\u0131n\u0131 ifade ederek, \u015funlar\u0131 kaydetti:<\/p>\n<p>&#8220;Yine ayn\u0131 \u015fekilde camilerimiz, misafirhanelerimiz a\u00e7\u0131k durumda. Vatanda\u015flar\u0131m\u0131z, en az\u0131ndan bu s\u00fcre i\u00e7inde bu kamu kurumlar\u0131m\u0131z\u0131 misafirhanelerimizi ve okullar\u0131m\u0131z\u0131 bar\u0131nma ihtiyac\u0131 noktas\u0131nda kullanabilirler. Bu noktada da \u015fu an okullar\u0131m\u0131z a\u00e7\u0131k bir vaziyette. Onu da \u00f6zellikle ifade etmek istiyorum. Allah&#8217;a \u015f\u00fck\u00fcrler olsun. \u015eu ana kadar herhangi bir can kayb\u0131n\u0131n olmamas\u0131 tabii ki en \u00f6nemli tesellimiz. Bizler de vekillerimizle, t\u00fcm kurum ve kurulu\u015flar\u0131m\u0131zla \u015fu an S\u0131nd\u0131rg\u0131&#8217;day\u0131z. Vatanda\u015f\u0131m\u0131z\u0131n ihtiya\u00e7lar\u0131n\u0131n giderilmesine y\u00f6nelik t\u00fcm kurumlar\u0131m\u0131zla hep beraber sahaday\u0131z. Ben tekrar t\u00fcm milletimize ge\u00e7mi\u015f olsun diyorum. Rabbim tekrar b\u00f6yle afetlerden bizleri korusun.&#8221;<\/p>\n<p>Vali Ustao\u011flu&#8217;na AK Parti Genel Ba\u015fkan Yard\u0131mc\u0131s\u0131 Belgin Uygur, AK Parti Bal\u0131kesir milletvekilleri Mustafa Canbey, \u0130smail Ok ve Ali Taylan \u00d6ztaylan, AK Parti Bal\u0131kesir \u0130l Ba\u015fkan\u0131 Mehmet Aydemir, S\u0131nd\u0131rg\u0131 Kaymakam\u0131 Do\u011fukan Koyuncu ile ilgili kurum m\u00fcd\u00fcrleri e\u015flik etti.<\/p>\n\n<p><\/p>\n<p>Kaynak :\u00a0<span style=\"background-color: rgb(255, 249, 236); color: rgb(55, 58, 60); font-size: 14px;\">http:\/\/www.milliyet.com.tr\/gundem\/balikesir-valisi-ustaoglu-vatandaslarimiz-kamu-kurumlarimizi-okullarimizi-kullanabilir-7472400<\/span><\/p>\n","protected":false},"excerpt":{"rendered":"<p>Bal\u0131kesir Valisi \u0130smail Ustao\u011flu, S\u0131nd\u0131rg\u0131 merkezli 6,1 b\u00fcy\u00fckl\u00fc\u011f\u00fcndeki depremin ard\u0131ndan \u015fu ana kadar hastanelere 22 ki\u015finin m\u00fcracaat etti\u011fini belirterek, &#8220;Bunlardan 4&#8217;\u00fc taburcu edildi. O panikle ve balkonlardan atlayan, ufak tefek yaralanmalar\u0131 olan 18 vatanda\u015f\u0131m\u0131z var. Allah&#8217;a \u015f\u00fck\u00fcr onlarla ilgili de hayati tehlikesi olan herhangi bir vatanda\u015f\u0131m\u0131z mevcut de\u011fil.&#8221; dedi.<\/p>\n","protected":false},"author":1,"featured_media":133035,"comment_status":"open","ping_status":"open","sticky":false,"template":"","format":"standard","meta":{"footnotes":""},"categories":[3],"tags":[8910,267,8904,8909,4496],"class_list":["post-133034","post","type-post","status-publish","format-standard","has-post-thumbnail","hentry","category-guncel","tag-herhangi-bir","tag-kurum","tag-sindirgi","tag-ustaoglu","tag-vatandasimiz"],"_links":{"self":[{"href":"https:\/\/kamucalisani.net\/index.php\/wp-json\/wp\/v2\/posts\/133034","targetHints":{"allow":["GET"]}}],"collection":[{"href":"https:\/\/kamucalisani.net\/index.php\/wp-json\/wp\/v2\/posts"}],"about":[{"href":"https:\/\/kamucalisani.net\/index.php\/wp-json\/wp\/v2\/types\/post"}],"author":[{"embeddable":true,"href":"https:\/\/kamucalisani.net\/index.php\/wp-json\/wp\/v2\/users\/1"}],"replies":[{"embeddable":true,"href":"https:\/\/kamucalisani.net\/index.php\/wp-json\/wp\/v2\/comments?post=133034"}],"version-history":[{"count":1,"href":"https:\/\/kamucalisani.net\/index.php\/wp-json\/wp\/v2\/posts\/133034\/revisions"}],"predecessor-version":[{"id":133036,"href":"https:\/\/kamucalisani.net\/index.php\/wp-json\/wp\/v2\/posts\/133034\/revisions\/133036"}],"wp:featuredmedia":[{"embeddable":true,"href":"https:\/\/kamucalisani.net\/index.php\/wp-json\/wp\/v2\/media\/133035"}],"wp:attachment":[{"href":"https:\/\/kamucalisani.net\/index.php\/wp-json\/wp\/v2\/media?parent=133034"}],"wp:term":[{"taxonomy":"category","embeddable":true,"href":"https:\/\/kamucalisani.net\/index.php\/wp-json\/wp\/v2\/categories?post=133034"},{"taxonomy":"post_tag","embeddable":true,"href":"https:\/\/kamucalisani.net\/index.php\/wp-json\/wp\/v2\/tags?post=133034"}],"curies":[{"name":"wp","href":"https:\/\/api.w.org\/{rel}","templated":true}]}}