{"id":133218,"date":"2025-10-28T08:54:09","date_gmt":"2025-10-28T08:54:09","guid":{"rendered":"https:\/\/kamucalisani.net\/?p=133218"},"modified":"2025-10-28T08:54:09","modified_gmt":"2025-10-28T08:54:09","slug":"milli-egitim-bakani-yusuf-tekin-mesleki-calisma-haftasi-cevrim-ici-olacak","status":"publish","type":"post","link":"https:\/\/kamucalisani.net\/index.php\/2025\/10\/28\/milli-egitim-bakani-yusuf-tekin-mesleki-calisma-haftasi-cevrim-ici-olacak\/","title":{"rendered":"Milli E\u011fitim Bakan\u0131 Yusuf Tekin: Mesleki \u00e7al\u0131\u015fma haftas\u0131 \u00e7evrim i\u00e7i olacak"},"content":{"rendered":"<p><p>Milli E\u011fitim Bakan\u0131 YusufTekin, sosyal medya hesab\u0131ndan yapt\u0131\u011f\u0131 a\u00e7\u0131klamada, &#8220;\u00d6\u011fretmenlerimiz, okul y\u00f6neticilerimiz ve ilgili birimlerimizle yapt\u0131\u011f\u0131m\u0131z de\u011ferlendirmeler ve isti\u015fareler neticesinde, 10-14 Kas\u0131m 2025 tarihli mesleki \u00e7al\u0131\u015fma haftas\u0131n\u0131 \u00e7evrim i\u00e7i olarak ger\u00e7ekle\u015ftirece\u011fiz. E\u011fitim ailemize hay\u0131rl\u0131, u\u011furlu olsun&#8221; dedi.<\/p>\n\n<p><\/p>\n<p>Kaynak :\u00a0<span style=\"background-color: rgb(255, 249, 236); color: rgb(55, 58, 60); font-size: 14px;\">http:\/\/www.milliyet.com.tr\/gundem\/milli-egitim-bakani-yusuf-tekin-mesleki-calisma-haftasi-cevrim-ici-olacak-7472559<\/span><\/p>\n","protected":false},"excerpt":{"rendered":"<p>Milli E\u011fitim Bakan\u0131 Yusuf Tekin, \u00f6\u011fretmenler i\u00e7in 10-14 Kas\u0131m 2025 tarihlerindeki mesleki \u00e7al\u0131\u015fma haftas\u0131n\u0131n \u00e7evrim i\u00e7i olarak ger\u00e7ekle\u015ftirilece\u011fini duyurdu.<\/p>\n","protected":false},"author":1,"featured_media":133219,"comment_status":"open","ping_status":"open","sticky":false,"template":"","format":"standard","meta":{"footnotes":""},"categories":[3],"tags":[],"class_list":["post-133218","post","type-post","status-publish","format-standard","has-post-thumbnail","hentry","category-guncel"],"_links":{"self":[{"href":"https:\/\/kamucalisani.net\/index.php\/wp-json\/wp\/v2\/posts\/133218","targetHints":{"allow":["GET"]}}],"collection":[{"href":"https:\/\/kamucalisani.net\/index.php\/wp-json\/wp\/v2\/posts"}],"about":[{"href":"https:\/\/kamucalisani.net\/index.php\/wp-json\/wp\/v2\/types\/post"}],"author":[{"embeddable":true,"href":"https:\/\/kamucalisani.net\/index.php\/wp-json\/wp\/v2\/users\/1"}],"replies":[{"embeddable":true,"href":"https:\/\/kamucalisani.net\/index.php\/wp-json\/wp\/v2\/comments?post=133218"}],"version-history":[{"count":1,"href":"https:\/\/kamucalisani.net\/index.php\/wp-json\/wp\/v2\/posts\/133218\/revisions"}],"predecessor-version":[{"id":133220,"href":"https:\/\/kamucalisani.net\/index.php\/wp-json\/wp\/v2\/posts\/133218\/revisions\/133220"}],"wp:featuredmedia":[{"embeddable":true,"href":"https:\/\/kamucalisani.net\/index.php\/wp-json\/wp\/v2\/media\/133219"}],"wp:attachment":[{"href":"https:\/\/kamucalisani.net\/index.php\/wp-json\/wp\/v2\/media?parent=133218"}],"wp:term":[{"taxonomy":"category","embeddable":true,"href":"https:\/\/kamucalisani.net\/index.php\/wp-json\/wp\/v2\/categories?post=133218"},{"taxonomy":"post_tag","embeddable":true,"href":"https:\/\/kamucalisani.net\/index.php\/wp-json\/wp\/v2\/tags?post=133218"}],"curies":[{"name":"wp","href":"https:\/\/api.w.org\/{rel}","templated":true}]}}