{"id":133294,"date":"2025-10-28T10:48:11","date_gmt":"2025-10-28T10:48:11","guid":{"rendered":"https:\/\/kamucalisani.net\/?p=133294"},"modified":"2025-10-28T10:48:11","modified_gmt":"2025-10-28T10:48:11","slug":"trabzonspor-kalecisi-andre-onana-sahada-oldugum-an-tek-amacim-kazanmak","status":"publish","type":"post","link":"https:\/\/kamucalisani.net\/index.php\/2025\/10\/28\/trabzonspor-kalecisi-andre-onana-sahada-oldugum-an-tek-amacim-kazanmak\/","title":{"rendered":"Trabzonspor kalecisi Andre Onana: Sahada oldu\u011fum an tek amac\u0131m kazanmak"},"content":{"rendered":"<p><p>Trabzonspor Dergisi&#8217;ne r\u00f6portaj veren Andre Onana, \u00e7ocuklu\u011fundan, kariyerinden, ini\u015flerinden ve \u00e7\u0131k\u0131\u015flar\u0131ndan s\u00f6z etti.<\/p>\n<p><strong>&#8216;EN B\u00dcY\u00dcK MOT\u0130VASYONUM A\u0130LEM&#8217;<\/strong><\/p>\n<p>R\u00f6portaj\u0131na fakir bir aileden geldi\u011fini belirterek ba\u015flayan Onana, &#8220;B\u00f6yle bir ortamdan gelip bug\u00fcne kadar yapt\u0131klar\u0131mla gurur duyuyorum. Geriye d\u00f6n\u00fcp bakt\u0131\u011f\u0131mda kariyerim ger\u00e7ekten harika. Bu s\u00fcre\u00e7te \u00e7ok ini\u015fler \u00e7\u0131k\u0131\u015flar oldu ama bu ayn\u0131 zamanda \u00e7ok fazla \u00f6\u011frenme an\u0131, \u00e7ok fazla tecr\u00fcbe demekti. Kamerun&#8217;dan \u00e7\u0131k\u0131p Barcelona&#8217;da, Ajax&#8217;ta, Inter&#8217;de, Manchester&#8217;da ve \u015fimdi de Trabzonspor&#8217;da oynamak muhte\u015fem. Oradan gelip bug\u00fcnlere bakmak, son 10-11 y\u0131lda ba\u015fard\u0131klar\u0131m\u0131 g\u00f6rmek. Harika, ger\u00e7ekten harika.&#8221; ifadesini kulland\u0131.<\/p>\n<p>En b\u00fcy\u00fck motivasyonunun ailesi oldu\u011funu anlatan\u00a0Onana, kendi ismiyle kurulan vakf\u0131nda sosyal sorumluluk projelerine de \u00f6nem verdi\u011fini vurgulayarak, \u015f\u00f6yle devam etti:<\/p>\n<p>&#8220;\u00d6ncelikle vakf\u0131mda \u00e7al\u0131\u015fan ve bana destek olan herkese te\u015fekk\u00fcr etmek istiyorum. \u00c7\u00fcnk\u00fc onlar olmadan bunlar\u0131 ba\u015faramazd\u0131k. Vak\u0131f yakla\u015f\u0131k 6-7 y\u0131l \u00f6nce, daha Ajax&#8217;ta oynad\u0131\u011f\u0131m d\u00f6nemde kuruldu. \u00c7\u00fcnk\u00fc nereden geldi\u011fimi \u00e7ok iyi biliyorum, zor bir yerdi. Gen\u00e7ken \u00e7ok m\u00fccadele ettik, yukar\u0131ya \u00e7\u0131kmak bizim i\u00e7in \u00e7ok zordu. Toplumu ve \u015fartlar\u0131n ne kadar zor oldu\u011funu biliyoruz. Kamerun&#8217;da b\u00fcy\u00fcrken, birbirimizi desteklemenin \u00f6nemini \u00f6\u011frendim. \u0130lk d\u00fc\u015f\u00fcncem daha \u00e7ok Kamerun&#8217;daki g\u00f6rme engelli \u00e7ocuklara yard\u0131m etmekti. Zamanla dezavantajl\u0131 topluluklardaki insanlara \u00fccretsiz t\u0131bbi bak\u0131m ve ameliyat sa\u011flayan bir vakfa d\u00f6n\u00fc\u015ft\u00fck. Bu benim i\u00e7in inan\u0131lmaz bir \u015fey. \u00c7\u00fcnk\u00fc \u00e7ok farkl\u0131 \u00e7al\u0131\u015fmalar yap\u0131yoruz, g\u00f6rme engelli \u00e7ocuklarla ba\u015flad\u0131k ama \u015fimdi geriye bakt\u0131\u011f\u0131n\u0131zda, sadece son 1-2 y\u0131lda binden \u00e7ok operasyon ger\u00e7ekle\u015ftirdik, bu muazzam. Sa\u011fl\u0131k hizmetlerinin yan\u0131 s\u0131ra, yetim \u00e7ocuklar\u0131n e\u011fitimleri ile ilgili de imkan sa\u011flamaya \u00e7al\u0131\u015f\u0131yoruz. Y\u0131l\u0131n en ba\u015far\u0131l\u0131 vakf\u0131 \u00f6d\u00fcl\u00fcn\u00fc ald\u0131k.&#8221;<\/p>\n<div>\n<div><img decoding=\"async\" src=\"https:\/\/kamucalisani.net\/wp-content\/uploads\/2025\/10\/trabzonspor-kalecisi-andre-onana-sahada-oldugum-an-tek-amacim-kazanmak-0-cXNIUIUL.jpg\"\/><\/div>\n<\/div>\n<p><strong>&#8216;KALEC\u0130L\u0130K \u00c7OK DE\u011e\u0130\u015eT\u0130&#8217;<\/strong><\/p>\n<p>Topu oyuna sokmaktaki y\u00fcksek pas isabeti ile \u00f6n plana \u00e7\u0131kan bir kaleci olmas\u0131 ve Pep Guardiola&#8217;n\u0131n, &#8220;Pozisyon al\u0131p oyun kurmak i\u00e7in ola\u011fan\u00fcst\u00fc bir kaleci&#8221; \u015feklindeki yorumuna ili\u015fkin de Kamerunlu kaleci, \u015fu de\u011ferlendirmede bulundu:<\/p>\n<p>&#8220;Kalecilik pozisyonu \u00f6zellikle son 20 y\u0131lda de\u011fi\u015fti. Bana g\u00f6re de \u00f6yle \u00e7\u00fcnk\u00fc kalecilerin bug\u00fcn nas\u0131l hareket etti\u011fine bakt\u0131\u011f\u0131n\u0131zda, y\u0131llar \u00f6ncesine k\u0131yasla \u00e7ok farkl\u0131 oldu\u011funu g\u00f6rebilirsiniz. Ama oyun kurulumunda en \u00f6nemli \u015fey f\u0131rsat, yani elinizdeki opsiyonlar. Tak\u0131m arkada\u015flar\u0131n\u0131z\u0131n size neler sundu\u011fu. Harika aya\u011f\u0131n\u0131z olabilir, ama e\u011fer pas se\u00e7enekleri kapal\u0131ysa, e\u011fer \u00f6ndeki oyuncular size kolayl\u0131k sa\u011flam\u0131yorsa, i\u015finiz \u00e7ok zor olur. Bence bu her \u015feyin kar\u0131\u015f\u0131m\u0131. \u00c7\u00fcnk\u00fc e\u011fer topla \u00e7ok oynamak isteyen bir tak\u0131ma sahipseniz, kaleci i\u00e7in oyun kurmak daha kolayd\u0131r. Tabii ki her zaman uzun top atabilirsiniz, ama bazen tak\u0131m\u0131n buna ihtiyac\u0131 olmaz.&#8221;<\/p>\n<p>Onana, kendisi i\u00e7in \u00f6nemli olan\u0131n tak\u0131m i\u00e7in en iyisini yapmaya \u00e7al\u0131\u015fmak oldu\u011funu belirterek, &#8220;Benim i\u00e7in \u00e7o\u011fu zaman \u00f6nemli olan tak\u0131m i\u00e7in en iyisini yapmaya \u00e7al\u0131\u015fmakt\u0131r. E\u011fer oyun kurmam gerekiyorsa, \u00f6nce analiz ederim. Rakip bask\u0131 yap\u0131yor mu, kanat oyuncusuyla m\u0131 bask\u0131 yap\u0131yor, santrforla m\u0131 bask\u0131 yap\u0131yor, yoksa stoperleri mi \u00f6ne \u00e7\u0131k\u0131yor? Bunlar, top aya\u011f\u0131mdayken g\u00f6rmem gereken \u015feyler. Rakibin nas\u0131l hareket etti\u011fini takip ederim ve se\u00e7eneklere bak\u0131p karar\u0131m\u0131 veririm. Tabii, Pep Guardiola&#8217;dan b\u00f6yle bir yorum duymak her zaman \u00e7ok g\u00fczel. Futbol tarihinin en iyi teknik direkt\u00f6rlerinden biri. Ama her zaman s\u00f6yledi\u011fim gibi, oyun kurulumunda \u00e7o\u011fu zaman bana se\u00e7enekleri sunan, tak\u0131m arkada\u015flar\u0131m oluyor. E\u011fer bana yard\u0131mc\u0131 olurlarsa, yap\u0131lanlar \u00e7ok daha iyi g\u00f6r\u00fcn\u00fcr.&#8221; de\u011ferlendirmesinde bulundu.<\/p>\n<div>\n<div><img decoding=\"async\" src=\"https:\/\/kamucalisani.net\/wp-content\/uploads\/2025\/10\/trabzonspor-kalecisi-andre-onana-sahada-oldugum-an-tek-amacim-kazanmak-1-g7H311qB.jpg\"\/><\/div>\n<\/div>\n<p><strong>&#8216;K\u0130MSE BEN\u0130 KORKUTAMAZ&#8217;<\/strong><\/p>\n<p>Hem tak\u0131m\u0131nda hem de rakipleri aras\u0131nda harika oyuncular bulundu\u011funu belirten\u00a0Onana, &#8220;Ger\u00e7ekten muhte\u015fem oyuncular ama kimseden asla korkmam. \u00c7\u00fcnk\u00fc bu hayatta tek tanr\u0131dan korkar\u0131m. Bu y\u00fczden d\u00fcr\u00fcst olmak gerekirse kimse beni korkutamaz.&#8221; dedi.<\/p>\n<p>Onana, T\u00fcrk futbolu ile ilgili de \u015funlar\u0131 kaydetti:<\/p>\n<p>&#8220;Buradaki kalite, ger\u00e7ekten y\u00fcksek, bekledi\u011fimden de iyi. Tabii ki ma\u00e7 temposu farkl\u0131 ama \u00e7ok iyi tak\u0131mlar, \u00e7ok iyi oyuncular var. T\u00fcrk kul\u00fcpleri Avrupa&#8217;da ma\u00e7 kazan\u0131yor, seviye ger\u00e7ekten orada. Buradaki hakemlerden bahsetmek gerekirse, onlar hakk\u0131nda konu\u015fmay\u0131 pek sevmem \u00e7\u00fcnk\u00fc hayat\u0131m\u0131n \u00e7o\u011funda kontrol edebilece\u011fim \u015feylere odaklan\u0131r\u0131m. Ama d\u00fcr\u00fcst olmak gerekirse, buradaki ilk s\u00fcrecim i\u00e7in hakemlerden yana \u00e7ok iyi bir tecr\u00fcbem olmad\u0131. Hepsinin k\u00f6t\u00fc oldu\u011funu s\u00f6ylemiyorum \u00e7\u00fcnk\u00fc \u00e7ok iyileri de var. Bakal\u0131m gelecekte nas\u0131l olacak? Ama \u015funu unutmamal\u0131y\u0131z, hakemlik \u00e7ok zor bir i\u015f. \u0130nsanlar robot de\u011filler, karar vermek zorundalar, bazen do\u011fru bazen de yanl\u0131\u015f olabilir.&#8221;<\/p>\n<div>\n<div><img decoding=\"async\" src=\"https:\/\/kamucalisani.net\/wp-content\/uploads\/2025\/10\/trabzonspor-kalecisi-andre-onana-sahada-oldugum-an-tek-amacim-kazanmak-2-NLwmlGyN.jpg\"\/><\/div>\n<\/div>\n<p><strong>&#8216;Z\u0130HN\u0130MDE HEP \u015eAMP\u0130YONUM&#8217;<\/strong><\/p>\n<p>Birka\u00e7 y\u0131l \u00f6nce Paris&#8217;te Ballon d&#8217;Or t\u00f6reninde bulundu\u011funu anlatan\u00a0Onana, &#8220;Sohbette Alisson \u015f\u00f6yle g\u00fczel bir yorum yapt\u0131, &#8216;Andre, harika bir sezon ge\u00e7irdin. Ama bakal\u0131m kim kazanacak?&#8217; Ben de onlara \u015funu s\u00f6yledim, &#8216;Dinleyin arkada\u015flar. Ben zaten kazand\u0131m. Sonu\u00e7 ne olursa olsun fark etmez. Buraya bu \u00f6d\u00fcl\u00fc almak i\u00e7in gelmedim. \u00c7\u00fcnk\u00fc burada, ilk siyahi kaleci ve ilk Afrikal\u0131 kaleci olarak durmak bile benim i\u00e7in bir zafer. Zihnimde \u015fampiyonum. \u00c7\u00fcnk\u00fc geldi\u011fim yerden bak\u0131nca, sizinle burada durmak bile bir zafer. Benim bak\u0131\u015f a\u00e7\u0131m, asla pes etmemek. E\u011fer \u015fimdi futbolu b\u0131rakmak zorunda kalsam bile her yerde oynad\u0131m, her \u015feyi yapt\u0131m. Olumsuzlukta asla pes etmem \u00e7\u00fcnk\u00fc hayat ge\u00e7ici.&#8221;<\/p>\n<p>Onana, &#8220;Ma\u00e7a \u00e7\u0131kmadan \u00f6nce iyi geldi\u011fini d\u00fc\u015f\u00fcnerek yapt\u0131\u011f\u0131n bir \u015fey var m\u0131?&#8221; sorusuna \u015fu yan\u0131t\u0131 verdi:<\/p>\n<p>&#8220;Tanr\u0131ya inan\u0131yorum, istavroz getiririm her zaman. Ama zaten motivasyonum otomatiktir. Kramponlar\u0131m\u0131 ya da eldivenlerimi giydi\u011fim her an kazanmak istiyorum. \u00c7\u00fcnk\u00fc g\u00fcn\u00fcn sonunda bunun i\u00e7in oynuyoruz. Kazanmak i\u00e7in oynuyoruz ve kimseden korkmuyorum, sahaya \u00e7\u0131kt\u0131\u011f\u0131mda ya kazan\u0131r\u0131m ya da \u00f6\u011frenirim. Kendimi kaybeden biri olarak g\u00f6rm\u00fcyorum. Kazanamazsam bunu \u00f6\u011frenmek i\u00e7in bir f\u0131rsat olarak kabul ediyorum. Bir \u00f6rnek vereyim, buradaki ilk ma\u00e7\u0131m Fenerbah\u00e7e&#8217;ye kar\u015f\u0131. \u0130yi oynad\u0131k ama kazanamad\u0131k. Ama bunu kay\u0131p olarak g\u00f6rm\u00fcyorum. Yine \u00f6\u011frendim mesela, buradaki hakemlerin nas\u0131l oldu\u011funu \u00f6\u011frendim.&#8221;<\/p>\n\n<p><\/p>\n<p>Kaynak :\u00a0<span style=\"background-color: rgb(255, 249, 236); color: rgb(55, 58, 60); font-size: 14px;\">http:\/\/www.milliyet.com.tr\/skorer\/trabzonspor-kalecisi-andre-onana-sahada-oldugum-an-tek-amacim-kazanmak-7472699<\/span><\/p>\n","protected":false},"excerpt":{"rendered":"<p>Trabzonspor&#8217;un yeni kalecisi Andre Onana verdi\u011fi bir r\u00f6portajda kariyeri boyunca ya\u015fad\u0131klar\u0131ndan bahsetti. Ailesine \u00e7ok te\u015fekk\u00fcr eden Onana, her zaman tek hedefinin kazanmak oldu\u011funu belirtti.<\/p>\n","protected":false},"author":1,"featured_media":133295,"comment_status":"open","ping_status":"open","sticky":false,"template":"","format":"standard","meta":{"footnotes":""},"categories":[7],"tags":[1668,5759,8932,131,263],"class_list":["post-133294","post","type-post","status-publish","format-standard","has-post-thumbnail","hentry","category-spor","tag-cunku","tag-kaleci","tag-onana","tag-oyun","tag-takim"],"_links":{"self":[{"href":"https:\/\/kamucalisani.net\/index.php\/wp-json\/wp\/v2\/posts\/133294","targetHints":{"allow":["GET"]}}],"collection":[{"href":"https:\/\/kamucalisani.net\/index.php\/wp-json\/wp\/v2\/posts"}],"about":[{"href":"https:\/\/kamucalisani.net\/index.php\/wp-json\/wp\/v2\/types\/post"}],"author":[{"embeddable":true,"href":"https:\/\/kamucalisani.net\/index.php\/wp-json\/wp\/v2\/users\/1"}],"replies":[{"embeddable":true,"href":"https:\/\/kamucalisani.net\/index.php\/wp-json\/wp\/v2\/comments?post=133294"}],"version-history":[{"count":1,"href":"https:\/\/kamucalisani.net\/index.php\/wp-json\/wp\/v2\/posts\/133294\/revisions"}],"predecessor-version":[{"id":133299,"href":"https:\/\/kamucalisani.net\/index.php\/wp-json\/wp\/v2\/posts\/133294\/revisions\/133299"}],"wp:featuredmedia":[{"embeddable":true,"href":"https:\/\/kamucalisani.net\/index.php\/wp-json\/wp\/v2\/media\/133295"}],"wp:attachment":[{"href":"https:\/\/kamucalisani.net\/index.php\/wp-json\/wp\/v2\/media?parent=133294"}],"wp:term":[{"taxonomy":"category","embeddable":true,"href":"https:\/\/kamucalisani.net\/index.php\/wp-json\/wp\/v2\/categories?post=133294"},{"taxonomy":"post_tag","embeddable":true,"href":"https:\/\/kamucalisani.net\/index.php\/wp-json\/wp\/v2\/tags?post=133294"}],"curies":[{"name":"wp","href":"https:\/\/api.w.org\/{rel}","templated":true}]}}