{"id":133338,"date":"2025-10-28T11:54:10","date_gmt":"2025-10-28T11:54:10","guid":{"rendered":"https:\/\/kamucalisani.net\/?p=133338"},"modified":"2025-10-28T11:54:10","modified_gmt":"2025-10-28T11:54:10","slug":"tbmm-icisleri-komisyonu-baskani-soylu-chp-sozcusu-yucelin-iddialarina-yanit-verdi","status":"publish","type":"post","link":"https:\/\/kamucalisani.net\/index.php\/2025\/10\/28\/tbmm-icisleri-komisyonu-baskani-soylu-chp-sozcusu-yucelin-iddialarina-yanit-verdi\/","title":{"rendered":"TBMM \u0130\u00e7i\u015fleri Komisyonu Ba\u015fkan\u0131 Soylu, CHP S\u00f6zc\u00fcs\u00fc Y\u00fccel&#8217;in iddialar\u0131na yan\u0131t verdi"},"content":{"rendered":"<p><p>Soylu, sosyal medya hesab\u0131ndan, CHP Genel Ba\u015fkan Yard\u0131mc\u0131s\u0131 ve Parti S\u00f6zc\u00fcs\u00fc Deniz Y\u00fccel&#8217;in, &#8220;\u0130BB Ba\u015fkan\u0131 Ekrem \u0130mamo\u011flu hakk\u0131nda elektronik veri taban\u0131 ve altyap\u0131lar\u0131n kopyalanmas\u0131na ili\u015fkin soru\u015fturma i\u00e7in d\u00f6nemin \u0130\u00e7i\u015fleri Bakan\u0131 S\u00fcleyman Soylu taraf\u0131ndan izin verilmedi\u011fi&#8221; iddias\u0131na ili\u015fkin payla\u015f\u0131m yapt\u0131.<\/p>\n<p>\u0130mamo\u011flu&#8217;nun 2019 y\u0131l\u0131nda \u0130BB&#8217;nin elektronik veri taban\u0131 ve altyap\u0131lar\u0131n kopyalanmas\u0131na ili\u015fkin karar ve g\u00f6revlendirme yaz\u0131s\u0131 ile s\u00f6z konusu karara kar\u015f\u0131 \u0130stanbul 4. \u0130dare Mahkemesi&#8217;nin verdi\u011fi y\u00fcr\u00fctmeyi durdurma karar\u0131 ve \u0130mamo\u011flu hakk\u0131nda \u0130\u00e7i\u015fleri Bakanl\u0131\u011f\u0131nca soru\u015fturma izni verilmemesine ili\u015fkin karar\u0131 da sosyal medyas\u0131nda payla\u015fan Soylu, \u015funlar\u0131 kaydetti:<\/p>\n<p>&#8220;Allah d\u00fc\u015f\u00fcrmesin&#8230; Her ihtimali d\u00fc\u015f\u00fcn\u00fcrd\u00fcm de, CHP olarak kendinizi savunmak i\u00e7in beni referans yapaca\u011f\u0131n\u0131z\u0131 akl\u0131ma hi\u00e7 getirmezdim. Gen\u00e7 adamlars\u0131n\u0131z&#8230; Siyasetinizi kirletmeyin. 2019 yerel se\u00e7imlerinde i\u015f ba\u015f\u0131na gelen \u0130BB Ba\u015fkan\u0131&#8217;n\u0131n, Mart-Haziran d\u00f6neminde daha ilk g\u00fcnlerde, \u0130BB verilerinin kanunsuz bi\u00e7imde kopyalanmas\u0131 i\u00e7in yapt\u0131\u011f\u0131 g\u00f6revlendirme \u00fczerine idari mahkemeye itiraz edilmi\u015f; kanuna ayk\u0131r\u0131 i\u015flem o tarihte mahkemece durdurulmu\u015ftur. Bunun \u00fczerine \u0130BB Ba\u015fkan\u0131, hukuksuz g\u00f6revlendirmeyi geri \u00e7ekmi\u015f, iptal etmi\u015f; konu ortadan kalkt\u0131\u011f\u0131 i\u00e7in \u0130\u00e7i\u015fleri Bakanl\u0131\u011f\u0131n\u0131n ba\u015flatt\u0131\u011f\u0131 soru\u015fturma da do\u011fal olarak, konusu kalmad\u0131\u011f\u0131ndan kapat\u0131lm\u0131\u015ft\u0131r. Ayr\u0131ca bu tarihten sonra, unutmay\u0131n\u0131z; \u0130BB&#8217;ye tekrar se\u00e7ime kadar Bakanl\u0131k taraf\u0131ndan ba\u015fkanvekili g\u00f6revlendirilmi\u015ftir. Savunmaya kalkt\u0131\u011f\u0131n\u0131z durum sizi daha zor duruma d\u00fc\u015f\u00fcr\u00fcyor \u00e7\u00fcnk\u00fc bug\u00fcnk\u00fc yarg\u0131lamadan da anla\u015f\u0131l\u0131yor ki yarg\u0131lama konusu i\u015flemler (casusluk) Haziran 2019 se\u00e7iminden sonra ger\u00e7ekle\u015fen i\u015flemlerdir. \u00dcz\u00fcnt\u00fcm \u015fudur, akl\u0131n\u0131 ve ahlak\u0131n\u0131 yitirmi\u015f tek merkezin, siyaset\u00e7ileri dahil herkesi trol haline getirme kabiliyetidir. Hepsi a\u015fa\u011f\u0131da belgeleriyle mevcuttur.&#8221;<\/p>\n\n<p><\/p>\n<p>Kaynak :\u00a0<span style=\"background-color: rgb(255, 249, 236); color: rgb(55, 58, 60); font-size: 14px;\">http:\/\/www.milliyet.com.tr\/gundem\/tbmm-icisleri-komisyonu-baskani-soylu-chp-sozcusu-yucelin-iddialarina-yanit-verdi-7472781<\/span><\/p>\n","protected":false},"excerpt":{"rendered":"<p>TBMM \u0130\u00e7i\u015fleri Komisyonu Ba\u015fkan\u0131 ve AK Parti \u0130stanbul Milletvekili S\u00fcleyman Soylu, \u0130\u00e7i\u015fleri Bakanl\u0131\u011f\u0131 d\u00f6neminde, \u0130stanbul B\u00fcy\u00fck\u015fehir Belediye Ba\u015fkanl\u0131\u011f\u0131 (\u0130BB) g\u00f6revinden uzakla\u015ft\u0131r\u0131lan Ekrem \u0130mamo\u011flu hakk\u0131nda soru\u015fturma izni vermedi\u011fi iddias\u0131na ili\u015fkin, &#8220;\u0130BB Ba\u015fkan\u0131, hukuksuz g\u00f6revlendirmeyi geri \u00e7ekmi\u015f, iptal etmi\u015f; konu ortadan kalkt\u0131\u011f\u0131 i\u00e7in \u0130\u00e7i\u015fleri Bakanl\u0131\u011f\u0131n\u0131n ba\u015flatt\u0131\u011f\u0131 soru\u015fturma da do\u011fal olarak, konusu kalmad\u0131\u011f\u0131ndan kapat\u0131lm\u0131\u015ft\u0131r.&#8221; ifadesini kulland\u0131.<\/p>\n","protected":false},"author":1,"featured_media":133339,"comment_status":"open","ping_status":"open","sticky":false,"template":"","format":"standard","meta":{"footnotes":""},"categories":[3],"tags":[186,979,728],"class_list":["post-133338","post","type-post","status-publish","format-standard","has-post-thumbnail","hentry","category-guncel","tag-baskan","tag-ibb","tag-veri"],"_links":{"self":[{"href":"https:\/\/kamucalisani.net\/index.php\/wp-json\/wp\/v2\/posts\/133338","targetHints":{"allow":["GET"]}}],"collection":[{"href":"https:\/\/kamucalisani.net\/index.php\/wp-json\/wp\/v2\/posts"}],"about":[{"href":"https:\/\/kamucalisani.net\/index.php\/wp-json\/wp\/v2\/types\/post"}],"author":[{"embeddable":true,"href":"https:\/\/kamucalisani.net\/index.php\/wp-json\/wp\/v2\/users\/1"}],"replies":[{"embeddable":true,"href":"https:\/\/kamucalisani.net\/index.php\/wp-json\/wp\/v2\/comments?post=133338"}],"version-history":[{"count":1,"href":"https:\/\/kamucalisani.net\/index.php\/wp-json\/wp\/v2\/posts\/133338\/revisions"}],"predecessor-version":[{"id":133340,"href":"https:\/\/kamucalisani.net\/index.php\/wp-json\/wp\/v2\/posts\/133338\/revisions\/133340"}],"wp:featuredmedia":[{"embeddable":true,"href":"https:\/\/kamucalisani.net\/index.php\/wp-json\/wp\/v2\/media\/133339"}],"wp:attachment":[{"href":"https:\/\/kamucalisani.net\/index.php\/wp-json\/wp\/v2\/media?parent=133338"}],"wp:term":[{"taxonomy":"category","embeddable":true,"href":"https:\/\/kamucalisani.net\/index.php\/wp-json\/wp\/v2\/categories?post=133338"},{"taxonomy":"post_tag","embeddable":true,"href":"https:\/\/kamucalisani.net\/index.php\/wp-json\/wp\/v2\/tags?post=133338"}],"curies":[{"name":"wp","href":"https:\/\/api.w.org\/{rel}","templated":true}]}}