{"id":133446,"date":"2025-10-28T14:36:09","date_gmt":"2025-10-28T14:36:09","guid":{"rendered":"https:\/\/kamucalisani.net\/?p=133446"},"modified":"2025-10-28T14:36:09","modified_gmt":"2025-10-28T14:36:09","slug":"katar-basbakan-yardimcisi-al-sani-altay-tanklari-teslim-toreninde-konustu-stratejik-ortaklikla-gurur-duyuyoruz","status":"publish","type":"post","link":"https:\/\/kamucalisani.net\/index.php\/2025\/10\/28\/katar-basbakan-yardimcisi-al-sani-altay-tanklari-teslim-toreninde-konustu-stratejik-ortaklikla-gurur-duyuyoruz\/","title":{"rendered":"Katar Ba\u015fbakan Yard\u0131mc\u0131s\u0131 Al Sani, Altay Tanklar\u0131 Teslim T\u00f6reni&#8217;nde konu\u015ftu: &#8216;Stratejik ortakl\u0131kla gurur duyuyoruz&#8217;"},"content":{"rendered":"<p><p>Al Sani, Ankara&#8217;n\u0131n Kahramankazan il\u00e7esindeki BMC Ankara Tank ve Yeni Nesil Z\u0131rhl\u0131 Ara\u00e7lar \u00dcretim Tesisi A\u00e7\u0131l\u0131\u015f\u0131 ve \u0130lk Yeni Altay Tanklar\u0131 Teslimat T\u00f6reni&#8217;nde konu\u015ftu.<\/p>\n<p>Konu\u015fmas\u0131n\u0131n ba\u015f\u0131nda 29 Ekim Cumhuriyet Bayram\u0131 m\u00fcnasebetiyle T\u00fcrkiye Cumhuriyeti&#8217;ni tebrik eden Al Sani, bu m\u00fcnasebetle T\u00fcrkiye Cumhuriyeti&#8217;nin daha fazla refah ilerleme katetmesi temennisinde bulundu.<\/p>\n<p>Katar Savunma Bakan\u0131 Al Sani, &#8220;Bug\u00fcn T\u00fcrkiye ile Katar aras\u0131ndaki stratejik ortakl\u0131klardan birine tan\u0131kl\u0131k ediyoruz. Bizler de bu stratejik ortakl\u0131kla gurur duyuyoruz. Nitekim iki \u00fclke aras\u0131ndaki bu stratejik savunma ortakl\u0131\u011f\u0131, BMC&#8217;nin T\u00fcrkiye&#8217;de yerli olarak \u00fcretti\u011fi Altay tank\u0131n\u0131 hizmete sundu.&#8221; diye konu\u015ftu.<\/p>\n<p>T\u00fcrkiye ile Katar aras\u0131nda bir\u00e7ok ortakl\u0131k projesinin oldu\u011funa i\u015faret eden Al Sani, Cumhurba\u015fkan\u0131 Recep Tayyip Erdo\u011fan&#8217;\u0131n ge\u00e7en hafta Katar&#8217;a ger\u00e7ekle\u015ftirdi\u011fi resmi ziyaretle gurur duyduklar\u0131n\u0131 dile getirdi.<\/p>\n<p>Al Sani, Katar Emiri \u015eeyh Temim bin Hamed Al Sani taraf\u0131ndan Altay tank\u0131n\u0131n teslim t\u00f6renine kendilerini temsilen kat\u0131lma g\u00f6revine lay\u0131k g\u00f6r\u00fcld\u00fcklerini s\u00f6yledi.<\/p>\n<p>Bu m\u00fcnasebetle T\u00fcrkiye&#8217;de bulunman\u0131n mutlulu\u011funu ya\u015fad\u0131klar\u0131n\u0131 ifade eden Al Sani, T\u00fcrkiye ile Katar aras\u0131ndaki savunma ve ekonomik i\u015fbirli\u011fi ortakl\u0131\u011f\u0131n\u0131 daha da art\u0131rma temennisinde bulundu.<\/p>\n\n<p><\/p>\n<p>Kaynak :\u00a0<span style=\"background-color: rgb(255, 249, 236); color: rgb(55, 58, 60); font-size: 14px;\">http:\/\/www.milliyet.com.tr\/gundem\/katar-basbakan-yardimcisi-al-sani-altay-tanklari-teslim-toreninde-konustu-stratejik-ortaklikla-gurur-duyuyoruz-7472901<\/span><\/p>\n","protected":false},"excerpt":{"rendered":"<p>Katar Ba\u015fbakan Yard\u0131mc\u0131s\u0131 ve Savunma Bakan\u0131 \u015eeyh Saud bin Abdurrahman bin Hasan bin Ali Al Sani, T\u00fcrkiye ile Katar aras\u0131ndaki stratejik ortakl\u0131klardan birine tan\u0131kl\u0131k ettiklerini belirterek &#8220;Bizler de bu stratejik ortakl\u0131kla gurur duyuyoruz.&#8221; dedi.<\/p>\n","protected":false},"author":1,"featured_media":133447,"comment_status":"open","ping_status":"open","sticky":false,"template":"","format":"standard","meta":{"footnotes":""},"categories":[3],"tags":[8950,8613,146],"class_list":["post-133446","post","type-post","status-publish","format-standard","has-post-thumbnail","hentry","category-guncel","tag-al-sani","tag-katar","tag-turkiye"],"_links":{"self":[{"href":"https:\/\/kamucalisani.net\/index.php\/wp-json\/wp\/v2\/posts\/133446","targetHints":{"allow":["GET"]}}],"collection":[{"href":"https:\/\/kamucalisani.net\/index.php\/wp-json\/wp\/v2\/posts"}],"about":[{"href":"https:\/\/kamucalisani.net\/index.php\/wp-json\/wp\/v2\/types\/post"}],"author":[{"embeddable":true,"href":"https:\/\/kamucalisani.net\/index.php\/wp-json\/wp\/v2\/users\/1"}],"replies":[{"embeddable":true,"href":"https:\/\/kamucalisani.net\/index.php\/wp-json\/wp\/v2\/comments?post=133446"}],"version-history":[{"count":1,"href":"https:\/\/kamucalisani.net\/index.php\/wp-json\/wp\/v2\/posts\/133446\/revisions"}],"predecessor-version":[{"id":133448,"href":"https:\/\/kamucalisani.net\/index.php\/wp-json\/wp\/v2\/posts\/133446\/revisions\/133448"}],"wp:featuredmedia":[{"embeddable":true,"href":"https:\/\/kamucalisani.net\/index.php\/wp-json\/wp\/v2\/media\/133447"}],"wp:attachment":[{"href":"https:\/\/kamucalisani.net\/index.php\/wp-json\/wp\/v2\/media?parent=133446"}],"wp:term":[{"taxonomy":"category","embeddable":true,"href":"https:\/\/kamucalisani.net\/index.php\/wp-json\/wp\/v2\/categories?post=133446"},{"taxonomy":"post_tag","embeddable":true,"href":"https:\/\/kamucalisani.net\/index.php\/wp-json\/wp\/v2\/tags?post=133446"}],"curies":[{"name":"wp","href":"https:\/\/api.w.org\/{rel}","templated":true}]}}