{"id":133628,"date":"2025-10-28T19:30:10","date_gmt":"2025-10-28T19:30:10","guid":{"rendered":"https:\/\/kamucalisani.net\/?p=133628"},"modified":"2025-10-28T19:30:10","modified_gmt":"2025-10-28T19:30:10","slug":"ak-parti-sozcusu-celik-gazze-saldirisi-baris-isteyen-herkese-donuk-yapilan-bir-soykirim-saldirisidir","status":"publish","type":"post","link":"https:\/\/kamucalisani.net\/index.php\/2025\/10\/28\/ak-parti-sozcusu-celik-gazze-saldirisi-baris-isteyen-herkese-donuk-yapilan-bir-soykirim-saldirisidir\/","title":{"rendered":"AK Parti S\u00f6zc\u00fcs\u00fc \u00c7elik: Gazze sald\u0131r\u0131s\u0131 bar\u0131\u015f isteyen herkese d\u00f6n\u00fck yap\u0131lan bir soyk\u0131r\u0131m sald\u0131r\u0131s\u0131d\u0131r"},"content":{"rendered":"<p><p>AK Parti S\u00f6zc\u00fcs\u00fc \u00d6mer \u00c7elik&#8217;in a\u00e7\u0131klamalar\u0131 \u015fu \u015fekilde: \u0130srail\u2019in Gazze\u2019ye sald\u0131r\u0131s\u0131 bar\u0131\u015f isteyen herkese d\u00f6n\u00fck yap\u0131lan bir soyk\u0131r\u0131m sald\u0131r\u0131s\u0131d\u0131r.<\/p>\n<p>\u0130srail Gazze halk\u0131na oldu\u011fu gibi uluslararas\u0131 hukuka ve bar\u0131\u015f isteyen herkese d\u00f6n\u00fck soyk\u0131r\u0131m siyaseti g\u00fctmektedir.<\/p>\n<p>\u0130nsanl\u0131\u011f\u0131 koruman\u0131n tek yolu bu soyk\u0131r\u0131m \u015febekesinin uluslararas\u0131 toplum taraf\u0131ndan fiilen durdurulmas\u0131, yarg\u0131lanmas\u0131 ve cezaland\u0131r\u0131lmas\u0131d\u0131r.<\/p>\n<p><strong>AK PART\u0130 GENEL BA\u015eKANVEK\u0130L\u0130 ALA&#8217;DAN TEPK\u0130<\/strong><\/p>\n<p>AK Parti Genel Ba\u015fkanvekili Efkan Ala, NSosyal&#8217;deki hesab\u0131ndan yapt\u0131\u011f\u0131 a\u00e7\u0131klamada, Netanyahu&#8217;nun Gazze&#8217;de ate\u015fkese ra\u011fmen \u0130srail ordusuna \u015fiddetli sald\u0131r\u0131lar d\u00fczenleme talimat\u0131 vermesine tepki g\u00f6sterdi.<\/p>\n<p>Netanyahu&#8217;nun, Gazze&#8217;de s\u00fcren a\u011f\u0131r insani y\u0131k\u0131ma ra\u011fmen ordusuna yeni sald\u0131r\u0131lar d\u00fczenleme talimat\u0131 vermesinin, bar\u0131\u015f \u00e7abalar\u0131na do\u011frudan bir sald\u0131r\u0131 niteli\u011fi ta\u015f\u0131d\u0131\u011f\u0131n\u0131 belirten Ala, &#8220;Bu karar, b\u00f6lgedeki sivillerin g\u00fcvenli\u011fini hi\u00e7e sayan, diplomatik \u00e7\u00f6z\u00fcm yollar\u0131n\u0131 tahrip eden ve uluslararas\u0131 toplumun bar\u0131\u015f \u00e7a\u011fr\u0131lar\u0131n\u0131 alenen hi\u00e7e sayan bir politikan\u0131n \u00fcr\u00fcn\u00fcd\u00fcr.&#8221; de\u011ferlendirmesinde bulundu.<\/p>\n<p>Efkan Ala, bu t\u00fcr ad\u0131mlar\u0131n, katliam odakl\u0131 bir zihniyetin yans\u0131mas\u0131 oldu\u011funu vurgulayarak, \u015funlar\u0131 kaydetti:<\/p>\n<p>&#8220;Gazze&#8217;de ya\u015fananlar, herhangi bir g\u00fcvenlik gerek\u00e7esiyle a\u00e7\u0131klanamayacak \u00f6l\u00e7\u00fcde sistematik bir soyk\u0131r\u0131ma d\u00f6n\u00fc\u015fm\u00fc\u015ft\u00fcr. Art\u0131k \u0130srail&#8217;in diplomasiyi kullanarak uluslararas\u0131 toplumu oyalamas\u0131na izin verilmemelidir. Uluslararas\u0131 toplum, \u0130srail&#8217;in sald\u0131rgan politikalar\u0131n\u0131 &#8216;k\u0131namakla&#8217; yetinmemeli, uluslararas\u0131 hukuk mekanizmalar\u0131n\u0131 i\u015fletmek, yapt\u0131r\u0131m s\u00fcre\u00e7lerini devreye sokmak ve sivillerin korunmas\u0131 i\u00e7in ba\u011flay\u0131c\u0131 ad\u0131mlar atmak zorundad\u0131r. Aksi takdirde bu sessizlik, i\u015flenen ihlallere dolayl\u0131 bir onay anlam\u0131na gelecektir. Gazze&#8217;deki trajedi, politik hesaplar\u0131n \u00f6tesinde, insanl\u0131k vicdan\u0131n\u0131n s\u0131nand\u0131\u011f\u0131 bir e\u015fi\u011fe d\u00f6n\u00fc\u015fm\u00fc\u015ft\u00fcr. Bu noktada susmak, su\u00e7a ortak olmak demektir.&#8221;<\/p>\n\n<p><\/p>\n<p>Kaynak :\u00a0<span style=\"background-color: rgb(255, 249, 236); color: rgb(55, 58, 60); font-size: 14px;\">http:\/\/www.milliyet.com.tr\/gundem\/ak-parti-sozcusu-celik-israil-baris-isteyen-herkese-donuk-soykirim-siyaseti-gutmektedir-7473016<\/span><\/p>\n","protected":false},"excerpt":{"rendered":"<p>AK Parti S\u00f6zc\u00fcs\u00fc \u00d6mer \u00c7elik, Netanyahu&#8217;nun emri sonras\u0131nda ba\u015flayan hava sald\u0131r\u0131lar\u0131yla ilgili, &#8220;\u0130srail\u2019in Gazze\u2019ye sald\u0131r\u0131s\u0131 bar\u0131\u015f isteyen herkese d\u00f6n\u00fck yap\u0131lan bir soyk\u0131r\u0131m sald\u0131r\u0131s\u0131d\u0131r.&#8221; dedi.<\/p>\n","protected":false},"author":1,"featured_media":133629,"comment_status":"open","ping_status":"open","sticky":false,"template":"","format":"standard","meta":{"footnotes":""},"categories":[3],"tags":[663,620,796,2277],"class_list":["post-133628","post","type-post","status-publish","format-standard","has-post-thumbnail","hentry","category-guncel","tag-gazze","tag-israil","tag-saldiri","tag-uluslararasi"],"_links":{"self":[{"href":"https:\/\/kamucalisani.net\/index.php\/wp-json\/wp\/v2\/posts\/133628","targetHints":{"allow":["GET"]}}],"collection":[{"href":"https:\/\/kamucalisani.net\/index.php\/wp-json\/wp\/v2\/posts"}],"about":[{"href":"https:\/\/kamucalisani.net\/index.php\/wp-json\/wp\/v2\/types\/post"}],"author":[{"embeddable":true,"href":"https:\/\/kamucalisani.net\/index.php\/wp-json\/wp\/v2\/users\/1"}],"replies":[{"embeddable":true,"href":"https:\/\/kamucalisani.net\/index.php\/wp-json\/wp\/v2\/comments?post=133628"}],"version-history":[{"count":1,"href":"https:\/\/kamucalisani.net\/index.php\/wp-json\/wp\/v2\/posts\/133628\/revisions"}],"predecessor-version":[{"id":133630,"href":"https:\/\/kamucalisani.net\/index.php\/wp-json\/wp\/v2\/posts\/133628\/revisions\/133630"}],"wp:featuredmedia":[{"embeddable":true,"href":"https:\/\/kamucalisani.net\/index.php\/wp-json\/wp\/v2\/media\/133629"}],"wp:attachment":[{"href":"https:\/\/kamucalisani.net\/index.php\/wp-json\/wp\/v2\/media?parent=133628"}],"wp:term":[{"taxonomy":"category","embeddable":true,"href":"https:\/\/kamucalisani.net\/index.php\/wp-json\/wp\/v2\/categories?post=133628"},{"taxonomy":"post_tag","embeddable":true,"href":"https:\/\/kamucalisani.net\/index.php\/wp-json\/wp\/v2\/tags?post=133628"}],"curies":[{"name":"wp","href":"https:\/\/api.w.org\/{rel}","templated":true}]}}