{"id":133780,"date":"2025-10-29T08:00:12","date_gmt":"2025-10-29T08:00:12","guid":{"rendered":"https:\/\/kamucalisani.net\/?p=133780"},"modified":"2025-10-29T08:00:12","modified_gmt":"2025-10-29T08:00:12","slug":"antalyada-cumhuriyet-bayrami-ilk-turk-bayraklarindan-biriyle-kutlaniyor","status":"publish","type":"post","link":"https:\/\/kamucalisani.net\/index.php\/2025\/10\/29\/antalyada-cumhuriyet-bayrami-ilk-turk-bayraklarindan-biriyle-kutlaniyor\/","title":{"rendered":"Antalya&#8217;da Cumhuriyet Bayram\u0131 ilk T\u00fcrk bayraklar\u0131ndan biriyle kutlan\u0131yor"},"content":{"rendered":"<p><p>Antalya&#8217;da koleksiyoner Bahad\u0131r Kalayc\u0131&#8217;ya ait, 1920&#8217;li y\u0131llar\u0131n ba\u015f\u0131nda el yap\u0131m\u0131 olarak \u00fcretilen, Cumhuriyet ile ya\u015f\u0131t, yakla\u015f\u0131k 32 metrekarelik as\u0131rl\u0131k T\u00fcrk bayra\u011f\u0131, 29 Ekim Cumhuriyet Bayram\u0131&#8217;n\u0131n 102&#8217;nci y\u0131l d\u00f6n\u00fcm\u00fc kapsam\u0131nda Antalya Valili\u011fi&#8217;nin giri\u015fine as\u0131ld\u0131. \u0130lk T\u00fcrk bayraklar\u0131ndan biri olma \u00f6zelli\u011fini ta\u015f\u0131yan tarihi bayrak, 29 Ekim Cumhuriyet Bayram\u0131 kutlamalar\u0131 boyunca Antalya Valili\u011fi binas\u0131nda dalgalanacak. Bu y\u0131l Cumhuriyet Bayram\u0131 kapsam\u0131nda Antalya Valisi Hulusi \u015eahin&#8217;in tebrikleri kabul\u00fc de tarihi bayra\u011f\u0131n g\u00f6lgesinde ger\u00e7ekle\u015fti. 105 ya\u015f\u0131na yak\u0131n bir tarihi oldu\u011fu tahmin edilen tarihi T\u00fcrk bayra\u011f\u0131n\u0131n, \u0130stanbul&#8217;da uzun y\u0131llar resmi kurumlarda ve T\u00fcrkiye Cumhuriyeti&#8217;nin kurucusu Gazi Mustafa Kemal Atat\u00fcrk&#8217;\u00fcn de ziyaret etti\u011fi resmi kurumlara as\u0131lm\u0131\u015f olma \u00f6zelli\u011fi ta\u015f\u0131d\u0131\u011f\u0131 belirtildi.<\/p>\n<div>\n<div><img decoding=\"async\" src=\"https:\/\/kamucalisani.net\/wp-content\/uploads\/2025\/10\/antalyada-cumhuriyet-bayrami-ilk-turk-bayraklarindan-biriyle-kutlaniyor-0-jMs57TTI.jpg\"\/><\/div>\n<\/div>\n<p><strong>&#8216;HER YIL ASIYORUZ&#8217;<\/strong><\/p>\n<p>Valilik giri\u015f kap\u0131s\u0131na as\u0131lan bayra\u011f\u0131n \u00e7ok \u00f6zel oldu\u011funu belirten Vali Hulusi \u015eahin, \u015fu bilgileri verdi: &#8220;100&#8217;\u00fcnc\u00fc y\u0131l kutlamalar\u0131 \u00e7er\u00e7evesinde 2023 y\u0131l\u0131n\u0131n 29 Ekim arifesinde aray\u0131\u015flar\u0131m\u0131z vard\u0131, &#8216;100&#8217;\u00fcnc\u00fc y\u0131l\u0131 hakk\u0131yla nas\u0131l idrak ederiz&#8217; diye. O s\u00fcre\u00e7 i\u00e7erisinde b\u00f6yle bir bayra\u011f\u0131n oldu\u011fu s\u00f6ylendi bize. Bir koleksiyonerin koleksiyonunda oldu\u011fu, Cumhuriyet ile ya\u015f\u0131t bir bayrak oldu\u011fu s\u00f6ylendi. Koleksiyonerimizi bulduk. Bahad\u0131r Kalayc\u0131 adl\u0131, ger\u00e7ekten \u00e7ok de\u011ferli bir dostumuz. Kendi \u00f6zel koleksiyonundan bunu \u00e7\u0131kard\u0131. El yap\u0131m\u0131 bir bayrak tamamen ve ya\u015f\u0131 da 1920&#8217;lere tekab\u00fcl ediyor. Cumhuriyet ile ya\u015f\u0131t, el yap\u0131m\u0131 \u00f6zel bir bayrak. Biz de Bahad\u0131r beyin y\u00fcksek m\u00fcsaadesiyle 100&#8217;\u00fcnc\u00fc y\u0131lda ilk defa ast\u0131k. \u015eimdi her y\u0131l as\u0131yoruz ve Cumhuriyet&#8217;e tan\u0131k olan bu bayra\u011f\u0131n \u00f6n\u00fcnde, biz de Cumhuriyet kutlama resepsiyonumuzu d\u00fczenliyoruz. Bir tarihe, Cumhuriyet&#8217;in ser\u00fcvenine tan\u0131kl\u0131k eden bir bayra\u011f\u0131n, \u015fanl\u0131 bayra\u011f\u0131m\u0131z\u0131n \u00f6n\u00fcndeyiz.&#8221;<\/p>\n\n<p><\/p>\n<p>Kaynak :\u00a0<span style=\"background-color: rgb(255, 249, 236); color: rgb(55, 58, 60); font-size: 14px;\">http:\/\/www.milliyet.com.tr\/gundem\/antalyada-cumhuriyet-bayrami-ilk-turk-bayraklarindan-biriyle-kutlaniyor-7473208<\/span><\/p>\n","protected":false},"excerpt":{"rendered":"<p>Antalya&#8217;da Cumhuriyet Bayram\u0131, ilk T\u00fcrk bayraklar\u0131ndan biri olan, 1920&#8217;li y\u0131llarda el yap\u0131m\u0131 olarak \u00fcretilen yakla\u015f\u0131k 32 metrekarelik bayrakla kutlan\u0131yor. Antalya Valisi Hulusi \u015eahin, &#8220;Bir tarihe, Cumhuriyet&#8217;in ser\u00fcvenine tan\u0131kl\u0131k eden bir bayra\u011f\u0131n, \u015fanl\u0131 bayra\u011f\u0131m\u0131z\u0131n \u00f6n\u00fcndeyiz&#8221; dedi.<\/p>\n","protected":false},"author":1,"featured_media":133781,"comment_status":"open","ping_status":"open","sticky":false,"template":"","format":"standard","meta":{"footnotes":""},"categories":[3],"tags":[8970,5042,1606,792,3185],"class_list":["post-133780","post","type-post","status-publish","format-standard","has-post-thumbnail","hentry","category-guncel","tag-bayragin","tag-bayrak","tag-cumhuriyet","tag-vali","tag-yasi"],"_links":{"self":[{"href":"https:\/\/kamucalisani.net\/index.php\/wp-json\/wp\/v2\/posts\/133780","targetHints":{"allow":["GET"]}}],"collection":[{"href":"https:\/\/kamucalisani.net\/index.php\/wp-json\/wp\/v2\/posts"}],"about":[{"href":"https:\/\/kamucalisani.net\/index.php\/wp-json\/wp\/v2\/types\/post"}],"author":[{"embeddable":true,"href":"https:\/\/kamucalisani.net\/index.php\/wp-json\/wp\/v2\/users\/1"}],"replies":[{"embeddable":true,"href":"https:\/\/kamucalisani.net\/index.php\/wp-json\/wp\/v2\/comments?post=133780"}],"version-history":[{"count":1,"href":"https:\/\/kamucalisani.net\/index.php\/wp-json\/wp\/v2\/posts\/133780\/revisions"}],"predecessor-version":[{"id":133783,"href":"https:\/\/kamucalisani.net\/index.php\/wp-json\/wp\/v2\/posts\/133780\/revisions\/133783"}],"wp:featuredmedia":[{"embeddable":true,"href":"https:\/\/kamucalisani.net\/index.php\/wp-json\/wp\/v2\/media\/133781"}],"wp:attachment":[{"href":"https:\/\/kamucalisani.net\/index.php\/wp-json\/wp\/v2\/media?parent=133780"}],"wp:term":[{"taxonomy":"category","embeddable":true,"href":"https:\/\/kamucalisani.net\/index.php\/wp-json\/wp\/v2\/categories?post=133780"},{"taxonomy":"post_tag","embeddable":true,"href":"https:\/\/kamucalisani.net\/index.php\/wp-json\/wp\/v2\/tags?post=133780"}],"curies":[{"name":"wp","href":"https:\/\/api.w.org\/{rel}","templated":true}]}}