{"id":133939,"date":"2025-10-29T12:24:14","date_gmt":"2025-10-29T12:24:14","guid":{"rendered":"https:\/\/kamucalisani.net\/?p=133939"},"modified":"2025-10-29T12:24:14","modified_gmt":"2025-10-29T12:24:14","slug":"ispanya-45-adet-hurjet-icin-312-milyar-avroluk-anlasmayi-onayladi","status":"publish","type":"post","link":"https:\/\/kamucalisani.net\/index.php\/2025\/10\/29\/ispanya-45-adet-hurjet-icin-312-milyar-avroluk-anlasmayi-onayladi\/","title":{"rendered":"\u0130spanya, 45 adet H\u00dcRJET i\u00e7in 3,12 milyar avroluk anla\u015fmay\u0131 onaylad\u0131"},"content":{"rendered":"<p><figure> <span> <img decoding=\"async\" src=\"https:\/\/kamucalisani.net\/wp-content\/uploads\/2025\/10\/ispanya-45-adet-hurjet-icin-312-milyar-avroluk-anlasmayi-onayladi-0-UAG8balX.jpg\"\/> <\/span> <strong>\u0130spanya Bakanlar Kurulu<\/strong>, \u0130spanya Hava ve Uzay Kuvvetleri\u2019nin e\u011fitim filosunu yenilemek \u00fczere <strong>45 adet<\/strong> T\u00fcrk yap\u0131m\u0131 <strong>H\u00dcRJET<\/strong> s\u00fcpersonik e\u011fitim u\u00e7a\u011f\u0131n\u0131n al\u0131m\u0131na resmen onay verdi. Toplam de\u011feri <strong>3 milyar 120 milyon avro<\/strong> olan anla\u015fma, \u0130spanya\u2019n\u0131n uzun s\u00fcredir kulland\u0131\u011f\u0131 F-5 e\u011fitim jetlerinin yerini alacak. <\/figure>\n<p><b>\u0130spanya resmen onaylad\u0131<\/b><\/p>\n<p>\u0130spanya Bakanlar Kurulu&#8217;nun 28 Ekim&#8217;de ald\u0131\u011f\u0131 kararda, <em>&#8220;Bakanlar Kurulu, mevcut AE.09 (F5) u\u00e7a\u011f\u0131n\u0131n yerine, sava\u015f ve taarruz u\u00e7a\u011f\u0131 i\u00e7in Entegre E\u011fitim Sistemi (ITS-C) sat\u0131n al\u0131nmas\u0131na ili\u015fkin, tahmini de\u011feri 3 milyar 120 milyon avro olan s\u00f6zle\u015fmeyi onaylad\u0131&#8221;<\/em> de\u011ferlendirmesinde bulundu.<\/p>\n<p>Sat\u0131n alma, \u201cEntegre E\u011fitim Sistemi\u201d (ITS-C) ad\u0131 verilen program kapsam\u0131nda y\u00fcr\u00fct\u00fclecek. Program\u0131n merkezinde yer alan H\u00dcRJET platformu <strong>TUSA\u015e<\/strong> taraf\u0131ndan geli\u015ftiriliyor. U\u00e7aklar, \u0130spanya Hava ve Uzay Kuvvetleri\u2019nin ihtiya\u00e7lar\u0131na g\u00f6re \u00f6zel olarak yerelle\u015ftirilmi\u015f bir konfig\u00fcrasyona sahip olacak. Bu s\u00fcre\u00e7te T\u00fcrk savunma sanayii \u015firketleriyle birlikte \u0130spanyol havac\u0131l\u0131k ve savunma end\u00fcstrisi de aktif rol \u00fcstlenecek.<\/p>\n<figure> <span> <img decoding=\"async\" src=\"https:\/\/kamucalisani.net\/wp-content\/uploads\/2025\/10\/ispanya-45-adet-hurjet-icin-312-milyar-avroluk-anlasmayi-onayladi-1-Sp6v3cH3.jpg\"\/> <\/span> Resmile\u015fen programa g\u00f6re TUSA\u015e tesislerinde \u00fcretilecek u\u00e7aklar daha sonra \u0130spanya\u2019ya \u00f6zg\u00fc donan\u0131mlarla uyumlu hale getirilecek. Bu d\u00f6n\u00fc\u015f\u00fcm, Airbus Defence and Space Espa\u00f1a taraf\u0131ndan y\u00fcr\u00fct\u00fclecek ve \u015firket ayn\u0131 zamanda program\u0131n koordinat\u00f6r\u00fc olarak g\u00f6rev yapacak. Finansman ise \u0130spanya Sanayi Bakanl\u0131\u011f\u0131 taraf\u0131ndan sa\u011flanacak. Bakanl\u0131k, \u00f6n finansman\u0131 Airbus\u2019a aktaracak, Airbus da bu kayna\u011f\u0131 TAI ile olu\u015fturulan ortak giri\u015fime (UTE) y\u00f6nlendirecek. <\/figure>\n<p><b>Teslimatlar 2028&#8217;de ba\u015flayacak<\/b><\/p>\n<p>Planlamaya g\u00f6re, <strong>ilk u\u00e7ak grubu 2028 y\u0131l\u0131nda<\/strong> teslim edilecek ve 2029\/2030 e\u011fitim d\u00f6neminde platformun kullan\u0131m\u0131na ba\u015flanacak. Tamamen \u0130sp<strong>anya konfig\u00fcrasyonuna sahip ilk H\u00dcRJET<\/strong>\u2019lerin <strong>ise 2031 itibar\u0131yla<\/strong> <strong>hizmete girmesi<\/strong> bekleniyor. Anla\u015fma, imzalanma tarihinden itibaren <strong>30 Kas\u0131m 2035\u2019e kadar ge\u00e7erli<\/strong> olacak ve uzatma se\u00e7ene\u011fi bulunmayacak. \u0130spanya, H\u00dcRJET filosunun en az 30 y\u0131l boyunca hizmette kalmas\u0131n\u0131 \u00f6ng\u00f6r\u00fcyor.<\/p>\n\n<p>Kaynak\u00a0 :\u00a0<span style=\"background-color: rgb(255, 249, 236); color: rgb(55, 58, 60); font-size: 14px;\">https:\/\/www.donanimhaber.com\/ispanya-45-adet-hurjet-tedarikini-resmen-onayladi&#8211;197901<\/span><\/p>\n","protected":false},"excerpt":{"rendered":"<p>\u0130spanya Bakanlar Kurulu, \u0130spanya Hava ve Uzay Kuvvetleri\u2019nin e\u011fitim filosunu yenilemek \u00fczere 45 adet T\u00fcrk yap\u0131m\u0131 H\u00dcRJET s\u00fcpersonik e\u011fitim u\u00e7a\u011f\u0131n\u0131n al\u0131m\u0131na resmen onay verdi. Toplam de\u011feri 3 milyar 120 milyon avro olan anla\u015fma, \u0130spanya\u2019n\u0131n uzun &#8230;<\/p>\n","protected":false},"author":1,"featured_media":133940,"comment_status":"open","ping_status":"open","sticky":false,"template":"","format":"standard","meta":{"footnotes":""},"categories":[8],"tags":[530,1228],"class_list":["post-133939","post","type-post","status-publish","format-standard","has-post-thumbnail","hentry","category-teknoloji","tag-egitim","tag-ispanya"],"_links":{"self":[{"href":"https:\/\/kamucalisani.net\/index.php\/wp-json\/wp\/v2\/posts\/133939","targetHints":{"allow":["GET"]}}],"collection":[{"href":"https:\/\/kamucalisani.net\/index.php\/wp-json\/wp\/v2\/posts"}],"about":[{"href":"https:\/\/kamucalisani.net\/index.php\/wp-json\/wp\/v2\/types\/post"}],"author":[{"embeddable":true,"href":"https:\/\/kamucalisani.net\/index.php\/wp-json\/wp\/v2\/users\/1"}],"replies":[{"embeddable":true,"href":"https:\/\/kamucalisani.net\/index.php\/wp-json\/wp\/v2\/comments?post=133939"}],"version-history":[{"count":1,"href":"https:\/\/kamucalisani.net\/index.php\/wp-json\/wp\/v2\/posts\/133939\/revisions"}],"predecessor-version":[{"id":133943,"href":"https:\/\/kamucalisani.net\/index.php\/wp-json\/wp\/v2\/posts\/133939\/revisions\/133943"}],"wp:featuredmedia":[{"embeddable":true,"href":"https:\/\/kamucalisani.net\/index.php\/wp-json\/wp\/v2\/media\/133940"}],"wp:attachment":[{"href":"https:\/\/kamucalisani.net\/index.php\/wp-json\/wp\/v2\/media?parent=133939"}],"wp:term":[{"taxonomy":"category","embeddable":true,"href":"https:\/\/kamucalisani.net\/index.php\/wp-json\/wp\/v2\/categories?post=133939"},{"taxonomy":"post_tag","embeddable":true,"href":"https:\/\/kamucalisani.net\/index.php\/wp-json\/wp\/v2\/tags?post=133939"}],"curies":[{"name":"wp","href":"https:\/\/api.w.org\/{rel}","templated":true}]}}