{"id":134326,"date":"2025-10-30T04:48:09","date_gmt":"2025-10-30T04:48:09","guid":{"rendered":"https:\/\/kamucalisani.net\/?p=134326"},"modified":"2025-10-30T04:48:09","modified_gmt":"2025-10-30T04:48:09","slug":"bogazda-cumhuriyet-ruzgari","status":"publish","type":"post","link":"https:\/\/kamucalisani.net\/index.php\/2025\/10\/30\/bogazda-cumhuriyet-ruzgari\/","title":{"rendered":"Bo\u011faz\u2019da Cumhuriyet r\u00fczg\u00e2r\u0131"},"content":{"rendered":"<p><p>Cumhurba\u015fkanl\u0131\u011f\u0131 himayelerinde; K\u00fclt\u00fcr ve Turizm Bakanl\u0131\u011f\u0131, Gen\u00e7lik ve Spor Bakanl\u0131\u011f\u0131\u2019n\u0131n katk\u0131lar\u0131 ve \u0130stanbul Valili\u011fi i\u015f birli\u011finde, \u0130stanbul A\u00e7\u0131k Deniz Yat Yar\u0131\u015f Kul\u00fcb\u00fc taraf\u0131ndan organize edilen ve DHL Express T\u00fcrkiye\u2019nin ana sponsorlu\u011funda d\u00fczenlenen Cumhurba\u015fkanl\u0131\u011f\u0131 6. Uluslararas\u0131 Yat Yar\u0131\u015flar\u0131\u2019nda Cumhuriyet Kupas\u0131 heyecan\u0131 ba\u015flad\u0131.<\/p>\n<p>29 Ekim Cumhuriyet Bayram\u0131\u2019nda Dolmabah\u00e7e \u00f6nlerinde Atat\u00fcrk ve silah arkada\u015flar\u0131 an\u0131s\u0131na yap\u0131lan sayg\u0131 duru\u015fuyla ba\u015flayan yar\u0131\u015fta, \u0130stanbul Bo\u011faz\u0131 bir kez daha yelkenlilerle renklendi. 70\u2019in \u00fczerinde tekne ve binin \u00fczerinde sporcu, Cumhuriyet co\u015fkusunu denizlere ta\u015f\u0131d\u0131.<\/p>\n<p>Bu y\u0131l Samsun, K\u0131br\u0131s ve \u00c7anakkale etaplar\u0131n\u0131n ard\u0131ndan son dura\u011f\u0131 \u0130stanbul olan yar\u0131\u015fta, sporcular zorlu parkurda r\u00fczg\u00e2r ve strateji m\u00fccadelesi verdi. Bu yelkenliler aras\u0131nda Milliyet Gazetesi\u2019ne ait bir yelkenli de yer ald\u0131. Yar\u0131\u015flar, 1-2 Kas\u0131m tarihlerinde d\u00fczenlenecek \u015famand\u0131ra ve co\u011frafi parkur m\u00fccadeleleriyle tamamlanacak.<\/p>\n<p>\u0130stanbul A\u00e7\u0131k Deniz Yat Yar\u0131\u015f Kul\u00fcb\u00fc Ba\u015fkan\u0131 ve Organizasyon Komitesi Ba\u015fkan\u0131 Ekrem Yemlihao\u011flu, etkinli\u011fin \u00f6nemine dikkat \u00e7ekerek \u015funlar\u0131 s\u00f6yledi: \u201c70\u2019in \u00fczerinde tekne, 1000\u2019in \u00fczerinde sporcu ve 14 farkl\u0131 \u00fclkeden kat\u0131l\u0131mc\u0131 yelken a\u00e7t\u0131. Cumhuriyet Bayram\u0131 co\u015fkusuyla ayn\u0131 d\u00f6neme denk gelen bu yar\u0131\u015f, bizim i\u00e7in ayr\u0131 bir anlam ve gurur ta\u015f\u0131yor.<\/p>\n\n<p><\/p>\n<p>Kaynak :\u00a0<span style=\"background-color: rgb(255, 249, 236); color: rgb(55, 58, 60); font-size: 14px;\">http:\/\/www.milliyet.com.tr\/skorer\/bogazda-cumhuriyet-ruzgari-7473636<\/span><\/p>\n","protected":false},"excerpt":{"rendered":"<p>Cumhurba\u015fkanl\u0131\u011f\u0131 6. Uluslararas\u0131 Yat Yar\u0131\u015flar\u0131\u2019n\u0131n \u0130stanbul etab\u0131nda, 70\u2019in \u00fczerinde tekne ve binin \u00fczerinde sporcunun kat\u0131l\u0131m\u0131yla Cumhuriyet Kupas\u0131 m\u00fccadelesi ba\u015flad\u0131. Yar\u0131\u015fta Milliyet Gazetesi\u2019ne ait bir yelkenli de yer ald\u0131.<\/p>\n","protected":false},"author":1,"featured_media":134327,"comment_status":"open","ping_status":"open","sticky":false,"template":"","format":"standard","meta":{"footnotes":""},"categories":[7],"tags":[179,986],"class_list":["post-134326","post","type-post","status-publish","format-standard","has-post-thumbnail","hentry","category-spor","tag-istanbul","tag-yaris"],"_links":{"self":[{"href":"https:\/\/kamucalisani.net\/index.php\/wp-json\/wp\/v2\/posts\/134326","targetHints":{"allow":["GET"]}}],"collection":[{"href":"https:\/\/kamucalisani.net\/index.php\/wp-json\/wp\/v2\/posts"}],"about":[{"href":"https:\/\/kamucalisani.net\/index.php\/wp-json\/wp\/v2\/types\/post"}],"author":[{"embeddable":true,"href":"https:\/\/kamucalisani.net\/index.php\/wp-json\/wp\/v2\/users\/1"}],"replies":[{"embeddable":true,"href":"https:\/\/kamucalisani.net\/index.php\/wp-json\/wp\/v2\/comments?post=134326"}],"version-history":[{"count":1,"href":"https:\/\/kamucalisani.net\/index.php\/wp-json\/wp\/v2\/posts\/134326\/revisions"}],"predecessor-version":[{"id":134328,"href":"https:\/\/kamucalisani.net\/index.php\/wp-json\/wp\/v2\/posts\/134326\/revisions\/134328"}],"wp:featuredmedia":[{"embeddable":true,"href":"https:\/\/kamucalisani.net\/index.php\/wp-json\/wp\/v2\/media\/134327"}],"wp:attachment":[{"href":"https:\/\/kamucalisani.net\/index.php\/wp-json\/wp\/v2\/media?parent=134326"}],"wp:term":[{"taxonomy":"category","embeddable":true,"href":"https:\/\/kamucalisani.net\/index.php\/wp-json\/wp\/v2\/categories?post=134326"},{"taxonomy":"post_tag","embeddable":true,"href":"https:\/\/kamucalisani.net\/index.php\/wp-json\/wp\/v2\/tags?post=134326"}],"curies":[{"name":"wp","href":"https:\/\/api.w.org\/{rel}","templated":true}]}}