{"id":134509,"date":"2025-10-30T10:30:10","date_gmt":"2025-10-30T10:30:10","guid":{"rendered":"https:\/\/kamucalisani.net\/?p=134509"},"modified":"2025-10-30T10:30:10","modified_gmt":"2025-10-30T10:30:10","slug":"fenerbahcede-cenk-tosun-icin-surpriz-iddia-transferde-aboubakar-kozu","status":"publish","type":"post","link":"https:\/\/kamucalisani.net\/index.php\/2025\/10\/30\/fenerbahcede-cenk-tosun-icin-surpriz-iddia-transferde-aboubakar-kozu\/","title":{"rendered":"Fenerbah\u00e7e&#8217;de Cenk Tosun i\u00e7in s\u00fcrpriz iddia! Transferde Aboubakar kozu"},"content":{"rendered":"<p><p>Fenerbah\u00e7e&#8217;den 12 Ekim Pazar g\u00fcn\u00fc yap\u0131lan a\u00e7\u0131klamada \u0130rfan Can Kahveci ve Cenk Tosun&#8217;\u0131n kadro d\u0131\u015f\u0131 b\u0131rak\u0131ld\u0131\u011f\u0131 duyurulmu\u015ftu. Cenk Tosun&#8217;un gelece\u011fiyle ilgili s\u00fcrpriz bir iddia ortaya at\u0131ld\u0131.\u00a0<\/p>\n<p><strong>AYRILI\u011eA SICAK BAKIYORLAR<\/strong><\/p>\n<p>\u0130ki y\u0131ld\u0131z af karar\u0131n\u0131n \u00e7\u0131kmamas\u0131 durumunda devre aras\u0131nda ba\u015fka tak\u0131mlara transfer olma fikrine s\u0131cak bak\u0131yor. Sar\u0131-Lacivertliler&#8217;in y\u0131ld\u0131zlar\u0131 \u0130rfan Can Kahveci bu sezon 12 ma\u00e7ta forma giydi ve skora katk\u0131 yapamad\u0131. Cenk Tosun ise 7 ma\u00e7ta 1 asisti var.\u00a0<\/p>\n<p><strong>CENK&#8217;TEN NEFT\u00c7\u0130 BAK\u00dc&#8217;YE YE\u015e\u0130L I\u015eIK<\/strong><\/p>\n<p>Fenerbah\u00e7e&#8217;de kadro d\u0131\u015f\u0131 b\u0131rak\u0131lan Cenk Tosun&#8217;un kariyerine Azerbaycan&#8217;da devam edebilece\u011fi iddia edildi. Azerbaycan&#8217;\u0131n Azertag ajans\u0131nda yer alan habere g\u00f6re sar\u0131-lacivetlilerde kadrodan \u00e7\u0131kar\u0131lan 34 ya\u015f\u0131ndaki golc\u00fc, yeni bir tak\u0131m ar\u0131yor.<\/p>\n<p>Cenk Tosun&#8217;un bu ba\u011flamda Neft\u00e7i Bak\u00fc ekibine transfer olmak istedi\u011fi belirtildi. Deneyimli forvetin, Be\u015fikta\u015f&#8217;ta birlikte forma giydi\u011fi Vincent Aboubakar&#8217;\u0131n Bak\u00fc ekibine transferinin ard\u0131ndan Misli Premier Lig&#8217;de oynama konusunda olumlu g\u00f6r\u00fc\u015f belirtti\u011fi bildirildi.\u00a0<\/p>\n<div>\n<div><img decoding=\"async\" src=\"https:\/\/kamucalisani.net\/wp-content\/uploads\/2025\/10\/fenerbahcede-cenk-tosun-icin-surpriz-iddia-transferde-aboubakar-kozu-0-8Y2CnEeW.jpg\"\/><\/div>\n<\/div>\n<p><strong>ABOUBAKAR ETK\u0130S\u0130<\/strong><\/p>\n<p>Kamerunlu forvetle iyi bir ili\u015fkisi oldu\u011funa vurgu yap\u0131lan T\u00fcrk futbolcunun, onunla tekrar tak\u0131m arkada\u015f\u0131 olmak istedi\u011fi ifade edildi. Fenerbah\u00e7e&#8217;de 29 ma\u00e7ta oynayan 2 gol, 2 asist yapan Cenk, Be\u015fikta\u015f&#8217;ta 227 kar\u015f\u0131la\u015fmada 96 gol att\u0131, 30 gol pas\u0131 verdi. Cenk&#8217;in milli tak\u0131m karnesi ise 53 ma\u00e7ta 21 gol.<\/p>\n<p><strong>U17 \u0130LE \u0130DMANA \u00c7IKIYORLAR<\/strong><\/p>\n<p>Fenerbah\u00e7e&#8217;de milli y\u0131ld\u0131z \u0130rfan Can Kahveci ve Cenk Tosun U17 ile antrenmanlara \u00e7\u0131k\u0131yor. Kadro d\u0131\u015f\u0131 kalan her iki futbolcuya antren\u00f6r Tayfun seven e\u015flik ediyor<\/p>\n\n<p><\/p>\n<p>Kaynak :\u00a0<span style=\"background-color: rgb(255, 249, 236); color: rgb(55, 58, 60); font-size: 14px;\">http:\/\/www.milliyet.com.tr\/skorer\/fenerbahcede-cenk-tosun-icin-surpriz-iddia-transferde-aboubakar-kozu-7474000<\/span><\/p>\n","protected":false},"excerpt":{"rendered":"<p>Fenerbah\u00e7e&#8217;de ge\u00e7ti\u011fimiz haftalarda \u0130rfan Can Kahveci ile birlikte kadro d\u0131\u015f\u0131 kalan Cenk Tosun&#8217;un yeni adresi ile ilgili s\u00fcrpriz bir iddia g\u00fcndeme geldi.<\/p>\n","protected":false},"author":1,"featured_media":134510,"comment_status":"open","ping_status":"open","sticky":false,"template":"","format":"standard","meta":{"footnotes":""},"categories":[7],"tags":[6343,289],"class_list":["post-134509","post","type-post","status-publish","format-standard","has-post-thumbnail","hentry","category-spor","tag-cenk-tosun","tag-gol"],"_links":{"self":[{"href":"https:\/\/kamucalisani.net\/index.php\/wp-json\/wp\/v2\/posts\/134509","targetHints":{"allow":["GET"]}}],"collection":[{"href":"https:\/\/kamucalisani.net\/index.php\/wp-json\/wp\/v2\/posts"}],"about":[{"href":"https:\/\/kamucalisani.net\/index.php\/wp-json\/wp\/v2\/types\/post"}],"author":[{"embeddable":true,"href":"https:\/\/kamucalisani.net\/index.php\/wp-json\/wp\/v2\/users\/1"}],"replies":[{"embeddable":true,"href":"https:\/\/kamucalisani.net\/index.php\/wp-json\/wp\/v2\/comments?post=134509"}],"version-history":[{"count":1,"href":"https:\/\/kamucalisani.net\/index.php\/wp-json\/wp\/v2\/posts\/134509\/revisions"}],"predecessor-version":[{"id":134512,"href":"https:\/\/kamucalisani.net\/index.php\/wp-json\/wp\/v2\/posts\/134509\/revisions\/134512"}],"wp:featuredmedia":[{"embeddable":true,"href":"https:\/\/kamucalisani.net\/index.php\/wp-json\/wp\/v2\/media\/134510"}],"wp:attachment":[{"href":"https:\/\/kamucalisani.net\/index.php\/wp-json\/wp\/v2\/media?parent=134509"}],"wp:term":[{"taxonomy":"category","embeddable":true,"href":"https:\/\/kamucalisani.net\/index.php\/wp-json\/wp\/v2\/categories?post=134509"},{"taxonomy":"post_tag","embeddable":true,"href":"https:\/\/kamucalisani.net\/index.php\/wp-json\/wp\/v2\/tags?post=134509"}],"curies":[{"name":"wp","href":"https:\/\/api.w.org\/{rel}","templated":true}]}}