{"id":134773,"date":"2025-10-30T16:18:11","date_gmt":"2025-10-30T16:18:11","guid":{"rendered":"https:\/\/kamucalisani.net\/?p=134773"},"modified":"2025-10-30T16:18:11","modified_gmt":"2025-10-30T16:18:11","slug":"tbmm-baskanligindan-milli-dayanisma-kardeslik-ve-demokrasi-komisyonunun-irlanda-ziyareti-iddiasina-cevap","status":"publish","type":"post","link":"https:\/\/kamucalisani.net\/index.php\/2025\/10\/30\/tbmm-baskanligindan-milli-dayanisma-kardeslik-ve-demokrasi-komisyonunun-irlanda-ziyareti-iddiasina-cevap\/","title":{"rendered":"TBMM Ba\u015fkanl\u0131\u011f\u0131ndan &#8216;Milli Dayan\u0131\u015fma, Karde\u015flik ve Demokrasi Komisyonu\u2019nun \u0130rlanda ziyareti&#8217; iddias\u0131na cevap"},"content":{"rendered":"<p><p>TBMM Ba\u015fkanl\u0131\u011f\u0131n\u0131n resmi sosyal medya hesab\u0131ndan yap\u0131lan a\u00e7\u0131klamada, \u015fu ifadelere yer verildi:<\/p>\n<p>&#8220;Milli Dayan\u0131\u015fma, Karde\u015flik ve Demokrasi Komisyonu&#8217;nun \u0130rlanda&#8217;ya y\u00f6nelik bir ziyaret ger\u00e7ekle\u015ftirece\u011fine dair \u00e7e\u015fitli iddialar g\u00fcndeme gelmi\u015ftir. Kamuoyunun do\u011fru bilgilendirilmesi ad\u0131na belirtmek isteriz ki, s\u00f6z konusu ziyaretin Komisyonumuzun resmi \u00e7al\u0131\u015fmalar\u0131yla hi\u00e7bir ilgisi bulunmamaktad\u0131r. Bu program\u0131n, bir sivil toplum kurulu\u015funun daveti \u00fczerine Komisyon \u00fcyesi baz\u0131 milletvekillerinin tamamen kendi \u015fahsi inisiyatifleri ve ki\u015fisel takvimleri \u00e7er\u00e7evesinde planland\u0131\u011f\u0131 anla\u015f\u0131lmaktad\u0131r. &#8220;<\/p>\n<p>\u00a0<\/p>\n\n<p><\/p>\n<p>Kaynak :\u00a0<span style=\"background-color: rgb(255, 249, 236); color: rgb(55, 58, 60); font-size: 14px;\">http:\/\/www.milliyet.com.tr\/gundem\/tbmm-baskanligindan-milli-dayanisma-kardeslik-ve-demokrasi-komisyonunun-irlanda-ziyareti-iddiasina-cevap-7474232<\/span><\/p>\n","protected":false},"excerpt":{"rendered":"<p>TBMM Ba\u015fkanl\u0131\u011f\u0131ndan, Milli Dayan\u0131\u015fma, Karde\u015flik ve Demokrasi Komisyonu&#8217;nun \u0130rlanda&#8217;ya resmi ziyaret ger\u00e7ekle\u015ftirece\u011fi iddias\u0131na ili\u015fkin, &#8220;S\u00f6z konusu ziyaretin Komisyonumuzun resmi \u00e7al\u0131\u015fmalar\u0131yla hi\u00e7bir ilgisi bulunmamaktad\u0131r. Bu program\u0131n, bir sivil toplum kurulu\u015funun daveti \u00fczerine Komisyon \u00fcyesi baz\u0131 milletvekillerinin tamamen kendi \u015fahsi inisiyatifleri ve ki\u015fisel takvimleri \u00e7er\u00e7evesinde planland\u0131\u011f\u0131 anla\u015f\u0131lmaktad\u0131r.&#8221; ifadeleri kullan\u0131ld\u0131.<\/p>\n","protected":false},"author":1,"featured_media":134774,"comment_status":"open","ping_status":"open","sticky":false,"template":"","format":"standard","meta":{"footnotes":""},"categories":[3],"tags":[],"class_list":["post-134773","post","type-post","status-publish","format-standard","has-post-thumbnail","hentry","category-guncel"],"_links":{"self":[{"href":"https:\/\/kamucalisani.net\/index.php\/wp-json\/wp\/v2\/posts\/134773","targetHints":{"allow":["GET"]}}],"collection":[{"href":"https:\/\/kamucalisani.net\/index.php\/wp-json\/wp\/v2\/posts"}],"about":[{"href":"https:\/\/kamucalisani.net\/index.php\/wp-json\/wp\/v2\/types\/post"}],"author":[{"embeddable":true,"href":"https:\/\/kamucalisani.net\/index.php\/wp-json\/wp\/v2\/users\/1"}],"replies":[{"embeddable":true,"href":"https:\/\/kamucalisani.net\/index.php\/wp-json\/wp\/v2\/comments?post=134773"}],"version-history":[{"count":1,"href":"https:\/\/kamucalisani.net\/index.php\/wp-json\/wp\/v2\/posts\/134773\/revisions"}],"predecessor-version":[{"id":134775,"href":"https:\/\/kamucalisani.net\/index.php\/wp-json\/wp\/v2\/posts\/134773\/revisions\/134775"}],"wp:featuredmedia":[{"embeddable":true,"href":"https:\/\/kamucalisani.net\/index.php\/wp-json\/wp\/v2\/media\/134774"}],"wp:attachment":[{"href":"https:\/\/kamucalisani.net\/index.php\/wp-json\/wp\/v2\/media?parent=134773"}],"wp:term":[{"taxonomy":"category","embeddable":true,"href":"https:\/\/kamucalisani.net\/index.php\/wp-json\/wp\/v2\/categories?post=134773"},{"taxonomy":"post_tag","embeddable":true,"href":"https:\/\/kamucalisani.net\/index.php\/wp-json\/wp\/v2\/tags?post=134773"}],"curies":[{"name":"wp","href":"https:\/\/api.w.org\/{rel}","templated":true}]}}