{"id":135032,"date":"2025-10-31T06:24:10","date_gmt":"2025-10-31T06:24:10","guid":{"rendered":"https:\/\/kamucalisani.net\/?p=135032"},"modified":"2025-10-31T06:24:10","modified_gmt":"2025-10-31T06:24:10","slug":"kuyumcudaki-soygun-kamerada-7-kilo-altin-boyle-calindi","status":"publish","type":"post","link":"https:\/\/kamucalisani.net\/index.php\/2025\/10\/31\/kuyumcudaki-soygun-kamerada-7-kilo-altin-boyle-calindi\/","title":{"rendered":"Kuyumcudaki soygun kamerada! 7 kilo alt\u0131n b\u00f6yle \u00e7al\u0131nd\u0131"},"content":{"rendered":"<p><p>\u0130l Emniyet M\u00fcd\u00fcrl\u00fc\u011f\u00fc Asayi\u015f \u015eube M\u00fcd\u00fcrl\u00fc\u011f\u00fc ekipleri, 25 Ekim\u2019de, bir kuyumcudan alt\u0131n ve ziynet e\u015fyas\u0131 \u00e7alanlara y\u00f6nelik operasyon ba\u015flatt\u0131. Ekipler, incelemeleri sonucunda sahte plakal\u0131 ve maskeli 3 ki\u015finin olay\u0131 ger\u00e7ekle\u015ftirdi\u011fini belirledi. \u015e\u00fcphelilerin, olaydan \u00f6nce \u0130stanbul\u2019dan Ankara\u2019ya ke\u015fif i\u00e7in geldi\u011fi, 3 kez plaka de\u011fi\u015ftirdi\u011fi ve i\u015f yerinin kumandas\u0131n\u0131 kopyalad\u0131\u011f\u0131 da saptand\u0131.<\/p>\n<div>\n<div><img decoding=\"async\" src=\"https:\/\/kamucalisani.net\/wp-content\/uploads\/2025\/10\/kuyumcudaki-soygun-kamerada-7-kilo-altin-boyle-calindi-0-p5Mj8yj3.jpg\"\/><\/div>\n<\/div>\n<p>\u0130stanbul ve Ankara\u2019da yap\u0131lan operasyonlarda 8 \u015f\u00fcpheli g\u00f6zalt\u0131na al\u0131n\u0131rken, \u00e7al\u0131nan 7 kilo a\u011f\u0131rl\u0131\u011f\u0131nda, 20 milyon TL de\u011ferinde alt\u0131n ve ziynet e\u015fyas\u0131 ele ge\u00e7irildi. H\u0131rs\u0131zl\u0131k an\u0131 ise g\u00fcvenlik kameras\u0131 taraf\u0131ndan kaydedildi. Olaya ili\u015fkin soru\u015fturma devam ediyor<\/p>\n\n<p><\/p>\n<p>Kaynak :\u00a0<span style=\"background-color: rgb(255, 249, 236); color: rgb(55, 58, 60); font-size: 14px;\">http:\/\/www.milliyet.com.tr\/gundem\/kuyumcudaki-soygun-kamerada-7-kilo-altin-boyle-calindi-7474393<\/span><\/p>\n","protected":false},"excerpt":{"rendered":"<p>Ankara&#8217;da kuyumcu d\u00fckkan\u0131ndan \u00e7al\u0131nan yakla\u015f\u0131k 7 kilogram alt\u0131n ve ziynet e\u015fyas\u0131, polis taraf\u0131ndan ele ge\u00e7irildi.<\/p>\n","protected":false},"author":1,"featured_media":135033,"comment_status":"open","ping_status":"open","sticky":false,"template":"","format":"standard","meta":{"footnotes":""},"categories":[3],"tags":[],"class_list":["post-135032","post","type-post","status-publish","format-standard","has-post-thumbnail","hentry","category-guncel"],"_links":{"self":[{"href":"https:\/\/kamucalisani.net\/index.php\/wp-json\/wp\/v2\/posts\/135032","targetHints":{"allow":["GET"]}}],"collection":[{"href":"https:\/\/kamucalisani.net\/index.php\/wp-json\/wp\/v2\/posts"}],"about":[{"href":"https:\/\/kamucalisani.net\/index.php\/wp-json\/wp\/v2\/types\/post"}],"author":[{"embeddable":true,"href":"https:\/\/kamucalisani.net\/index.php\/wp-json\/wp\/v2\/users\/1"}],"replies":[{"embeddable":true,"href":"https:\/\/kamucalisani.net\/index.php\/wp-json\/wp\/v2\/comments?post=135032"}],"version-history":[{"count":1,"href":"https:\/\/kamucalisani.net\/index.php\/wp-json\/wp\/v2\/posts\/135032\/revisions"}],"predecessor-version":[{"id":135035,"href":"https:\/\/kamucalisani.net\/index.php\/wp-json\/wp\/v2\/posts\/135032\/revisions\/135035"}],"wp:featuredmedia":[{"embeddable":true,"href":"https:\/\/kamucalisani.net\/index.php\/wp-json\/wp\/v2\/media\/135033"}],"wp:attachment":[{"href":"https:\/\/kamucalisani.net\/index.php\/wp-json\/wp\/v2\/media?parent=135032"}],"wp:term":[{"taxonomy":"category","embeddable":true,"href":"https:\/\/kamucalisani.net\/index.php\/wp-json\/wp\/v2\/categories?post=135032"},{"taxonomy":"post_tag","embeddable":true,"href":"https:\/\/kamucalisani.net\/index.php\/wp-json\/wp\/v2\/tags?post=135032"}],"curies":[{"name":"wp","href":"https:\/\/api.w.org\/{rel}","templated":true}]}}