{"id":135532,"date":"2025-10-31T20:12:13","date_gmt":"2025-10-31T20:12:13","guid":{"rendered":"https:\/\/kamucalisani.net\/?p=135532"},"modified":"2025-10-31T20:12:13","modified_gmt":"2025-10-31T20:12:13","slug":"istanbul-senin-uygulamasinda-veri-sizintisi-sorusturmasi-4-supheli-tutuklandi","status":"publish","type":"post","link":"https:\/\/kamucalisani.net\/index.php\/2025\/10\/31\/istanbul-senin-uygulamasinda-veri-sizintisi-sorusturmasi-4-supheli-tutuklandi\/","title":{"rendered":"&#8216;\u0130stanbul Senin&#8217; uygulamas\u0131nda veri s\u0131z\u0131nt\u0131s\u0131 soru\u015fturmas\u0131! 4 \u015f\u00fcpheli tutukland\u0131"},"content":{"rendered":"<p><p>\u0130stanbul Cumhuriyet Ba\u015fsavc\u0131l\u0131\u011f\u0131nca &#8220;\u0130stanbul Senin&#8221; uygulamas\u0131 \u00fczerinden 4,7 milyon kullan\u0131c\u0131n\u0131n ki\u015fisel verileri ile konum bilgilerinin iki \u00fclkeye s\u0131zd\u0131r\u0131ld\u0131\u011f\u0131 iddias\u0131na ili\u015fkin ba\u015flat\u0131lan soru\u015fturmada g\u00f6zalt\u0131na al\u0131nan 5 \u015f\u00fcphelinin emniyetteki i\u015flemleri tamamland\u0131.<\/p>\n<p>\u015e\u00fcpheliler sa\u011fl\u0131k kontrollerinin ard\u0131ndan \u00c7a\u011flayan&#8217;daki \u0130stanbul Adliyesi&#8217;ne sevk edildi.<\/p>\n<p>Savc\u0131l\u0131k 4 \u015f\u00fcpheli hakk\u0131nda tutuklama, 1 zanl\u0131 hakk\u0131nda ise adli kontrol tedbiri uygulanmas\u0131n\u0131 talep etti.<\/p>\n<p>Sulh ceza hakimli\u011fi, 4 \u015f\u00fcphelinin tutuklanmas\u0131na, 1 \u015f\u00fcpheli hakk\u0131nda ise adli kontrol tedbiri uygulanmas\u0131na karar verdi.<\/p>\n<p><strong>SORU\u015eTURMA<\/strong><\/p>\n<p>Soru\u015fturma kapsam\u0131nda, &#8220;\u0130BB Hanem&#8221; alt uygulamas\u0131nda, 11 milyon vatanda\u015f\u0131n sand\u0131k verilerinin i\u015flenip, program d\u0131\u015f\u0131na s\u0131zd\u0131r\u0131lmas\u0131 iddias\u0131yla ilgili ifadelerde ad\u0131 ge\u00e7en, \u00f6rg\u00fct y\u00f6neticileriyle ili\u015fkisi belirlenen, verilerin i\u015flenmesi ile yurt d\u0131\u015f\u0131na g\u00f6nderilmesinde dahli bulundu\u011fu anla\u015f\u0131lan 5 zanl\u0131 daha tespit edilmi\u015fti.<\/p>\n<p>\u015e\u00fcphelilerden ikisinin \u0130BB Ak\u0131ll\u0131 \u015eehircilik Daire Ba\u015fkanl\u0131\u011f\u0131nda, di\u011fer zanl\u0131lar\u0131n ise \u0130leti\u015fim Koordinasyon Merkezi&#8217;nde g\u00f6revli oldu\u011fu anla\u015f\u0131lm\u0131\u015ft\u0131.<\/p>\n<p>Savc\u0131l\u0131k taraf\u0131ndan \u015f\u00fcpheliler hakk\u0131nda &#8220;ki\u015fisel verileri hukuka ayk\u0131r\u0131 olarak yayma&#8221; ve &#8220;su\u00e7 \u00f6rg\u00fct\u00fcne \u00fcye olmak&#8221; su\u00e7lar\u0131ndan g\u00f6zalt\u0131 karar\u0131 verilmi\u015fti.<\/p>\n<p>Bu kapsamda 5 \u015f\u00fcpheli g\u00f6zalt\u0131na al\u0131nm\u0131\u015ft\u0131.<\/p>\n<p>\u00a0<\/p>\n<p><strong>BA\u015eSAVCILI\u011eIN \u0130LK A\u00c7IKLAMASI<\/strong><\/p>\n<p>\u0130stanbul Cumhuriyet Ba\u015fsavc\u0131l\u0131\u011f\u0131ndan yap\u0131lan a\u00e7\u0131klamada, Ekrem \u0130mamo\u011flu&#8217;nun eleba\u015f\u0131 oldu\u011fu iddia edilen \u00e7\u0131kar ama\u00e7l\u0131 su\u00e7 \u00f6rg\u00fct\u00fcn\u00fcn faaliyet ve eylemlerine ili\u015fkin y\u00fcr\u00fct\u00fclen soru\u015fturma kapsam\u0131nda, s\u00f6z konusu uygulama \u00fczerinden 4,7 milyon kullan\u0131c\u0131n\u0131n ki\u015fisel verileri ile konum bilgilerinin iki \u00fclkeye s\u0131zd\u0131r\u0131ld\u0131\u011f\u0131n\u0131n, bu kullan\u0131c\u0131lar\u0131n ki\u015fisel verileri ile konum bilgilerinin &#8220;darkweb&#8221;te sat\u0131\u015fa \u00e7\u0131kar\u0131ld\u0131\u011f\u0131n\u0131n, ayn\u0131 uygulamada yer alan &#8220;\u0130BB Hanem&#8221; isimli alt uygulamada 11 milyon vatanda\u015f\u0131n sand\u0131k verilerinin i\u015flenerek, program d\u0131\u015f\u0131na s\u0131zd\u0131r\u0131ld\u0131\u011f\u0131n\u0131n belirlendi\u011fi kaydedilmi\u015fti.<\/p>\n<p>S\u00f6z konusu tespitlerle ilgili olarak programlarda y\u00f6netici olan, \u0130BB i\u015ftiraki \u015firketlerin de aras\u0131nda oldu\u011fu 6 \u015firkette y\u00f6neticilik yapan, ad\u0131 ge\u00e7en \u00f6rg\u00fct y\u00f6neticileriyle ili\u015fkisi tespit edilen 13 \u015f\u00fcpheli ile firari \u00f6rg\u00fct y\u00f6neticisi Murat G\u00fclibrahimo\u011flu&#8217;nun \u015firketlerine naylon fatura kesme eylemlerine i\u015ftirak ettikleri anla\u015f\u0131lan 2 \u015f\u00fcphelinin de aralar\u0131nda oldu\u011fu toplam 15 \u015f\u00fcpheli hakk\u0131nda, &#8220;ki\u015fisel verileri hukuka ayk\u0131r\u0131 olarak ele ge\u00e7irmek&#8221;, &#8220;Vergi Usul Kanunu&#8217;na muhalefet&#8221; ve &#8220;Ekrem \u0130mamo\u011flu \u00e7\u0131kar ama\u00e7l\u0131 su\u00e7 \u00f6rg\u00fct\u00fcne \u00fcye olmak&#8221; su\u00e7lar\u0131ndan g\u00f6zalt\u0131 karar\u0131 verildi\u011fi aktar\u0131lan a\u00e7\u0131klamada zanl\u0131lar\u0131n tamam\u0131n\u0131n yakaland\u0131\u011f\u0131 belirtilmi\u015fti.<\/p>\n<p>Bu kapsamda g\u00f6zalt\u0131na al\u0131nan 15 \u015f\u00fcpheliden 6&#8217;s\u0131 tutuklanm\u0131\u015ft\u0131. Hakimlik 9 \u015f\u00fcpheli hakk\u0131nda ise adli kontrol tedbiri uygulam\u0131\u015ft\u0131.<\/p>\n\n<p><\/p>\n<p>Kaynak :\u00a0<span style=\"background-color: rgb(255, 249, 236); color: rgb(55, 58, 60); font-size: 14px;\">http:\/\/www.milliyet.com.tr\/gundem\/istanbul-senin-uygulamasinda-veri-sizintisi-sorusturmasi-4-supheli-tutuklandi-7474923<\/span><\/p>\n","protected":false},"excerpt":{"rendered":"<p>\u0130stanbul B\u00fcy\u00fck\u015fehir Belediyesine (\u0130BB) y\u00f6nelik yolsuzluk soru\u015fturmas\u0131 kapsam\u0131nda, &#8220;\u0130stanbul Senin&#8221; uygulamas\u0131 \u00fczerinden 4,7 milyon kullan\u0131c\u0131n\u0131n ki\u015fisel verileri ile konum bilgilerinin iki \u00fclkeye s\u0131zd\u0131r\u0131ld\u0131\u011f\u0131 iddias\u0131yla y\u00fcr\u00fct\u00fclen soru\u015fturmada g\u00f6zalt\u0131na al\u0131nan 5 \u015f\u00fcpheliden 4&#8217;\u00fc tutukland\u0131.<\/p>\n","protected":false},"author":1,"featured_media":135533,"comment_status":"open","ping_status":"open","sticky":false,"template":"","format":"standard","meta":{"footnotes":""},"categories":[3],"tags":[473,279,644,731,6246],"class_list":["post-135532","post","type-post","status-publish","format-standard","has-post-thumbnail","hentry","category-guncel","tag-hakkinda","tag-orgut","tag-supheli","tag-uygulama","tag-yonetici"],"_links":{"self":[{"href":"https:\/\/kamucalisani.net\/index.php\/wp-json\/wp\/v2\/posts\/135532","targetHints":{"allow":["GET"]}}],"collection":[{"href":"https:\/\/kamucalisani.net\/index.php\/wp-json\/wp\/v2\/posts"}],"about":[{"href":"https:\/\/kamucalisani.net\/index.php\/wp-json\/wp\/v2\/types\/post"}],"author":[{"embeddable":true,"href":"https:\/\/kamucalisani.net\/index.php\/wp-json\/wp\/v2\/users\/1"}],"replies":[{"embeddable":true,"href":"https:\/\/kamucalisani.net\/index.php\/wp-json\/wp\/v2\/comments?post=135532"}],"version-history":[{"count":1,"href":"https:\/\/kamucalisani.net\/index.php\/wp-json\/wp\/v2\/posts\/135532\/revisions"}],"predecessor-version":[{"id":135534,"href":"https:\/\/kamucalisani.net\/index.php\/wp-json\/wp\/v2\/posts\/135532\/revisions\/135534"}],"wp:featuredmedia":[{"embeddable":true,"href":"https:\/\/kamucalisani.net\/index.php\/wp-json\/wp\/v2\/media\/135533"}],"wp:attachment":[{"href":"https:\/\/kamucalisani.net\/index.php\/wp-json\/wp\/v2\/media?parent=135532"}],"wp:term":[{"taxonomy":"category","embeddable":true,"href":"https:\/\/kamucalisani.net\/index.php\/wp-json\/wp\/v2\/categories?post=135532"},{"taxonomy":"post_tag","embeddable":true,"href":"https:\/\/kamucalisani.net\/index.php\/wp-json\/wp\/v2\/tags?post=135532"}],"curies":[{"name":"wp","href":"https:\/\/api.w.org\/{rel}","templated":true}]}}