{"id":135573,"date":"2025-11-01T01:12:10","date_gmt":"2025-11-01T01:12:10","guid":{"rendered":"https:\/\/kamucalisani.net\/?p=135573"},"modified":"2025-11-01T01:12:10","modified_gmt":"2025-11-01T01:12:10","slug":"istanbulda-korkunc-olay-aile-ici-kavgada-cinnet-getiren-adam-oglunu-ve-kardesini-oldurdu","status":"publish","type":"post","link":"https:\/\/kamucalisani.net\/index.php\/2025\/11\/01\/istanbulda-korkunc-olay-aile-ici-kavgada-cinnet-getiren-adam-oglunu-ve-kardesini-oldurdu\/","title":{"rendered":"\u0130stanbul&#8217;da korkun\u00e7 olay! Aile i\u00e7i kavgada cinnet getiren adam, o\u011flunu ve karde\u015fini \u00f6ld\u00fcrd\u00fc"},"content":{"rendered":"<p><p>Olay 21.00 s\u0131ralar\u0131nda Atakent Mahallesi G\u00fclery\u00fcz Sokak&#8217;ta bulunan bir apartmanda meydana geldi. Edinilen bilgiye g\u00f6re sinir hastas\u0131 oldu\u011fu \u00f6\u011frenilen Fatih Y. o\u011fullar\u0131 ile tart\u0131\u015fmaya ba\u015flad\u0131. Tart\u0131\u015fma esnas\u0131nda cinnet ge\u00e7iren adam 9 ya\u015f\u0131ndaki o\u011flu H.Y.Y&#8217;yi b\u0131\u00e7aklad\u0131. B\u00fcy\u00fck o\u011flu durumu amcas\u0131na bildirip yard\u0131m istedi. Eve gelen Metin Y. olaya m\u00fcdahale ederken abisi taraf\u0131ndan b\u0131\u00e7akland\u0131. O\u011flunu ve erkek karde\u015fini b\u0131\u00e7aklayan adam daha sonra olay yerinden ka\u00e7t\u0131.\u00a0<\/p>\n<p>\u0130hbar \u00fczerine olay yerine polis ve sa\u011fl\u0131k ekipleri sevk edildi. Sa\u011fl\u0131k ekipleri taraf\u0131ndan yap\u0131lan incelemede yaral\u0131lar\u0131n hayat\u0131n\u0131 kaybetti\u011fi belirlendi.<\/p>\n<section>\n<div>\n<div>\n<div>\n<div>\n<div><img decoding=\"async\" src=\"https:\/\/kamucalisani.net\/wp-content\/uploads\/2025\/11\/istanbulda-korkunc-olay-aile-ici-kavgada-cinnet-getiren-adam-oglunu-ve-kardesini-oldurdu-0-9I7vStgX.jpg\"\/><\/div>\n<div><span><span><b>1\/<\/b><em>4<\/em><\/span><\/span><\/div>\n<\/div>\n<div>\n<div><img decoding=\"async\" src=\"https:\/\/kamucalisani.net\/wp-content\/uploads\/2025\/11\/istanbulda-korkunc-olay-aile-ici-kavgada-cinnet-getiren-adam-oglunu-ve-kardesini-oldurdu-1-jfWJizpI.jpg\"\/><\/div>\n<div><span><span><b>2\/<\/b><em>4<\/em><\/span><\/span><\/div>\n<\/div>\n<div>\n<div><img decoding=\"async\" src=\"https:\/\/kamucalisani.net\/wp-content\/uploads\/2025\/11\/istanbulda-korkunc-olay-aile-ici-kavgada-cinnet-getiren-adam-oglunu-ve-kardesini-oldurdu-2-LRdYwgwX.jpg\"\/><\/div>\n<div><span><span><b>3\/<\/b><em>4<\/em><\/span><\/span><\/div>\n<\/div>\n<div>\n<div><img decoding=\"async\" src=\"https:\/\/kamucalisani.net\/wp-content\/uploads\/2025\/11\/istanbulda-korkunc-olay-aile-ici-kavgada-cinnet-getiren-adam-oglunu-ve-kardesini-oldurdu-3-9epQrGUa.jpg\"\/><\/div>\n<div><span><span><b>4\/<\/b><em>4<\/em><\/span><\/span><\/div>\n<\/div>\n<\/div>\n<\/div>\n<\/div>\n<\/section>\n<p><strong>G\u00d6ZALTINA ALINDI<\/strong><\/p>\n<p>Olay yeri inceleme ekipleri soka\u011fa \u015ferit \u00e7ekerek g\u00fcvenlik \u00f6nlemi al\u0131p inceleme \u00e7al\u0131\u015fmalar\u0131 yapt\u0131. Ekiplerin \u00e7al\u0131\u015fmalar\u0131n\u0131n ard\u0131ndan cenazeler cenaze arac\u0131na konularak Adli T\u0131p Morguna g\u00f6t\u00fcr\u00fcld\u00fc. Polis ekipleri ka\u00e7an \u015fahs\u0131 yakalamak i\u00e7in \u00e7al\u0131\u015fma ba\u015flatt\u0131 ve k\u0131sa s\u00fcrece g\u00f6zalt\u0131na al\u0131nd\u0131.<\/p>\n<p><strong>&#8220;PS\u0130KOLOJ\u0130K PROBLEMLER\u0130 VARDI&#8221;<\/strong><\/p>\n<p>Olayla ilgili konu\u015fan Halime G\u00fcng\u00f6r &#8220;Beyefendi zaten psikolojik olarak problemliydi. Ailecek kavgalar\u0131 oluyordu, sesleri geliyordu. E\u015fi ve k\u0131z\u0131 san\u0131r\u0131m cenazeye gitmi\u015fler. Baba o\u011fluyla kavga ederken k\u00fc\u00e7\u00fck o\u011flunu katletmi\u015f. B\u00fcy\u00fck abi amcaya haber vermek i\u00e7in a\u015fa\u011f\u0131 iniyor. Amca m\u00fcdahale ederken abisi erkek karde\u015fini b\u0131\u00e7aklayarak \u00f6ld\u00fcr\u00fcyor. Sonra olay yerinden ka\u00e7\u0131yor.&#8221; dedi.<\/p>\n\n<p><\/p>\n<p>Kaynak :\u00a0<span style=\"background-color: rgb(255, 249, 236); color: rgb(55, 58, 60); font-size: 14px;\">http:\/\/www.milliyet.com.tr\/gundem\/istanbulda-korkunc-olay-aile-ici-kavgada-cinnet-getiren-adam-oglunu-ve-kardesini-oldurdu-7475044<\/span><\/p>\n","protected":false},"excerpt":{"rendered":"<p>\u0130stanbul Atakent Mahallesi&#8217;nde sinir hastas\u0131 oldu\u011fu \u00f6\u011frenilen Fatih Y., o\u011fullar\u0131yla girdi\u011fi tart\u0131\u015fma esnas\u0131nda cinnet getirdi. 9 ya\u015f\u0131ndaki o\u011flu H.Y.Y.&#8217;yi b\u0131\u00e7aklayan Fatih Y., olaya m\u00fcdahale etmek i\u00e7in gelen karde\u015fi Metin Y.&#8217;yi de b\u0131\u00e7aklayarak \u00f6ld\u00fcrd\u00fc.<\/p>\n","protected":false},"author":1,"featured_media":135574,"comment_status":"open","ping_status":"open","sticky":false,"template":"","format":"standard","meta":{"footnotes":""},"categories":[3],"tags":[540,377],"class_list":["post-135573","post","type-post","status-publish","format-standard","has-post-thumbnail","hentry","category-guncel","tag-oglu","tag-olay"],"_links":{"self":[{"href":"https:\/\/kamucalisani.net\/index.php\/wp-json\/wp\/v2\/posts\/135573","targetHints":{"allow":["GET"]}}],"collection":[{"href":"https:\/\/kamucalisani.net\/index.php\/wp-json\/wp\/v2\/posts"}],"about":[{"href":"https:\/\/kamucalisani.net\/index.php\/wp-json\/wp\/v2\/types\/post"}],"author":[{"embeddable":true,"href":"https:\/\/kamucalisani.net\/index.php\/wp-json\/wp\/v2\/users\/1"}],"replies":[{"embeddable":true,"href":"https:\/\/kamucalisani.net\/index.php\/wp-json\/wp\/v2\/comments?post=135573"}],"version-history":[{"count":1,"href":"https:\/\/kamucalisani.net\/index.php\/wp-json\/wp\/v2\/posts\/135573\/revisions"}],"predecessor-version":[{"id":135579,"href":"https:\/\/kamucalisani.net\/index.php\/wp-json\/wp\/v2\/posts\/135573\/revisions\/135579"}],"wp:featuredmedia":[{"embeddable":true,"href":"https:\/\/kamucalisani.net\/index.php\/wp-json\/wp\/v2\/media\/135574"}],"wp:attachment":[{"href":"https:\/\/kamucalisani.net\/index.php\/wp-json\/wp\/v2\/media?parent=135573"}],"wp:term":[{"taxonomy":"category","embeddable":true,"href":"https:\/\/kamucalisani.net\/index.php\/wp-json\/wp\/v2\/categories?post=135573"},{"taxonomy":"post_tag","embeddable":true,"href":"https:\/\/kamucalisani.net\/index.php\/wp-json\/wp\/v2\/tags?post=135573"}],"curies":[{"name":"wp","href":"https:\/\/api.w.org\/{rel}","templated":true}]}}