{"id":135632,"date":"2025-11-01T05:48:11","date_gmt":"2025-11-01T05:48:11","guid":{"rendered":"https:\/\/kamucalisani.net\/?p=135632"},"modified":"2025-11-01T05:48:11","modified_gmt":"2025-11-01T05:48:11","slug":"fenerbahcede-sadettin-saran-derbi-oncesi-harekete-gecti-besiktasi-yenersek-onumuz-daha-da-acilacak","status":"publish","type":"post","link":"https:\/\/kamucalisani.net\/index.php\/2025\/11\/01\/fenerbahcede-sadettin-saran-derbi-oncesi-harekete-gecti-besiktasi-yenersek-onumuz-daha-da-acilacak\/","title":{"rendered":"Fenerbah\u00e7e&#8217;de Sadettin Saran derbi \u00f6ncesi harekete ge\u00e7ti! &#8216;Be\u015fikta\u015f\u2019\u0131 yenersek \u00f6n\u00fcm\u00fcz daha da a\u00e7\u0131lacak&#8217;"},"content":{"rendered":"<p><p>Fenerbah\u00e7e\u2019de Ba\u015fkan Sadettin Saran derbi \u00f6ncesi teknik heyet ve oyuncularla g\u00f6r\u00fc\u015ft\u00fc. Sar\u0131-lacivertli kul\u00fcb\u00fcn patronunun, \u201c\u0130yi bir \u00e7\u0131k\u0131\u015f yakalad\u0131k. Bunu devam ettirelim. Son haftalarda ortaya koydu\u011fumuz futbolu Be\u015fikta\u015f kar\u015f\u0131s\u0131nda da s\u00fcrd\u00fcr\u00fcrken galibiyete ula\u015fan taraf biz oluruz\u201d dedi\u011fi \u00f6\u011frenildi.<\/p>\n<p>Fenerbah\u00e7e\u2019de g\u00f6reve geldi\u011fi ilk g\u00fcnden itibaren hem teknik heyete hem de futbolculara deste\u011fini bir an olsun kesmeyen Ba\u015fkan Sadettin Saran, yar\u0131nki Be\u015fikta\u015f derbisi \u00f6ncesinde de Samand\u0131ra\u2019dayd\u0131. Her f\u0131rsatta tak\u0131m\u0131n birlik, beraberlik i\u00e7inde hareket etmesi gerekti\u011fini savunan ve bunun olmas\u0131 i\u00e7in u\u011fra\u015fan Ba\u015fkan Saran teknik heyet ve oyuncularla yapt\u0131\u011f\u0131 toplant\u0131da derbiyi kazanacaklar\u0131na inanc\u0131n\u0131n tam oldu\u011funu vurgulad\u0131.<\/p>\n<p>Son haftalarda y\u00fckselen bir performanslar\u0131 oldu\u011funu vurgulayan sar\u0131-lacivertli kul\u00fcb\u00fcn patronunun \u015fu ifadeleri kulland\u0131\u011f\u0131 \u00f6\u011frenildi: \u201cSizlere olan inanc\u0131m\u0131 bo\u015fa \u00e7\u0131karmad\u0131n\u0131z. Bu y\u00fczden te\u015fekk\u00fcr ediyorum. \u00dcst \u00fcste ald\u0131\u011f\u0131m\u0131z galibiyetlerin d\u0131\u015f\u0131nda beni sevindiren en \u00f6nemli detay da taraftar\u0131m\u0131z\u0131n istedi\u011fi futbolu ortaya koyman\u0131z. Derbide de ayn\u0131 futbolu oynarsak sahadan \u00fc\u00e7 puanla ayr\u0131l\u0131r\u0131z ve \u00f6n\u00fcm\u00fcz a\u00e7\u0131l\u0131r. Hepimizin istedi\u011fi \u015fampiyonlu\u011fa ula\u015fmam\u0131z i\u00e7in derbi ma\u00e7larda alaca\u011f\u0131m\u0131z sonu\u00e7lar\u0131n \u00f6nemi ayr\u0131 bunu unutmay\u0131n.\u201d<\/p>\n<p>Toplant\u0131 sonunda sar\u0131-lacivertli futbolcular\u0131n da Ba\u015fkan Sadettin Saran\u2019a galibiyet s\u00f6z\u00fc verdi\u011fi ifade edildi. \u00d6te yandan \u00fc\u00e7 ma\u00e7l\u0131k galibiyet priminin d\u0131\u015f\u0131nda Ba\u015fkan Saran ve y\u00f6netimin derbiye de ayr\u0131 bir pirim verece\u011fi bildirildi.<\/p>\n<p><strong>&#8216;\u00d6N\u00dcM\u00dcZ A\u00c7ILIR&#8217;<\/strong><\/p>\n<p>Sar\u0131-lacivertli tak\u0131mda derbi \u00f6ncesi oyuncular da kendi aralar\u0131nda toplant\u0131lar yap\u0131yor. B\u00fct\u00fcn futbolcular \u2018Deplasmanda Be\u015fikta\u015f\u2019\u0131 yenersek \u00f6n\u00fcm\u00fcz a\u00e7\u0131k\u2019 g\u00f6r\u00fc\u015f\u00fcnde birle\u015fti\u011fi \u00f6\u011frenildi. Kaptanlar\u0131n tak\u0131mla ger\u00e7ekle\u015ftirdikleri toplant\u0131larda, \u201cLigde 2\u2019de iki yapt\u0131k, iyi bir \u00e7\u0131k\u0131\u015f yakalad\u0131k. Derbinin atmosferi her zaman farkl\u0131 olur. Bunu hepimiz biliyoruz. Zor olacak ama kazanan biz olaca\u011f\u0131z. Be\u015fikta\u015f\u2019\u0131 yenersek \u00f6n\u00fcm\u00fcz daha da a\u00e7\u0131lacak. Tak\u0131m oyununu en iyi \u015fekilde yans\u0131t\u0131p \u00fc\u00e7 puan\u0131 alal\u0131m\u201d dedi\u011fi bildirildi.<\/p>\n<p><strong>KADROYA G\u00d6RE S\u0130STEM<\/strong><\/p>\n<p>Fenerbah\u00e7e Teknik Direkt\u00f6r\u00fc Tedesco derbinin sistemini ve ilk 11\u2019ini kafas\u0131nda netle\u015ftirdi\u011fi \u00f6\u011frenildi. Be\u015fikta\u015f kar\u015f\u0131s\u0131nda 4-2-3-1\u2019e d\u00f6necek olan \u0130talyan teknik adam bu sistemin sahaya s\u00fcrece\u011fi ilk 11\u2019e daha uygun oldu\u011funu d\u00fc\u015f\u00fcnd\u00fc\u011f\u00fc bildirildi. Ayr\u0131ca Tedesco kazanan kadroyu bozmay\u0131 d\u00fc\u015f\u00fcnm\u00fcyor. Sakat ya da cezal\u0131 oyuncunun olmamas\u0131 gen\u00e7 teknik adam\u0131n elini g\u00fc\u00e7lendirirken, ma\u00e7 i\u00e7inde de hamle yapmas\u0131n\u0131 kolayla\u015ft\u0131racak. Sar\u0131-lacivertli tak\u0131mda kaleyi Ederson koruyacak, savunma hatt\u0131 Semedo-Skriniar-Oosterwolde-Brown d\u00f6rtl\u00fcs\u00fcnden olu\u015facak. Merkez orta sahada iyi bir uyum yakalayan Alvarez\u0130smail Y\u00fcksek ikilisi g\u00f6rev yapacak. Kanatlarda Kerem Akt\u00fcrko\u011flu ile Nene forma giyecek, 10 numarada ise Asensio olacak. Fenerbah\u00e7e, Fasl\u0131 forveti En Nesyri ile de gol arayacak.<\/p>\n\n<p><\/p>\n<p>Kaynak :\u00a0<span style=\"background-color: rgb(255, 249, 236); color: rgb(55, 58, 60); font-size: 14px;\">http:\/\/www.milliyet.com.tr\/skorer\/fenerbahcede-sadettin-saran-derbi-oncesi-harekete-gecti-besiktasi-yenersek-onumuz-daha-da-acilacak-7474996<\/span><\/p>\n","protected":false},"excerpt":{"rendered":"<p>S\u00fcper Lig&#8217;de derbide Be\u015fikta\u015f&#8217;a konuk olacak olan Fenerbah\u00e7e&#8217;de haz\u0131rl\u0131klar devam ederken ba\u015fkan Sadettin Saran dev ma\u00e7 \u00f6ncesinde harekete ge\u00e7ti.<\/p>\n","protected":false},"author":1,"featured_media":135633,"comment_status":"open","ping_status":"open","sticky":false,"template":"","format":"standard","meta":{"footnotes":""},"categories":[7],"tags":[819,9007,3881,263,251],"class_list":["post-135632","post","type-post","status-publish","format-standard","has-post-thumbnail","hentry","category-spor","tag-besiktas","tag-derbi","tag-sari-lacivertli","tag-takim","tag-teknik"],"_links":{"self":[{"href":"https:\/\/kamucalisani.net\/index.php\/wp-json\/wp\/v2\/posts\/135632","targetHints":{"allow":["GET"]}}],"collection":[{"href":"https:\/\/kamucalisani.net\/index.php\/wp-json\/wp\/v2\/posts"}],"about":[{"href":"https:\/\/kamucalisani.net\/index.php\/wp-json\/wp\/v2\/types\/post"}],"author":[{"embeddable":true,"href":"https:\/\/kamucalisani.net\/index.php\/wp-json\/wp\/v2\/users\/1"}],"replies":[{"embeddable":true,"href":"https:\/\/kamucalisani.net\/index.php\/wp-json\/wp\/v2\/comments?post=135632"}],"version-history":[{"count":1,"href":"https:\/\/kamucalisani.net\/index.php\/wp-json\/wp\/v2\/posts\/135632\/revisions"}],"predecessor-version":[{"id":135634,"href":"https:\/\/kamucalisani.net\/index.php\/wp-json\/wp\/v2\/posts\/135632\/revisions\/135634"}],"wp:featuredmedia":[{"embeddable":true,"href":"https:\/\/kamucalisani.net\/index.php\/wp-json\/wp\/v2\/media\/135633"}],"wp:attachment":[{"href":"https:\/\/kamucalisani.net\/index.php\/wp-json\/wp\/v2\/media?parent=135632"}],"wp:term":[{"taxonomy":"category","embeddable":true,"href":"https:\/\/kamucalisani.net\/index.php\/wp-json\/wp\/v2\/categories?post=135632"},{"taxonomy":"post_tag","embeddable":true,"href":"https:\/\/kamucalisani.net\/index.php\/wp-json\/wp\/v2\/tags?post=135632"}],"curies":[{"name":"wp","href":"https:\/\/api.w.org\/{rel}","templated":true}]}}