{"id":135761,"date":"2025-11-01T10:06:08","date_gmt":"2025-11-01T10:06:08","guid":{"rendered":"https:\/\/kamucalisani.net\/?p=135761"},"modified":"2025-11-01T10:06:08","modified_gmt":"2025-11-01T10:06:08","slug":"mhpli-semih-yalcin-terorsuz-turkiye-istikametindeki-cabalari-surdurecegiz","status":"publish","type":"post","link":"https:\/\/kamucalisani.net\/index.php\/2025\/11\/01\/mhpli-semih-yalcin-terorsuz-turkiye-istikametindeki-cabalari-surdurecegiz\/","title":{"rendered":"MHP&#8217;li Semih Yal\u00e7\u0131n: &#8216;Ter\u00f6rs\u00fcz T\u00fcrkiye&#8217; istikametindeki \u00e7abalar\u0131 s\u00fcrd\u00fcrece\u011fiz"},"content":{"rendered":"<p><p>MHP&#8217;li Yal\u00e7\u0131n, yapt\u0131\u011f\u0131 yaz\u0131l\u0131 a\u00e7\u0131klama ile &#8216;Ter\u00f6rs\u00fcz T\u00fcrkiye&#8217; olgusunun devlet politikas\u0131 haline gelmesinin ard\u0131ndan bu y\u00f6nde yap\u0131lan hamlelerin toplumsal temellerinin de sa\u011flamla\u015ft\u0131r\u0131lmas\u0131 y\u00f6n\u00fcndeki giri\u015fimlerin artt\u0131\u011f\u0131n\u0131 belirtti.<\/p>\n<p><strong>\u00c7OK SAYIDA ETK\u0130NL\u0130K HAYATA GE\u00c7\u0130R\u0130LMEKTED\u0130R<\/strong><\/p>\n<p>Partisinin, toplumsal bar\u0131\u015f\u0131n tesisi noktas\u0131nda \u00fczerine d\u00fc\u015fen g\u00f6revi b\u00fcy\u00fck sorumluluk bilinci i\u00e7inde yerine getirdi\u011fini aktaran Yal\u00e7\u0131n, \u201c&#8217;Ter\u00f6rs\u00fcz T\u00fcrkiye&#8217; olgusunu ilk g\u00fcnden itibaren toplumun b\u00fct\u00fcn kesimlerine kal\u0131c\u0131 olarak benimsetmek maksad\u0131yla partimizce \u00e7ok say\u0131da etkinlik d\u00fczenlenmekte ve hayata ge\u00e7irilmektedir. Son olarak partimizin b\u00fct\u00fcn kurul \u00fcyeleriyle milletvekillerinin; il, il\u00e7e ve belde te\u015fkilatlar\u0131n\u0131n, belediye ba\u015fkanlar\u0131n\u0131n etkin olarak kat\u0131ld\u0131\u011f\u0131 geni\u015f kapsaml\u0131 bir yeni faaliyet program\u0131 ba\u015flat\u0131lm\u0131\u015ft\u0131r. Bu kapsamda, 24 Ekim&#8217;den itibaren d\u00fczenlenen &#8216;Hay\u0131rl\u0131 G\u00fcnler Kom\u015fum&#8217; temal\u0131 ziyaretler ve milletimizin b\u00fct\u00fcn kesimleriyle bulu\u015fman\u0131n sa\u011fland\u0131\u011f\u0131 &#8216;Derdiniz Derdimizdir&#8217; konulu sohbetler, co\u015fku ve heyecanla devam etmektedir. Ziyaret ve sohbet toplant\u0131lar\u0131nda; il, il\u00e7e, belde ve k\u00f6ylere var\u0131ncaya kadar yurdun d\u00f6rt yan\u0131nda ev ziyaretleri ger\u00e7ekle\u015ftirilmektedir.<\/p>\n<p>Ayr\u0131ca esnaf, sivil toplum \u00f6rg\u00fctleri ve halk\u0131n \u00e7e\u015fitli kesimleriyle muhtelif mekanlarda bir araya gelinerek talep ve beklentiler kaydedilmektedir. 24 Ekim 2025 tarihinde ba\u015flatt\u0131\u011f\u0131m\u0131z yeni faaliyet ve \u00e7al\u0131\u015fma program\u0131nda bug\u00fcne kadar 55 il ve 599 il\u00e7ede toplam 1435 etkinlik ger\u00e7ekle\u015ftirilmi\u015ftir. Bahse konu ziyaret ve sohbetlere milletimizce yo\u011fun ilgi g\u00f6sterilmektedir. Partimizce d\u00fczenlenen etkinliklere g\u00f6sterilen b\u00fcy\u00fck toplumsal tevecc\u00fch, &#8216;Ter\u00f6rs\u00fcz T\u00fcrkiye&#8217; hamlesinin halka mal oldu\u011funun ve en geni\u015f \u00e7er\u00e7evede kabul g\u00f6rd\u00fc\u011f\u00fcn\u00fcn i\u015faretidir. MHP, &#8216;Ter\u00f6rs\u00fcz T\u00fcrkiye&#8217; olgusu istikametindeki \u00e7abalar\u0131n\u0131 nihai hedefe var\u0131l\u0131ncaya kadar durmaks\u0131z\u0131n s\u00fcrd\u00fcrecektir&#8221; dedi.<\/p>\n\n<p><\/p>\n<p>Kaynak :\u00a0<span style=\"background-color: rgb(255, 249, 236); color: rgb(55, 58, 60); font-size: 14px;\">http:\/\/www.milliyet.com.tr\/gundem\/mhpli-semih-yalcin-terorsuz-turkiye-istikametindeki-cabalari-surdurecegiz-7475157<\/span><\/p>\n","protected":false},"excerpt":{"rendered":"<p>MHP Genel Ba\u015fkan Yard\u0131mc\u0131s\u0131 Semih Yal\u00e7\u0131n, &#8220;MHP, &#8216;Ter\u00f6rs\u00fcz T\u00fcrkiye&#8217; olgusu istikametindeki \u00e7abalar\u0131n\u0131 nihai hedefe var\u0131l\u0131ncaya kadar durmaks\u0131z\u0131n s\u00fcrd\u00fcrecektir&#8221; dedi.<\/p>\n","protected":false},"author":1,"featured_media":135762,"comment_status":"open","ping_status":"open","sticky":false,"template":"","format":"standard","meta":{"footnotes":""},"categories":[3],"tags":[9041,4858],"class_list":["post-135761","post","type-post","status-publish","format-standard","has-post-thumbnail","hentry","category-guncel","tag-etkin","tag-toplum"],"_links":{"self":[{"href":"https:\/\/kamucalisani.net\/index.php\/wp-json\/wp\/v2\/posts\/135761","targetHints":{"allow":["GET"]}}],"collection":[{"href":"https:\/\/kamucalisani.net\/index.php\/wp-json\/wp\/v2\/posts"}],"about":[{"href":"https:\/\/kamucalisani.net\/index.php\/wp-json\/wp\/v2\/types\/post"}],"author":[{"embeddable":true,"href":"https:\/\/kamucalisani.net\/index.php\/wp-json\/wp\/v2\/users\/1"}],"replies":[{"embeddable":true,"href":"https:\/\/kamucalisani.net\/index.php\/wp-json\/wp\/v2\/comments?post=135761"}],"version-history":[{"count":1,"href":"https:\/\/kamucalisani.net\/index.php\/wp-json\/wp\/v2\/posts\/135761\/revisions"}],"predecessor-version":[{"id":135763,"href":"https:\/\/kamucalisani.net\/index.php\/wp-json\/wp\/v2\/posts\/135761\/revisions\/135763"}],"wp:featuredmedia":[{"embeddable":true,"href":"https:\/\/kamucalisani.net\/index.php\/wp-json\/wp\/v2\/media\/135762"}],"wp:attachment":[{"href":"https:\/\/kamucalisani.net\/index.php\/wp-json\/wp\/v2\/media?parent=135761"}],"wp:term":[{"taxonomy":"category","embeddable":true,"href":"https:\/\/kamucalisani.net\/index.php\/wp-json\/wp\/v2\/categories?post=135761"},{"taxonomy":"post_tag","embeddable":true,"href":"https:\/\/kamucalisani.net\/index.php\/wp-json\/wp\/v2\/tags?post=135761"}],"curies":[{"name":"wp","href":"https:\/\/api.w.org\/{rel}","templated":true}]}}